{"id":369313,"date":"2025-09-05T23:38:11","date_gmt":"2025-09-05T23:38:11","guid":{"rendered":"https:\/\/www.europesays.com\/fr\/369313\/"},"modified":"2025-09-05T23:38:11","modified_gmt":"2025-09-05T23:38:11","slug":"la-grande-annonce-de-victorien-en-chanson","status":"publish","type":"post","link":"https:\/\/www.europesays.com\/fr\/369313\/","title":{"rendered":"la grande annonce de Victorien en chanson !"},"content":{"rendered":"<p><img decoding=\"async\" src=\"https:\/\/www.europesays.com\/fr\/wp-content\/uploads\/2025\/09\/photo_1757065944.jpg\" class=\"textcenter img-content\" loading=\"lazy\"\/>Phonogram<br \/>\n<br \/>\nVictorien n&rsquo;a pas m\u00e9nag\u00e9 ses efforts. Depuis sa sortie de la \u00ab\u00a0Star Academy\u00a0\u00bb en 2023, l&rsquo;ancien ostr\u00e9iculteur a tout fait pour r\u00e9aliser son r\u00eave. Sign\u00e9 sur le label Phonogram, le chanteur et slameur a f\u00e9d\u00e9r\u00e9 une belle communaut\u00e9 autour de ses chansons sensibles comme <a href=\"https:\/\/www.chartsinfrance.net\/actualite\/news-128958.html\" target=\"_blank\" class=\"spip_out\" rel=\"nofollow noopener\">\u00ab\u00a0Embrasse-moi\u00a0\u00bb<\/a>, \u00ab\u00a0Les fleurs\u00a0\u00bb, <a href=\"https:\/\/www.chartsinfrance.net\/actualite\/news-130652.html\" target=\"_blank\" class=\"spip_out\" rel=\"nofollow noopener\">\u00ab\u00a0Comme un enfant\u00a0\u00bb<\/a>, <a href=\"https:\/\/www.chartsinfrance.net\/actualite\/news-131444.html\" target=\"_blank\" class=\"spip_out\" rel=\"nofollow noopener\">\u00ab\u00a0Le temps perdu\u00a0\u00bb<\/a> ou <a href=\"https:\/\/www.chartsinfrance.net\/actualite\/news-133083.html\" target=\"_blank\" class=\"spip_out\" rel=\"nofollow noopener\">\u00ab\u00a0Danse dans Paris\u00a0\u00bb<\/a>, tout en \u00e9crivant pour d&rsquo;autres artistes dont Emma (\u00ab\u00a0Barbie\u00a0\u00bb, <a href=\"https:\/\/www.chartsinfrance.net\/actualite\/news-133224.html\" target=\"_blank\" class=\"spip_out\" rel=\"nofollow noopener\">\u00ab\u00a0Bonne ann\u00e9e\u00a0\u00bb<\/a>) et Noah Boisnoir, pass\u00e9s comme lui par le t\u00e9l\u00e9-crochet de TF1. \u00ab J&rsquo;aime bien voir mes chansons comme ma th\u00e9rapie. Et apr\u00e8s, si \u00e7a touche d&rsquo;autres personnes tant mieux. Au fond, quand je l&rsquo;\u00e9cris, il faut vraiment que \u00e7a me fasse du bien \u00bb attestait-il l&rsquo;an dernier <a href=\"https:\/\/www.chartsinfrance.net\/Victorien\/interview-130148.html\" target=\"_blank\" class=\"spip_out\" rel=\"nofollow noopener\">en interview sur Purecharts<\/a> pour la sortie de son premier EP \u00ab\u00a0Me voil\u00e0\u00a0\u00bb.<\/p>\n<p>Le player Dailymotion est en train de se charger&#8230;<\/p>\n<p>Ces compositions, Victorien a pu les tester sur sc\u00e8ne au gr\u00e9 de nombreux concerts un peu partout en France, et sa tourn\u00e9e reprendra tr\u00e8s bient\u00f4t ! Le chanteur de 24 ans repartira sur les routes d\u00e8s le 19 octobre avec des dates programm\u00e9es \u00e0 Li\u00e8ge, Nantes, Bordeaux, Lille, Gen\u00e8ve, Montpellier ou Toulouse, avec un rendez-vous \u00e0 ne manquer : il se produira le 12 novembre au Trianon, \u00e0 Paris. Ce soir-l\u00e0, le public entendra tr\u00e8s certainement les nouvelles chansons de Victorien. Car en coulisses, les choses s&rsquo;acc\u00e9l\u00e8rent ! Sur son compte Instagram, l&rsquo;ancien acad\u00e9micien annonce l&rsquo;arriv\u00e9e de son \u00ab dernier single \u00bb : une fa\u00e7on \u00e9nigmatique d&rsquo;annoncer la suite, qui sera, son label le confirme, un premier album pr\u00e9vu \u00ab pour la fin d&rsquo;ann\u00e9e \u00bb !<\/p>\n<p>\u00ab\u00a0Est-ce qu&rsquo;on serait pas mieux comme \u00e7a ?\u00a0\u00bb<br \/>\nPeu d&rsquo;informations ont filtr\u00e9 sur ce projet tr\u00e8s attendu mais on y retrouvera assur\u00e9ment ce nouveau titre baptis\u00e9 \u00ab\u00a0Mieux comme \u00e7a\u00a0\u00bb, qu&rsquo;il introduit \u00e0 travers une vid\u00e9o o\u00f9 il appara\u00eet enfant. \u00ab \u00c7a, c&rsquo;est moi il y a 23 ans. Je savais pas trop \u00e0 quoi allait ressembler ma vie mais j&rsquo;avais d\u00e9j\u00e0 plein de r\u00eaves pour l&rsquo;avenir. Je voulais devenir dresseur de chevaux, pilote de course, soigneur de dauphins, enfin plein de choses. Et pourtant aujourd&rsquo;hui, j&rsquo;ai pas fait grand-chose de tout \u00e7a. Parfois, je l&rsquo;ai v\u00e9cu comme un \u00e9chec. Et puis un jour, j&rsquo;ai regard\u00e9 derri\u00e8re moi. Je me suis rendu compte de toutes les choses que j&rsquo;avais faites, les petites, les grandes, les nouveaux r\u00eaves que j&rsquo;avais pu accomplir et tous ceux qui m&rsquo;attendaient encore. Et si pour une fois on trinquait \u00e0 ce qu&rsquo;on n&rsquo;\u00e9tait pas devenu parce que finalement, est-ce qu&rsquo;on serait pas mieux comme \u00e7a ? \u00bb confie le chanteur.<\/p>\n<p>Confectionn\u00e9e avec No\u00e9 Trystram, Armand Auclair et Achile, la chanson \u00ab\u00a0Mieux comme \u00e7a\u00a0\u00bb est donc une ode aux destins qui se croisent et changent la trajectoire d&rsquo;une vie. Le chanteur l\u00e8ve son verre \u00ab \u00e0 tout ce qu&rsquo;on ne deviendra pas, \u00e0 tout ce qu&rsquo;on ne sera jamais \u00bb, \u00ab \u00e0 nos r\u00eaves condamn\u00e9s, \u00e0 tout ce qu&rsquo;on ne sera jamais \u00bb sur une m\u00e9lodie pop \u00e0 la guitare. \u00ab Des r\u00eaves on en aura toujours ! C&rsquo;est pas parce que certains n&rsquo;ont jamais vu le jour que c&rsquo;est un \u00e9chec \u00bb insiste-t-il. Un message plein d&rsquo;espoir.<\/p>\n","protected":false},"excerpt":{"rendered":"Phonogram Victorien n&rsquo;a pas m\u00e9nag\u00e9 ses efforts. Depuis sa sortie de la \u00ab\u00a0Star Academy\u00a0\u00bb en 2023, l&rsquo;ancien ostr\u00e9iculteur&hellip;\n","protected":false},"author":2,"featured_media":369314,"comment_status":"","ping_status":"","sticky":false,"template":"","format":"standard","meta":{"footnotes":""},"categories":[1355],"tags":[58,59,1011,27,1361,873],"class_list":{"0":"post-369313","1":"post","2":"type-post","3":"status-publish","4":"format-standard","5":"has-post-thumbnail","7":"category-musique","8":"tag-divertissement","9":"tag-entertainment","10":"tag-fr","11":"tag-france","12":"tag-music","13":"tag-musique"},"share_on_mastodon":{"url":"https:\/\/pubeurope.com\/@fr\/115154328373956389","error":""},"_links":{"self":[{"href":"https:\/\/www.europesays.com\/fr\/wp-json\/wp\/v2\/posts\/369313","targetHints":{"allow":["GET"]}}],"collection":[{"href":"https:\/\/www.europesays.com\/fr\/wp-json\/wp\/v2\/posts"}],"about":[{"href":"https:\/\/www.europesays.com\/fr\/wp-json\/wp\/v2\/types\/post"}],"author":[{"embeddable":true,"href":"https:\/\/www.europesays.com\/fr\/wp-json\/wp\/v2\/users\/2"}],"replies":[{"embeddable":true,"href":"https:\/\/www.europesays.com\/fr\/wp-json\/wp\/v2\/comments?post=369313"}],"version-history":[{"count":0,"href":"https:\/\/www.europesays.com\/fr\/wp-json\/wp\/v2\/posts\/369313\/revisions"}],"wp:featuredmedia":[{"embeddable":true,"href":"https:\/\/www.europesays.com\/fr\/wp-json\/wp\/v2\/media\/369314"}],"wp:attachment":[{"href":"https:\/\/www.europesays.com\/fr\/wp-json\/wp\/v2\/media?parent=369313"}],"wp:term":[{"taxonomy":"category","embeddable":true,"href":"https:\/\/www.europesays.com\/fr\/wp-json\/wp\/v2\/categories?post=369313"},{"taxonomy":"post_tag","embeddable":true,"href":"https:\/\/www.europesays.com\/fr\/wp-json\/wp\/v2\/tags?post=369313"}],"curies":[{"name":"wp","href":"https:\/\/api.w.org\/{rel}","templated":true}]}}