{"id":369315,"date":"2025-09-05T23:39:15","date_gmt":"2025-09-05T23:39:15","guid":{"rendered":"https:\/\/www.europesays.com\/fr\/369315\/"},"modified":"2025-09-05T23:39:15","modified_gmt":"2025-09-05T23:39:15","slug":"les-nouveautes-films-et-series-a-voir-sur-netflix-du-5-au-11-septembre-2025","status":"publish","type":"post","link":"https:\/\/www.europesays.com\/fr\/369315\/","title":{"rendered":"Les nouveaut\u00e9s films et s\u00e9ries \u00e0 voir sur Netflix du 5 au 11 septembre 2025"},"content":{"rendered":"<p><strong>Netflix balance nombre de films et s\u00e9ries dans son catalogue chaque semaine, sans qu\u2019on les remarque ou que la plateforme ne l\u2019annonce officiellement. \u00c9cran Large revient sur les nouveaut\u00e9s ajout\u00e9es par\u00a0<a href=\"https:\/\/www.ecranlarge.com\/c\/streaming\/netflix\" rel=\"nofollow noopener\" target=\"_blank\">Netflix<\/a>\u00a0du 5 au 11 septembre 2025, films et s\u00e9ries confondus dans une liste non exhaustive.<\/strong><\/p>\n<p><strong>Quels sont les films et les s\u00e9ries \u00e0 ne pas manquer cette semaine sur la plateforme de streaming ?<\/strong><\/p>\n<p>N\u00c9GOCIATEUR <\/p>\n<ul class=\"wp-block-list\">\n<li>Disponible le 9 septembre <\/li>\n<li>Dur\u00e9e : 2h20 <\/li>\n<\/ul>\n<p><img loading=\"lazy\" decoding=\"async\" width=\"1200\" height=\"675\" alt=\"Samuel L. Jackson, N\u00e9gociateur\" src=\"https:\/\/www.europesays.com\/fr\/wp-content\/uploads\/2025\/09\/negociateur.jpg\"  \/><\/p>\n<p>\u00ab\u00a0Appuie sur play\u00a0\u00bb<\/p>\n<p><strong>De quoi \u00e7a parle<\/strong> : Accus\u00e9 d\u2019un crime qu\u2019il n\u2019a pas commis, un \u00e9minent n\u00e9gociateur de la police d\u00e9cide de prendre ses coll\u00e8gues en otage. <\/p>\n<p><strong>Pourquoi il faut le regarder <\/strong>: <strong><a href=\"https:\/\/www.ecranlarge.com\/films\/845926-negociateur\" data-type=\"films\" data-id=\"661305\" rel=\"nofollow noopener\" target=\"_blank\">N\u00e9gociateur<\/a> <\/strong>est un thriller qui sent bon les ann\u00e9es 90. Il est port\u00e9 par Samuel L. Jackson et sign\u00e9 <a href=\"https:\/\/www.ecranlarge.com\/personnalite\/659532-f-gary-gray\" data-type=\"people\" data-id=\"20906\" rel=\"nofollow noopener\" target=\"_blank\">F. Gary Gray<\/a> (<strong>Braquage \u00e0 l\u2019italienne<\/strong>, <strong>Fast &amp; Furious 8<\/strong>, <strong>Men in Black: International<\/strong>), qui propose ainsi une autre qu\u00eate de justice personnelle avec un autre personnage accul\u00e9. <\/p>\n<p>Le film reste donc dans la veine de <strong>Que justice soit faite<\/strong>, dans lequel Gerard Butler venge la mort de sa femme et de sa fille de fa\u00e7on peu orthodoxe, et <strong>Le Prix \u00e0 payer<\/strong>, dans lequel Jada Pinkett Smith joue une femme de m\u00e9nage renvoy\u00e9e injustement par son patron et qui d\u00e9cide de braquer des banques avec ses autres coll\u00e8gues, elles aussi \u00e9coeur\u00e9es par le syst\u00e8me. <\/p>\n<p>Le reste de la distribution comprend Kevin Spacey, David Morse, Paul Giamatti, Ron Rifkin\u00a0ou encore John Spencer. <\/p>\n<p>GASTON LAGAFFE <\/p>\n<ul class=\"wp-block-list\">\n<li>Disponible le 10 septembre <\/li>\n<li>Dur\u00e9e : 1h24<\/li>\n<\/ul>\n<p><a href=\"https:\/\/www.ecranlarge.com\/content\/uploads\/2018\/01\/gaston-lagaffe-photo-theo-fernandez-1011655.jpg\" rel=\"nofollow noopener\" target=\"_blank\"><img loading=\"lazy\" decoding=\"async\" alt=\"Gaston Lagaffe : Photo Th\u00e9o Fernandez\" class=\"wp-image-36533\" src=\"https:\/\/www.europesays.com\/fr\/wp-content\/uploads\/2025\/09\/gaston-lagaffe-photo-theo-fernandez-1011655-630x420.jpg\" width=\"630\" height=\"420\"  \/><\/a>M\u2019enfin ?<\/p>\n<p><strong>De quoi \u00e7a parle<\/strong> : Le dirigeant d\u2019une start-up fait tout son possible pour emp\u00eacher un nouveau stagiaire aux inventions loufoques de saboter un important accord commercial, et de semer le chaos. <\/p>\n<p><strong>Pourquoi il faut le regarder<\/strong> : Pour comprendre la notion de \u00ab\u00a0fausse bonne id\u00e9e\u00a0\u00bb. En s\u2019attaquant \u00e0 la bande dessin\u00e9e l\u00e9gendaire de Franquin, Pierre-Fran\u00e7ois Martin-Laval et ses producteurs se doutaient bien qu\u2019ils n\u2019avaient aucun int\u00e9r\u00eat \u00e0 essayer de la recopier. <strong>Ils optent donc pour une approche plus contemporaine<\/strong>, o\u00f9 le h\u00e9ros sans emploi devient stagiaire au service d\u2019une fi\u00e8re filiale de la start-up nation.<\/p>\n<p>Apr\u00e8s tout, pourquoi pas ? Le h\u00e9ros de Franquin a toujours incarn\u00e9 une certaine critique du monde du travail, hostile aux r\u00eaveurs et aux ing\u00e9nieux sans complexes. Sauf que <a href=\"https:\/\/www.ecranlarge.com\/films\/1011649-gaston-lagaffe\" data-type=\"films\" data-id=\"686758\" rel=\"nofollow noopener\" target=\"_blank\"><strong>Gaston Lagaffe<\/strong><\/a> ne fait absolument rien de ces choix. <strong>Pire, c\u2019est une com\u00e9die affligeante de nullit\u00e9<\/strong>, qui \u00e9choue lamentablement \u00e0 retrouver l\u2019ing\u00e9niosit\u00e9 de l\u2019auteur, ou m\u00eame un semblant de tempo comique. Comme d\u2019habitude, seuls comptent une poign\u00e9e de gimmick et un d\u00e9fil\u00e9 de stars de la com\u00e9die. Parfois, il faut savoir refuser d\u2019adapter certaines \u0153uvres, quand bien m\u00eame le potentiel commercial est av\u00e9r\u00e9. RGNTDJUUUUUU !!!<\/p>\n<p>LES MORTES <\/p>\n<ul class=\"wp-block-list\">\n<li>Disponible le 10 septembre <\/li>\n<li>Dur\u00e9e : 6 \u00e9pisodes de 45 minutes<\/li>\n<\/ul>\n<p><strong>De quoi \u00e7a parle<\/strong> : L\u2019histoire des s\u0153urs Baladro, patronnes d\u2019une cha\u00eene de maisons closes et tueuses sans piti\u00e9 dans le Mexique des ann\u00e9es 60. <\/p>\n<p><a href=\"https:\/\/www.netflix.com\/fr\/title\/81676312#:~:text=L&#039;histoire%20des%20s%C5%93urs%20Baladro,du%20roman%20de%20Jorge%20Ibarg%C3%BCengoitia.\" target=\"_blank\" rel=\"noopener nofollow\"><strong>Pourquoi il faut regarder<\/strong> : Cette mini-s\u00e9rie tir\u00e9e du roman \u00e9ponyme de Jorge Ibarg\u00fcengoitia publi\u00e9 en 1977 promet de secouer la plateforme. <strong>Meurtres, scandales, violences mais aussi combats en tout genre<\/strong>, rien ne semble calme dans la communaut\u00e9 de ces femmes au business sulfureux. Si la bande-annonce promet moult rebondissements impliquant toute une galerie de personnages survolt\u00e9s, on y trouve aussi <strong>du second degr\u00e9 et un ton d\u00e9cal\u00e9 qui d\u00e9concerte<\/strong>.<\/p>\n<p>Au casting, on retrouve Paulina Gait\u00e1n et Joaqu\u00edn Cos\u00edotous les deux vus dans <strong>Narcos<\/strong>, ainsi que Alfonso Herrera (le commandant Cassius dans <strong>Rebel Moon<\/strong> et Javi dans <strong>Ozark<\/strong>). Drame explosif d\u00e9conseill\u00e9 au moins de 16 ans, la mini-s\u00e9rie risque de faire des d\u00e9g\u00e2ts.<\/p>\n<p>MAIS AUSSI\u2026<\/p>\n<p>La revanche des c\u0153urs bris\u00e9s, Entre amis, BLOOM, Un poisson rouge, un poisson bleu, Kiss or Die, Qui est Charlie ? Tout sur Mr Sheen, Pour le meilleur et pour l\u2019aveugle, Love is Blind : Br\u00e9sil, Beauty in black<\/p>\n","protected":false},"excerpt":{"rendered":"Netflix balance nombre de films et s\u00e9ries dans son catalogue chaque semaine, sans qu\u2019on les remarque ou que&hellip;\n","protected":false},"author":2,"featured_media":369316,"comment_status":"","ping_status":"","sticky":false,"template":"","format":"standard","meta":{"footnotes":""},"categories":[1354],"tags":[58,59,1346,1011,27,1360],"class_list":{"0":"post-369315","1":"post","2":"type-post","3":"status-publish","4":"format-standard","5":"has-post-thumbnail","7":"category-films","8":"tag-divertissement","9":"tag-entertainment","10":"tag-films","11":"tag-fr","12":"tag-france","13":"tag-movies"},"share_on_mastodon":{"url":"https:\/\/pubeurope.com\/@fr\/115154332116194462","error":""},"_links":{"self":[{"href":"https:\/\/www.europesays.com\/fr\/wp-json\/wp\/v2\/posts\/369315","targetHints":{"allow":["GET"]}}],"collection":[{"href":"https:\/\/www.europesays.com\/fr\/wp-json\/wp\/v2\/posts"}],"about":[{"href":"https:\/\/www.europesays.com\/fr\/wp-json\/wp\/v2\/types\/post"}],"author":[{"embeddable":true,"href":"https:\/\/www.europesays.com\/fr\/wp-json\/wp\/v2\/users\/2"}],"replies":[{"embeddable":true,"href":"https:\/\/www.europesays.com\/fr\/wp-json\/wp\/v2\/comments?post=369315"}],"version-history":[{"count":0,"href":"https:\/\/www.europesays.com\/fr\/wp-json\/wp\/v2\/posts\/369315\/revisions"}],"wp:featuredmedia":[{"embeddable":true,"href":"https:\/\/www.europesays.com\/fr\/wp-json\/wp\/v2\/media\/369316"}],"wp:attachment":[{"href":"https:\/\/www.europesays.com\/fr\/wp-json\/wp\/v2\/media?parent=369315"}],"wp:term":[{"taxonomy":"category","embeddable":true,"href":"https:\/\/www.europesays.com\/fr\/wp-json\/wp\/v2\/categories?post=369315"},{"taxonomy":"post_tag","embeddable":true,"href":"https:\/\/www.europesays.com\/fr\/wp-json\/wp\/v2\/tags?post=369315"}],"curies":[{"name":"wp","href":"https:\/\/api.w.org\/{rel}","templated":true}]}}