{"id":369319,"date":"2025-09-05T23:42:10","date_gmt":"2025-09-05T23:42:10","guid":{"rendered":"https:\/\/www.europesays.com\/fr\/369319\/"},"modified":"2025-09-05T23:42:10","modified_gmt":"2025-09-05T23:42:10","slug":"ebony-candice-anisha-evincees-du-showcase-de-la-star-academy-les-fans-fous-de-rage","status":"publish","type":"post","link":"https:\/\/www.europesays.com\/fr\/369319\/","title":{"rendered":"Ebony, Candice, Anisha, \u00e9vinc\u00e9es du showcase de la \u00ab\u00a0Star Academy\u00a0\u00bb : les fans fous de rage"},"content":{"rendered":"<p>Si l\u2019\u00e9v\u00e9nement est cens\u00e9 faire plaisir \u00e0 tous les fans du programme, il suscite pourtant la pol\u00e9mique chez certains. \u00c0 quelques mois du lancement de la nouvelle saison de la <strong>\u00ab\u00a0Star Academy\u00a0\u00bb<\/strong>, un showcase avec plusieurs stars des derni\u00e8res saisons va se tenir au Grand Rex.<\/p>\n<p>Le 29 septembre prochain, l\u2019embl\u00e9matique complexe de cin\u00e9ma et de spectacles situ\u00e9 \u00e0 Paris va accueillir plusieurs anciens candidats du programme. Ces derniers vont interpr\u00e9ter plusieurs titres devenus cultes devant plusieurs fans, accompagn\u00e9s du corps professoral et des animateurs embl\u00e9matiques de l\u2019\u00e9mission.<\/p>\n<p>En effet, <a href=\"https:\/\/www.public.fr\/tag\/nikos-aliagas\" target=\"_blank\" rel=\"noopener\">Nikos Aliagas<\/a> et Karima Charni vont bel et bien \u00eatre pr\u00e9sents \u00e0 l\u2019\u00e9v\u00e9nement, comme Michael Goldman. Le compte Instagram de TF1, mais aussi de la <strong>\u00ab\u00a0Star Academy\u00a0\u00bb<\/strong>, a confirm\u00e9 la nouvelle dans une publication post\u00e9e ce vendredi 5 septembre 2025.<\/p>\n<p>Un showcase avant le lancement de la nouvelle saison de la \u00ab\u00a0Star Academy\u00a0\u00bb<\/p>\n<p>\u00ab\u00a0\u00c0 l\u2019occasion du lancement tr\u00e8s attendu de la nouvelle saison de la Star Academy sur TF1 et TF1+, tentez de participer \u00e0 un showcase \u00e9v\u00e9nement le 29 septembre au Grand Rex \u00e0 Paris en pr\u00e9sence de Nikos Aliagas, Karima Charni, Michael Goldman, des anciens acad\u00e9miciens et du corps professoral !\u00a0\u00bb, peut-on lire en l\u00e9gende.<\/p>\n<p>Lorsqu\u2019on se penche sur le communiqu\u00e9 publi\u00e9, nous pouvons d\u00e9couvrir quels chanteurs vont prendre part \u00e0 l\u2019\u00e9v\u00e9nement \u00e0 venir. <a href=\"https:\/\/www.public.fr\/tag\/pierre-garnier\" target=\"_blank\" rel=\"noopener\">Pierre Garnier<\/a>, le gagnant de l\u2019\u00e9dition 2023, <a href=\"https:\/\/www.public.fr\/tag\/marine-delplace\" target=\"_blank\" rel=\"noopener\">Marine<\/a> la gagnante de l\u2019\u00e9dition 2024, ainsi qu\u2019Helena, Marguerite, L\u00e9nie, Julien Lieb, <a href=\"https:\/\/vsd.fr\/72530-vous-etes-serieux-ou-quoi-charles-star-academy-particulierement-vexe-apres-une-remarque-de-lucie-bernardoni\/\" target=\"_blank\" rel=\"noopener\">Charles Dor\u00e9<\/a> et Victorien, devraient \u00eatre pr\u00e9sents.\u00a0<\/p>\n<p>Les deux derniers gagnants de la <strong>\u00ab\u00a0Star Academy\u00a0\u00bb<\/strong> devraient commencer \u00e0 chanter \u00e0 partir de 20 heures. Ces derniers devraient interpr\u00e9ter leurs plus grands tubes avec les autres \u00e9l\u00e8ves qui ont marqu\u00e9 les derni\u00e8res \u00e9ditions.<\/p>\n<p>Ebony, Candice, et Anisha, absentes, les fans enragent<\/p>\n<p>Si l\u2019\u00e9v\u00e9nement a de quoi r\u00e9jouir les fans de la <strong>\u00ab\u00a0Star Academy\u00a0\u00bb<\/strong>, l\u2019absence de certains candidats n\u2019a fait que rendre fous de rages nombre d\u2019internautes. En effet, <a href=\"https:\/\/www.public.fr\/tag\/ebony-cham\" target=\"_blank\" rel=\"noopener\">Ebony<\/a>, Candice, ou encore Anisha, pourtant gagnante de l\u2019\u00e9dition 2023, ne vont pas assister \u00e0 la soir\u00e9e.<\/p>\n<p>Il n\u2019en fallait pas moins aux internautes pour faire part de leur col\u00e8re et crier au racisme. \u00ab\u00a0<strong>On sait tous pourquoi elles sont boycott\u00e9es<\/strong>. Surtout Ebony mort de rire\u00a0\u00bb, \u00ab\u00a0Ni Candice ni Ebony alors qu\u2019elles ont marqu\u00e9 les 2 promos MDRR <strong>au moins ils font plus semblant\u00a0\u00bb<\/strong>, \u00ab\u00a0Il manque Ebony et Candice principalement\u00a0\u00bb, \u00ab\u00a0Le boycott de la Star Academy sur Ebony a d\u00e9j\u00e0 commenc\u00e9 mdr jusqu\u2019\u00e0 ce qu\u2019ils aient mis Victorien\u00a0\u00bb, \u00ab\u00a0<strong>Ils n\u2019ont m\u00eame pas mis Anisha<\/strong> pour faire un minimum semblant\u00a0\u00bb, ont d\u00e9plor\u00e9 nombre d\u2019internautes.<\/p>\n<p>      Mentionn\u00e9s dans cet article<\/p>\n<p>      Sur le m\u00eame sujet<\/p>\n","protected":false},"excerpt":{"rendered":"Si l\u2019\u00e9v\u00e9nement est cens\u00e9 faire plaisir \u00e0 tous les fans du programme, il suscite pourtant la pol\u00e9mique chez&hellip;\n","protected":false},"author":2,"featured_media":369320,"comment_status":"","ping_status":"","sticky":false,"template":"","format":"standard","meta":{"footnotes":""},"categories":[8],"tags":[58,14423,59,1011,27,8520,10827,5096,5095,199],"class_list":{"0":"post-369319","1":"post","2":"type-post","3":"status-publish","4":"format-standard","5":"has-post-thumbnail","7":"category-divertissement","8":"tag-divertissement","9":"tag-ebony-cham","10":"tag-entertainment","11":"tag-fr","12":"tag-france","13":"tag-marine-delplace","14":"tag-nikos-aliagas","15":"tag-pierre-garnier","16":"tag-star-academy","17":"tag-tf1"},"share_on_mastodon":{"url":"https:\/\/pubeurope.com\/@fr\/115154344027183749","error":""},"_links":{"self":[{"href":"https:\/\/www.europesays.com\/fr\/wp-json\/wp\/v2\/posts\/369319","targetHints":{"allow":["GET"]}}],"collection":[{"href":"https:\/\/www.europesays.com\/fr\/wp-json\/wp\/v2\/posts"}],"about":[{"href":"https:\/\/www.europesays.com\/fr\/wp-json\/wp\/v2\/types\/post"}],"author":[{"embeddable":true,"href":"https:\/\/www.europesays.com\/fr\/wp-json\/wp\/v2\/users\/2"}],"replies":[{"embeddable":true,"href":"https:\/\/www.europesays.com\/fr\/wp-json\/wp\/v2\/comments?post=369319"}],"version-history":[{"count":0,"href":"https:\/\/www.europesays.com\/fr\/wp-json\/wp\/v2\/posts\/369319\/revisions"}],"wp:featuredmedia":[{"embeddable":true,"href":"https:\/\/www.europesays.com\/fr\/wp-json\/wp\/v2\/media\/369320"}],"wp:attachment":[{"href":"https:\/\/www.europesays.com\/fr\/wp-json\/wp\/v2\/media?parent=369319"}],"wp:term":[{"taxonomy":"category","embeddable":true,"href":"https:\/\/www.europesays.com\/fr\/wp-json\/wp\/v2\/categories?post=369319"},{"taxonomy":"post_tag","embeddable":true,"href":"https:\/\/www.europesays.com\/fr\/wp-json\/wp\/v2\/tags?post=369319"}],"curies":[{"name":"wp","href":"https:\/\/api.w.org\/{rel}","templated":true}]}}