{"id":369321,"date":"2025-09-05T23:43:10","date_gmt":"2025-09-05T23:43:10","guid":{"rendered":"https:\/\/www.europesays.com\/fr\/369321\/"},"modified":"2025-09-05T23:43:10","modified_gmt":"2025-09-05T23:43:10","slug":"ou-et-comment-observer-leclipse-lunaire-totale-en-france-ce-dimanche","status":"publish","type":"post","link":"https:\/\/www.europesays.com\/fr\/369321\/","title":{"rendered":"o\u00f9 et comment observer l&rsquo;\u00e9clipse lunaire totale en France ce dimanche?"},"content":{"rendered":"<p>R\u00e9sultat du passage de la Terre entre la Lune et le Soleil, cette \u00ab\u00a0lune de sang\u00a0\u00bb ne surviendra que durant quelques heures. Le spectacle pourra \u00eatre partiellement observ\u00e9 depuis l&rsquo;Europe, ainsi qu&rsquo;en ligne.<\/p>\n<p>Une spectaculaire \u00e9clipse lunaire totale, appel\u00e9e \u00ab\u00a0lune de sang\u00a0\u00bb, se d\u00e9roulera les dimanche 7 septembre. Il s&rsquo;agit du second ph\u00e9nom\u00e8ne du genre de l&rsquo;ann\u00e9e apr\u00e8s celui observ\u00e9 en mars, qui ne pourra pas \u00eatre admir\u00e9 de la m\u00eame fa\u00e7on aux quatre coins du globe.<\/p>\n<p>Une Lune dans l&rsquo;ombre de la Terre<\/p>\n<p><a href=\"https:\/\/www.bfmtv.com\/sciences\/infographie-quels-sont-les-phenomenes-lunaires-les-plus-rares_AN-201807260074.html\" title=\"INFOGRAPHIE \u2013 Quels sont les ph\u00e9nom\u00e8nes lunaires les plus rares?\" class=\"internal_link\" rel=\"nofollow noopener\" target=\"_blank\">Une \u00e9clipse lunaire totale<\/a> survient gr\u00e2ce \u00e0 un jeu de mouvement entre les plan\u00e8tes et satellites. La Terre doit passer entre la Lune et le Soleil, projetant son ombre sur la surface lunaire.<\/p>\n<p>\u00ab\u00a0L&rsquo;orbite inclin\u00e9e de la Lune nous emp\u00eache d&rsquo;assister \u00e0 une \u00e9clipse lunaire totale chaque mois pendant la phase de pleine lune. Mais, environ trois fois par an, la m\u00e9canique orbitale s&rsquo;allie pour aligner parfaitement la Terre, la Lune et le Soleil\u00a0\u00bb, pr\u00e9cise le site <a href=\"https:\/\/www.space.com\/stargazing\/lunar-eclipses\/one-week-until-blood-moon-total-lunar-eclipse-sept-7-2025\" target=\"_blank\" class=\"external_link\" rel=\"nofollow noopener\">Space.com<\/a>.<\/p>\n<p>Les chanceux qui pourront l&rsquo;observer constateront que la lune prendra une teinte rouge lorsqu&rsquo;elle glissera dans l&rsquo;ombre de la Terre. Cette lueur provient de la diffusion de Rayleigh: les longueurs d&rsquo;onde bleues de la lumi\u00e8re solaire sont d\u00e9vi\u00e9es par l&rsquo;atmosph\u00e8re terrestre et les longueurs d&rsquo;onde rouges, qui sont plus longues, pourront passer.<\/p>\n<p>Comment observer l&rsquo;\u00e9clipse lunaire totale?<\/p>\n<p>Cette lune de sang commencera ce dimanche \u00e0 15h28 GMT, soit 17h28 \u00e0 Paris. L&rsquo;ombre de la Terre recouvrera enti\u00e8rement la Lune environ deux heures plus tard, et le ph\u00e9nom\u00e8ne durera 82 minutes.<\/p>\n<p>Si chaque phase de l&rsquo;\u00e9clipse lunaire totale se d\u00e9roulera au m\u00eame moment pour tout le monde, chacun observera ce spectacle cosmique sous diff\u00e9rents angles, selon la position de la Lune au-dessus de l&rsquo;horizon et selon leur propre localisation.<\/p>\n<p>La totalit\u00e9 de ce moment rare pourra \u00eatre admir\u00e9e, sous r\u00e9serve de la pr\u00e9sence de peu de nuages, sur les territoires de l&rsquo;oc\u00e9an Indien, comme l&rsquo;\u00eele Maurice, la R\u00e9union, les Seychelles ou les Maldives. Elle ne sera toutefois perceptible qu&rsquo;en partie depuis l&rsquo;Europe, pr\u00e9cise l&rsquo;Observatoire de Paris.<\/p>\n<p>Pour d\u00e9couvrir ce qui sera visible selon sa localisation, <a href=\"https:\/\/ssp.imcce.fr\/forms\/lunar-eclipses\/2025-09-07\" target=\"_blank\" class=\"external_link\" rel=\"nofollow noopener\">une plateforme<\/a> a \u00e9t\u00e9 mise en place. Diff\u00e9rents observatoires retransmetteront le spectacle en direct, \u00e0 l&rsquo;image du <a href=\"https:\/\/www.virtualtelescope.eu\/webtv\/\" target=\"_blank\" class=\"external_link\" rel=\"nofollow noopener\">Virtual Telescope Project<\/a>. Les images seront diffus\u00e9es d\u00e8s 19h45.<\/p>\n","protected":false},"excerpt":{"rendered":"R\u00e9sultat du passage de la Terre entre la Lune et le Soleil, cette \u00ab\u00a0lune de sang\u00a0\u00bb ne surviendra&hellip;\n","protected":false},"author":2,"featured_media":369322,"comment_status":"","ping_status":"","sticky":false,"template":"","format":"standard","meta":{"footnotes":""},"categories":[7],"tags":[1011,27,43,40,41,39,42,44],"class_list":{"0":"post-369321","1":"post","2":"type-post","3":"status-publish","4":"format-standard","5":"has-post-thumbnail","7":"category-sciences-et-technologies","8":"tag-fr","9":"tag-france","10":"tag-science","11":"tag-science-and-technology","12":"tag-sciences","13":"tag-sciences-et-technologies","14":"tag-technologies","15":"tag-technology"},"share_on_mastodon":{"url":"https:\/\/pubeurope.com\/@fr\/115154347879386798","error":""},"_links":{"self":[{"href":"https:\/\/www.europesays.com\/fr\/wp-json\/wp\/v2\/posts\/369321","targetHints":{"allow":["GET"]}}],"collection":[{"href":"https:\/\/www.europesays.com\/fr\/wp-json\/wp\/v2\/posts"}],"about":[{"href":"https:\/\/www.europesays.com\/fr\/wp-json\/wp\/v2\/types\/post"}],"author":[{"embeddable":true,"href":"https:\/\/www.europesays.com\/fr\/wp-json\/wp\/v2\/users\/2"}],"replies":[{"embeddable":true,"href":"https:\/\/www.europesays.com\/fr\/wp-json\/wp\/v2\/comments?post=369321"}],"version-history":[{"count":0,"href":"https:\/\/www.europesays.com\/fr\/wp-json\/wp\/v2\/posts\/369321\/revisions"}],"wp:featuredmedia":[{"embeddable":true,"href":"https:\/\/www.europesays.com\/fr\/wp-json\/wp\/v2\/media\/369322"}],"wp:attachment":[{"href":"https:\/\/www.europesays.com\/fr\/wp-json\/wp\/v2\/media?parent=369321"}],"wp:term":[{"taxonomy":"category","embeddable":true,"href":"https:\/\/www.europesays.com\/fr\/wp-json\/wp\/v2\/categories?post=369321"},{"taxonomy":"post_tag","embeddable":true,"href":"https:\/\/www.europesays.com\/fr\/wp-json\/wp\/v2\/tags?post=369321"}],"curies":[{"name":"wp","href":"https:\/\/api.w.org\/{rel}","templated":true}]}}