{"id":369323,"date":"2025-09-05T23:44:12","date_gmt":"2025-09-05T23:44:12","guid":{"rendered":"https:\/\/www.europesays.com\/fr\/369323\/"},"modified":"2025-09-05T23:44:12","modified_gmt":"2025-09-05T23:44:12","slug":"la-police-de-limmigration-de-trump-arrete-des-centaines-de-personnes-lors-dun-raid-dans-une-usine-hyundai-lg","status":"publish","type":"post","link":"https:\/\/www.europesays.com\/fr\/369323\/","title":{"rendered":"La police de l\u2019immigration de Trump arr\u00eate des centaines de personnes lors d\u2019un raid dans une usine Hyundai-LG"},"content":{"rendered":"<p>        <img decoding=\"async\" loading=\"lazy\" src=\"https:\/\/www.europesays.com\/fr\/wp-content\/uploads\/2025\/09\/f7f06ea_upload-1-x7m17qh4y01c-afp-20250614-62ce7b3-v2-highres-uspoliticsimmigrationprotest.jpg\"  width=\"728\" height=\"409\" alt=\"Pr\u00e8s de 500\u00a0personnes, en majorit\u00e9 des Sud-Cor\u00e9ens, ont \u00e9t\u00e9 arr\u00eat\u00e9es dans une usine Hyundai-LG, situ\u00e9e dans l\u2019\u00c9tat de G\u00e9orgie.\"\/>  <\/p>\n<p>ETIENNE LAURENT \/ AFP<\/p>\n<p>Pr\u00e8s de 500\u00a0personnes, en majorit\u00e9 des Sud-Cor\u00e9ens, ont \u00e9t\u00e9 arr\u00eat\u00e9es dans une usine Hyundai-LG, situ\u00e9e dans l\u2019\u00c9tat de G\u00e9orgie.<\/p>\n<p class=\"asset asset-text\">INTERNATIONAL &#8211; Coup de filet in\u00e9dit pour l\u2019ICE. Les <a href=\"https:\/\/www.huffingtonpost.fr\/international\/article\/nouveau-camouflet-judiciaire-pour-trump-qui-voulait-expulser-des-centaines-d-enfants_254231.html\" rel=\"nofollow noopener\" target=\"_blank\">d\u00e9sirs de Donald Trump d\u2019expulser un maximum d\u2019\u00e9trangers<\/a> du territoire am\u00e9ricain ont pris une toute nouvelle ampleur jeudi 4\u00a0septembre dans le cadre d\u2019une grande <a href=\"https:\/\/www.huffingtonpost.fr\/international\/video\/aux-etats-unis-face-aux-raids-d-ice-dans-les-ecoles-les-professeurs-se-mobilisent-sur-tiktok_245225.html\" rel=\"nofollow noopener\" target=\"_blank\">op\u00e9ration men\u00e9e par la police de l\u2019immigration<\/a> dans une usine de l\u2019\u00c9tat de G\u00e9orgie.<\/p>\n<p class=\"asset asset-text\">Dans cette usine de fabrication de batteries des groupes sud-cor\u00e9ens Hyundai et LG, pr\u00e8s de 500 personnes, dont une majorit\u00e9 de Sud-Cor\u00e9ens, ont \u00e9t\u00e9 arr\u00eat\u00e9es par le Service de l\u2019immigration et des douanes am\u00e9ricain (ICE). Ils sont soup\u00e7onn\u00e9s de travailler ill\u00e9galement aux \u00c9tats-Unis, comme le rapportent le<a href=\"https:\/\/www.nytimes.com\/2025\/09\/05\/us\/georgia-battery-plant-hyundai-lg-ice-raid.html\" target=\"_blank\" rel=\"noopener nofollow\" title=\"Nouvelle fen\u00eatre\"> New York Time<\/a>s et <a href=\"https:\/\/edition.cnn.com\/2025\/09\/05\/us\/georgia-plant-ice-raid-hundreds-arrested-hnk\" target=\"_blank\" rel=\"noopener nofollow\" title=\"Nouvelle fen\u00eatre\">CNN<\/a>.<\/p>\n<p class=\"asset asset-text\">Le raid, men\u00e9 jeudi, r\u00e9sulte d\u2019une \u00ab\u00a0enqu\u00eate p\u00e9nale li\u00e9e \u00e0 des accusations de pratiques d\u2019embauche ill\u00e9gales et \u00e0 de graves infractions f\u00e9d\u00e9rales\u00a0\u00bb, a expliqu\u00e9 ce vendredi 5\u00a0septembre Steven Schrank, un agent du service d\u2019enqu\u00eates du minist\u00e8re am\u00e9ricain de l\u2019Int\u00e9rieur, au cours d\u2019une conf\u00e9rence de presse. Il s\u2019agit de \u00ab\u00a0la plus importante op\u00e9ration des forces de l\u2019ordre sur un m\u00eame site de toute l\u2019histoire du service des \u201cHomeland Security Investigations\u201d (\u201cEnqu\u00eates sur la s\u00e9curit\u00e9 int\u00e9rieure\u201d)\u00a0\u00bb, a-t-il affirm\u00e9.<\/p>\n<p> La lecture de ce contenu est susceptible d\u2019entra\u00eener un d\u00e9p\u00f4t de cookies de la part de l\u2019op\u00e9rateur tiers qui l\u2019h\u00e9berge. Compte-tenu des choix que vous avez exprim\u00e9s en mati\u00e8re de d\u00e9p\u00f4t de cookies, nous avons bloqu\u00e9 l\u2019affichage de ce contenu. Si vous souhaitez y acc\u00e9der, vous devez accepter la cat\u00e9gorie de cookies \u201cContenus tiers\u201d en cliquant sur le bouton ci-dessous. <\/p>\n<p> Lire la Vid\u00e9o        <\/p>\n<p class=\"asset asset-text\">Selon lui, les 475 personnes arr\u00eat\u00e9es dans cette usine de la ville d\u2019Ellabell, se \u00ab\u00a0trouvaient aux \u00c9tats-Unis de mani\u00e8re ill\u00e9gale\u00a0\u00bb et \u00ab\u00a0travaillaient ill\u00e9galement\u00a0\u00bb, soulignant au passage que la \u00ab\u00a0majorit\u00e9\u00a0\u00bb d\u2019entre elles \u00e9taient de nationalit\u00e9 sud-cor\u00e9enne.<\/p>\n<p>                     Inqui\u00e9tudes \u00e0 S\u00e9oul    <\/p>\n<p class=\"asset asset-text\">Sollicit\u00e9 par l\u2019AFP aux \u00c9tats-Unis, le constructeur automobile a r\u00e9pondu \u00eatre \u00ab\u00a0au courant du r\u00e9cent incident\u00a0\u00bb dans cette usine, \u00ab\u00a0surveiller \u00e9troitement la situation et s\u2019employer \u00e0 comprendre les circonstances sp\u00e9cifiques\u00a0\u00bb de cette affaire. De son c\u00f4t\u00e9, LG Energy Solution a affirm\u00e9 suivre \u00ab\u00a0de pr\u00e8s la situation et recueillir toutes les informations pertinentes\u00a0\u00bb. \u00ab\u00a0Notre priorit\u00e9 absolue est toujours d\u2019assurer la s\u00e9curit\u00e9 et le bien-\u00eatre de nos employ\u00e9s et de nos partenaires. Nous coop\u00e9rerons pleinement avec les autorit\u00e9s comp\u00e9tentes\u00a0\u00bb, a ajout\u00e9 l\u2019entreprise.<\/p>\n<p class=\"asset asset-text\">\u00ab\u00a0\u00c0 ce stade, nous comprenons qu\u2019aucune des personnes d\u00e9tenues n\u2019\u00e9tait directement employ\u00e9e par le groupe Hyundai\u00a0\u00bb, a poursuivi l\u2019agent Steven Schrank, assurant donner \u00ab\u00a0priorit\u00e9 \u00e0 la s\u00e9curit\u00e9 et au bien-\u00eatre de quiconque travaille sur ce site et au respect de toutes les l\u00e9gislations et r\u00e9glementations\u00a0\u00bb.<\/p>\n<p class=\"asset asset-text\">Une source proche du dossier avait d\u2019abord annonc\u00e9 qu\u2019\u00ab\u00a0environ 300 Sud-Cor\u00e9ens\u00a0\u00bb avaient \u00e9t\u00e9 arr\u00eat\u00e9s pendant une op\u00e9ration du ICE sur un site commun \u00e0 Hyundai et LG en G\u00e9orgie. De son c\u00f4t\u00e9, l\u2019agence de presse sud-cor\u00e9enne Yonhap avait \u00e9crit que l\u2019ICE avait interpell\u00e9 jusqu\u2019\u00e0 450 personnes au total. Et le minist\u00e8re sud-cor\u00e9en des Affaires \u00e9trang\u00e8res avait \u00e9galement fait d\u2019\u00e9tat d\u2019une descente de police sur le \u00ab\u00a0site d\u2019une usine de batteries d\u2019une entreprise (sud-cor\u00e9enne) en G\u00e9orgie\u00a0\u00bb. \u00ab\u00a0Plusieurs ressortissants cor\u00e9ens ont \u00e9t\u00e9 plac\u00e9s en d\u00e9tention\u00a0\u00bb, avait simplement ajout\u00e9 Lee Jae-woong, le porte-parole du minist\u00e8re.<\/p>\n<p class=\"asset asset-text\">S\u00e9oul a envoy\u00e9 du personnel diplomatique sur place, avec notamment pour mission de cr\u00e9er un groupe de travail afin de faire face \u00e0 la situation. Les autorit\u00e9s sud-cor\u00e9ennes ont \u00e9galement fait part \u00e0 l\u2019ambassade des \u00c9tats-Unis \u00e0 S\u00e9oul \u00ab\u00a0de (leur) inqui\u00e9tude et de (leurs) regrets\u00a0\u00bb concernant cette affaire.<\/p>\n","protected":false},"excerpt":{"rendered":"ETIENNE LAURENT \/ AFP Pr\u00e8s de 500\u00a0personnes, en majorit\u00e9 des Sud-Cor\u00e9ens, ont \u00e9t\u00e9 arr\u00eat\u00e9es dans une usine Hyundai-LG,&hellip;\n","protected":false},"author":2,"featured_media":369324,"comment_status":"","ping_status":"","sticky":false,"template":"","format":"standard","meta":{"footnotes":""},"categories":[6],"tags":[35,5640,75,33,34,73,1011,27,1061,14],"class_list":{"0":"post-369323","1":"post","2":"type-post","3":"status-publish","4":"format-standard","5":"has-post-thumbnail","7":"category-economie","8":"tag-business","9":"tag-coree-du-sud","10":"tag-donald-trump","11":"tag-economie","12":"tag-economy","13":"tag-etats-unis","14":"tag-fr","15":"tag-france","16":"tag-immigration","17":"tag-international"},"share_on_mastodon":{"url":"https:\/\/pubeurope.com\/@fr\/115154352135756228","error":""},"_links":{"self":[{"href":"https:\/\/www.europesays.com\/fr\/wp-json\/wp\/v2\/posts\/369323","targetHints":{"allow":["GET"]}}],"collection":[{"href":"https:\/\/www.europesays.com\/fr\/wp-json\/wp\/v2\/posts"}],"about":[{"href":"https:\/\/www.europesays.com\/fr\/wp-json\/wp\/v2\/types\/post"}],"author":[{"embeddable":true,"href":"https:\/\/www.europesays.com\/fr\/wp-json\/wp\/v2\/users\/2"}],"replies":[{"embeddable":true,"href":"https:\/\/www.europesays.com\/fr\/wp-json\/wp\/v2\/comments?post=369323"}],"version-history":[{"count":0,"href":"https:\/\/www.europesays.com\/fr\/wp-json\/wp\/v2\/posts\/369323\/revisions"}],"wp:featuredmedia":[{"embeddable":true,"href":"https:\/\/www.europesays.com\/fr\/wp-json\/wp\/v2\/media\/369324"}],"wp:attachment":[{"href":"https:\/\/www.europesays.com\/fr\/wp-json\/wp\/v2\/media?parent=369323"}],"wp:term":[{"taxonomy":"category","embeddable":true,"href":"https:\/\/www.europesays.com\/fr\/wp-json\/wp\/v2\/categories?post=369323"},{"taxonomy":"post_tag","embeddable":true,"href":"https:\/\/www.europesays.com\/fr\/wp-json\/wp\/v2\/tags?post=369323"}],"curies":[{"name":"wp","href":"https:\/\/api.w.org\/{rel}","templated":true}]}}