{"id":369327,"date":"2025-09-05T23:46:11","date_gmt":"2025-09-05T23:46:11","guid":{"rendered":"https:\/\/www.europesays.com\/fr\/369327\/"},"modified":"2025-09-05T23:46:11","modified_gmt":"2025-09-05T23:46:11","slug":"un-journaliste-suspendu-par-france-inter-apres-des-propos-litigieux-sur-rachida-dati","status":"publish","type":"post","link":"https:\/\/www.europesays.com\/fr\/369327\/","title":{"rendered":"Un journaliste suspendu par France Inter apr\u00e8s des propos litigieux sur Rachida Dati"},"content":{"rendered":"<p>Le chroniqueur Thomas Legrand est suspendu d\u2019antenne, apr\u00e8s la diffusion d\u2019une vid\u00e9o le montrant tenir des propos litigieux visant la ministre de la Culture, Rachida Dati, devant des responsables du Parti socialiste.<\/p>\n<p class=\"fig-paragraph\"><a href=\"https:\/\/www.lefigaro.fr\/tag\/france-inter\" target=\"_blank\" rel=\"sponsored noopener\" data-gtm-custom-categorie=\"navigation\" data-gtm-custom-action=\"crossclick\" data-gtm-custom-label=\"Contextuel\" data-gtm-event=\"customEventSPE\">France Inter<\/a>\u00a0a annonc\u00e9 vendredi soir avoir suspendu d&rsquo;antenne son chroniqueur Thomas Legrand, apr\u00e8s la diffusion d&rsquo;une vid\u00e9o le montrant tenir des propos litigieux visant la ministre de la Culture,\u00a0<a href=\"https:\/\/www.lefigaro.fr\/tag\/rachida-dati\" target=\"_blank\" rel=\"sponsored noopener\" data-gtm-custom-categorie=\"navigation\" data-gtm-custom-action=\"crossclick\" data-gtm-custom-label=\"Contextuel\" data-gtm-event=\"customEventSPE\">Rachida Dati<\/a>, devant des responsables du Parti socialiste.<\/p>\n<p class=\"fig-paragraph\">Au cours de cet \u00e9change r\u00e9v\u00e9l\u00e9 par le mensuel L&rsquo;Incorrect, Thomas Legrand, par ailleurs journaliste \u00e0 Lib\u00e9ration, d\u00e9clare notamment\u00a0: \u00abNous, on fait ce qu&rsquo;il faut pour Dati, Patrick (Cohen) et moi\u00bb, c&rsquo;est-\u00e0-dire contre elle dans sa course \u00e0 la mairie de Paris \u00e0 laquelle elle est candidate.<\/p>\n<p>                                    <a class=\"fig-a11y-skip a11y-hidden\" href=\"#fig-a11y-skip-main-inarticle\"><br \/>\n        Passer la publicit\u00e9<br \/>\n    <\/a><\/p>\n<p class=\"fig-paragraph\">Selon le journal, la vid\u00e9o a \u00e9t\u00e9 film\u00e9e en juillet, \u00e0 l\u2019insu des participants dans un restaurant parisien. \u00abNous avons d\u00e9cid\u00e9 de suspendre Thomas Legrand de l\u2019antenne \u00e0 titre conservatoire. Il ne sera pas \u00e0 l\u2019antenne ce dimanche\u00bb, a r\u00e9agi France Inter.<\/p>\n<p class=\"fig-paragraph\">Patrick Cohen, \u00e9galement chroniqueur sur France Inter, \u00e9tait \u00e0 la table de Thomas Legrand aux c\u00f4t\u00e9s du secr\u00e9taire g\u00e9n\u00e9ral du PS, Pierre Jouvet, et du pr\u00e9sident du conseil national du PS, Luc Broussy. Il faisait aupr\u00e8s d\u2019eux l\u2019analyse de la situation politique lors de cette rencontre informelle, en principe hors micro et cam\u00e9ra.<\/p>\n<p>Rachida Dati r\u00e9agit sur X<\/p>\n<p class=\"fig-paragraph\">Rachida Dati, investie comme candidate des R\u00e9publicains \u00e0 la mairie de Paris, a demand\u00e9 que des mesures soient prises envers les deux chroniqueurs. \u00abDes journalistes du service public et Lib\u00e9ration affirment \u201cfaire ce qu&rsquo;il faut\u201d pour m&rsquo;\u00e9liminer de l&rsquo;\u00e9lection \u00e0 Paris. Des propos graves et contraires \u00e0 la d\u00e9ontologie qui peuvent exposer \u00e0 des sanctions. Chacun doit d\u00e9sormais prendre ses responsabilit\u00e9s\u00bb, a-t-elle r\u00e9agi sur X.<\/p>\n<p class=\"fig-paragraph\">Vendredi soir, Thomas Legrand a cependant r\u00e9cus\u00e9 aupr\u00e8s de l\u2019AFP l\u2019intention qui lui est pr\u00eat\u00e9e. \u00abMon travail est de combattre les mensonges de Mme Dati et son attitude face \u00e0 la presse. Je ne la combats pas politiquement\u00bb, a-t-il affirm\u00e9. Le journaliste n\u2019a pas souhait\u00e9 faire de commentaire sur sa suspension par France Inter.<\/p>\n<p class=\"fig-paragraph\">L&rsquo;Incorrect, fond\u00e9 en 2017 par des proches de Marion Mar\u00e9chal, s&rsquo;affirme comme \u00abconservateur\u00bb et pr\u00f4ne une union des droites.<\/p>\n","protected":false},"excerpt":{"rendered":"Le chroniqueur Thomas Legrand est suspendu d\u2019antenne, apr\u00e8s la diffusion d\u2019une vid\u00e9o le montrant tenir des propos litigieux&hellip;\n","protected":false},"author":2,"featured_media":369328,"comment_status":"","ping_status":"","sticky":false,"template":"","format":"standard","meta":{"footnotes":""},"categories":[4],"tags":[11,1011,27,9102,12,3541,417,25],"class_list":{"0":"post-369327","1":"post","2":"type-post","3":"status-publish","4":"format-standard","5":"has-post-thumbnail","7":"category-france","8":"tag-actualites","9":"tag-fr","10":"tag-france","11":"tag-france-inter","12":"tag-news","13":"tag-parti-socialiste","14":"tag-rachida-dati","15":"tag-republique-francaise"},"share_on_mastodon":{"url":"https:\/\/pubeurope.com\/@fr\/115154359653139444","error":""},"_links":{"self":[{"href":"https:\/\/www.europesays.com\/fr\/wp-json\/wp\/v2\/posts\/369327","targetHints":{"allow":["GET"]}}],"collection":[{"href":"https:\/\/www.europesays.com\/fr\/wp-json\/wp\/v2\/posts"}],"about":[{"href":"https:\/\/www.europesays.com\/fr\/wp-json\/wp\/v2\/types\/post"}],"author":[{"embeddable":true,"href":"https:\/\/www.europesays.com\/fr\/wp-json\/wp\/v2\/users\/2"}],"replies":[{"embeddable":true,"href":"https:\/\/www.europesays.com\/fr\/wp-json\/wp\/v2\/comments?post=369327"}],"version-history":[{"count":0,"href":"https:\/\/www.europesays.com\/fr\/wp-json\/wp\/v2\/posts\/369327\/revisions"}],"wp:featuredmedia":[{"embeddable":true,"href":"https:\/\/www.europesays.com\/fr\/wp-json\/wp\/v2\/media\/369328"}],"wp:attachment":[{"href":"https:\/\/www.europesays.com\/fr\/wp-json\/wp\/v2\/media?parent=369327"}],"wp:term":[{"taxonomy":"category","embeddable":true,"href":"https:\/\/www.europesays.com\/fr\/wp-json\/wp\/v2\/categories?post=369327"},{"taxonomy":"post_tag","embeddable":true,"href":"https:\/\/www.europesays.com\/fr\/wp-json\/wp\/v2\/tags?post=369327"}],"curies":[{"name":"wp","href":"https:\/\/api.w.org\/{rel}","templated":true}]}}