{"id":369345,"date":"2025-09-05T23:57:33","date_gmt":"2025-09-05T23:57:33","guid":{"rendered":"https:\/\/www.europesays.com\/fr\/369345\/"},"modified":"2025-09-05T23:57:33","modified_gmt":"2025-09-05T23:57:33","slug":"le-rouen-metropole-basket-feminin-officiellement-valide-en-lf2-rouen-metropole-basket","status":"publish","type":"post","link":"https:\/\/www.europesays.com\/fr\/369345\/","title":{"rendered":"Le Rouen M\u00e9tropole Basket F\u00e9minin officiellement valid\u00e9 en LF2 ! \u2013 Rouen M\u00e9tropole Basket"},"content":{"rendered":"<p>Communiqu\u00e9 de Presse :<\/p>\n<p style=\"text-align: right;\">Le Kindarena, vendredi 5 septembre 2025<\/p>\n<p><strong>Le Rouen M\u00e9tropole Basket F\u00e9minin officiellement valid\u00e9 en LF2 !<\/strong><\/p>\n<p style=\"text-align: justify;\" data-pm-slice=\"0 0 []\">Le Rouen M\u00e9tropole Basket F\u00e9minin est fier d\u2019annoncer la validation officielle de son dossier d\u2019accession en Ligue F\u00e9minine 2 pour la saison 2025-2026. Cette \u00e9tape marque un tournant historique pour le club de Bihorel et pour le basket f\u00e9minin dans la m\u00e9tropole rouennaise.<\/p>\n<p style=\"text-align: justify;\">Apr\u00e8s une saison exceptionnelle et un travail collectif de longue haleine, l\u2019\u00e9quipe, maintenant club r\u00e9sidant du KINDARENA, dirig\u00e9e par Corentin MAHE et port\u00e9e par l\u2019engagement de ses joueuses, de son staff et de l\u2019ensemble de ses partenaires, franchit une nouvelle marche en int\u00e9grant l\u2019antichambre de l\u2019\u00e9lite du basket f\u00e9minin fran\u00e7ais.<\/p>\n<p style=\"text-align: justify;\">Cette mont\u00e9e en LF2 ouvre de nouvelles perspectives pour le d\u00e9veloppement du basket f\u00e9minin \u00e0 dans la m\u00e9tropole Rouennaise :<\/p>\n<ul style=\"text-align: justify;\">\n<li>offrir au public rouennais des rencontres de haut niveau,<\/li>\n<li>renforcer l\u2019attractivit\u00e9 du club et de la m\u00e9tropole,<\/li>\n<li>poursuivre la structuration de la formation et de l\u2019accompagnement des jeunes joueuses au sein du GCO BIHOREL BASKET.<\/li>\n<\/ul>\n<p style=\"text-align: justify;\">Le club remercie chaleureusement ses partenaires institutionnels et priv\u00e9s, ainsi que ses nombreux supporters, sans qui cette aventure humaine et sportive n\u2019aurait pas \u00e9t\u00e9 possible.<\/p>\n<p style=\"text-align: justify;\">Rendez-vous d\u00e8s le 20 septembre au KINDARENA pour vibrer ensemble aux couleurs du Rouen M\u00e9tropole Basket F\u00e9minin en LF2 !<\/p>\n","protected":false},"excerpt":{"rendered":"Communiqu\u00e9 de Presse : Le Kindarena, vendredi 5 septembre 2025 Le Rouen M\u00e9tropole Basket F\u00e9minin officiellement valid\u00e9 en&hellip;\n","protected":false},"author":2,"featured_media":369346,"comment_status":"","ping_status":"","sticky":false,"template":"","format":"standard","meta":{"footnotes":""},"categories":[9587],"tags":[1111,11,1777,674,1011,27,12,5161,25,9590],"class_list":{"0":"post-369345","1":"post","2":"type-post","3":"status-publish","4":"format-standard","5":"has-post-thumbnail","7":"category-rouen","8":"tag-actu","9":"tag-actualites","10":"tag-eu","11":"tag-europe","12":"tag-fr","13":"tag-france","14":"tag-news","15":"tag-normandie","16":"tag-republique-francaise","17":"tag-rouen"},"share_on_mastodon":{"url":"https:\/\/pubeurope.com\/@fr\/115154402875918118","error":""},"_links":{"self":[{"href":"https:\/\/www.europesays.com\/fr\/wp-json\/wp\/v2\/posts\/369345","targetHints":{"allow":["GET"]}}],"collection":[{"href":"https:\/\/www.europesays.com\/fr\/wp-json\/wp\/v2\/posts"}],"about":[{"href":"https:\/\/www.europesays.com\/fr\/wp-json\/wp\/v2\/types\/post"}],"author":[{"embeddable":true,"href":"https:\/\/www.europesays.com\/fr\/wp-json\/wp\/v2\/users\/2"}],"replies":[{"embeddable":true,"href":"https:\/\/www.europesays.com\/fr\/wp-json\/wp\/v2\/comments?post=369345"}],"version-history":[{"count":0,"href":"https:\/\/www.europesays.com\/fr\/wp-json\/wp\/v2\/posts\/369345\/revisions"}],"wp:featuredmedia":[{"embeddable":true,"href":"https:\/\/www.europesays.com\/fr\/wp-json\/wp\/v2\/media\/369346"}],"wp:attachment":[{"href":"https:\/\/www.europesays.com\/fr\/wp-json\/wp\/v2\/media?parent=369345"}],"wp:term":[{"taxonomy":"category","embeddable":true,"href":"https:\/\/www.europesays.com\/fr\/wp-json\/wp\/v2\/categories?post=369345"},{"taxonomy":"post_tag","embeddable":true,"href":"https:\/\/www.europesays.com\/fr\/wp-json\/wp\/v2\/tags?post=369345"}],"curies":[{"name":"wp","href":"https:\/\/api.w.org\/{rel}","templated":true}]}}