{"id":369360,"date":"2025-09-06T00:08:11","date_gmt":"2025-09-06T00:08:11","guid":{"rendered":"https:\/\/www.europesays.com\/fr\/369360\/"},"modified":"2025-09-06T00:08:11","modified_gmt":"2025-09-06T00:08:11","slug":"previsions-du-samedi-6-septembre-2025-5","status":"publish","type":"post","link":"https:\/\/www.europesays.com\/fr\/369360\/","title":{"rendered":"pr\u00e9visions du samedi 6 septembre 2025"},"content":{"rendered":"<p>Un superbe soleil va briller sur Nantes et ce, tout au long de la journ\u00e9e. Les valeurs iront de 13 \u00e0 31\u00b0C. Un vent de sud-est soufflera l\u00e9g\u00e8rement, avec 17 km\/h. Une m\u00e9t\u00e9o plus chaude est attendue l&rsquo;apr\u00e8s-midi puisque les temp\u00e9ratures vont conna\u00eetre une augmentation. Les fortes chaleurs sont pr\u00e9sentes. Avec des temp\u00e9ratures \u00e9chelonn\u00e9es entre 29 et 31\u00b0C. Les valeurs s&rsquo;\u00e9chelonneront entre 29\u00b0C et 31\u00b0C. Les temp\u00e9ratures seront de 24\u00b0C dans la soir\u00e9e. Durant la nuit de samedi \u00e0 dimanche, le ciel sera limpide.<\/p>\n<p>Demain, le mercure va baisser de quelques degr\u00e9s \u00e0 Nantes. On anticipe des valeurs avoisinant 19\u00b0C. Un vent de sud-ouest rafra\u00eechira l\u00e9g\u00e8rement l&rsquo;atmosph\u00e8re. Le matin, le soleil va peu \u00e0 peu prendre la place des nuages. Le thermom\u00e8tre affichera 21\u00b0C en moyenne. Malheureusement, il y aura encore des nuages demain apr\u00e8s-midi. Intemp\u00e9ries : on pr\u00e9voit des pluies \u00e9parses. Les temp\u00e9ratures seront comprises entre 21 et 23\u00b0C.<\/p>\n<p>Pour les jours \u00e0 venir, le temps ne bougera pas. Comptez sur 22\u00b0C en moyenne qui accompagneront des journ\u00e9es ensoleill\u00e9es.<\/p>\n<p><\/p>\n","protected":false},"excerpt":{"rendered":"Un superbe soleil va briller sur Nantes et ce, tout au long de la journ\u00e9e. Les valeurs iront&hellip;\n","protected":false},"author":2,"featured_media":369361,"comment_status":"","ping_status":"","sticky":false,"template":"","format":"standard","meta":{"footnotes":""},"categories":[2818],"tags":[1111,11,1777,674,1011,27,3047,766,12,2636,2119,25],"class_list":{"0":"post-369360","1":"post","2":"type-post","3":"status-publish","4":"format-standard","5":"has-post-thumbnail","7":"category-nantes","8":"tag-actu","9":"tag-actualites","10":"tag-eu","11":"tag-europe","12":"tag-fr","13":"tag-france","14":"tag-loire-atlantique","15":"tag-nantes","16":"tag-news","17":"tag-pays-de-la-loire","18":"tag-previsions-meteo","19":"tag-republique-francaise"},"share_on_mastodon":{"url":"https:\/\/pubeurope.com\/@fr\/115154446221197545","error":""},"_links":{"self":[{"href":"https:\/\/www.europesays.com\/fr\/wp-json\/wp\/v2\/posts\/369360","targetHints":{"allow":["GET"]}}],"collection":[{"href":"https:\/\/www.europesays.com\/fr\/wp-json\/wp\/v2\/posts"}],"about":[{"href":"https:\/\/www.europesays.com\/fr\/wp-json\/wp\/v2\/types\/post"}],"author":[{"embeddable":true,"href":"https:\/\/www.europesays.com\/fr\/wp-json\/wp\/v2\/users\/2"}],"replies":[{"embeddable":true,"href":"https:\/\/www.europesays.com\/fr\/wp-json\/wp\/v2\/comments?post=369360"}],"version-history":[{"count":0,"href":"https:\/\/www.europesays.com\/fr\/wp-json\/wp\/v2\/posts\/369360\/revisions"}],"wp:featuredmedia":[{"embeddable":true,"href":"https:\/\/www.europesays.com\/fr\/wp-json\/wp\/v2\/media\/369361"}],"wp:attachment":[{"href":"https:\/\/www.europesays.com\/fr\/wp-json\/wp\/v2\/media?parent=369360"}],"wp:term":[{"taxonomy":"category","embeddable":true,"href":"https:\/\/www.europesays.com\/fr\/wp-json\/wp\/v2\/categories?post=369360"},{"taxonomy":"post_tag","embeddable":true,"href":"https:\/\/www.europesays.com\/fr\/wp-json\/wp\/v2\/tags?post=369360"}],"curies":[{"name":"wp","href":"https:\/\/api.w.org\/{rel}","templated":true}]}}