{"id":369364,"date":"2025-09-06T00:10:14","date_gmt":"2025-09-06T00:10:14","guid":{"rendered":"https:\/\/www.europesays.com\/fr\/369364\/"},"modified":"2025-09-06T00:10:14","modified_gmt":"2025-09-06T00:10:14","slug":"mis-a-pied-quinze-jours-par-keolis-le-chauffeur-de-bus-agresse-pres-de-bordeaux-va-porter-plainte","status":"publish","type":"post","link":"https:\/\/www.europesays.com\/fr\/369364\/","title":{"rendered":"mis \u00e0 pied quinze jours par Keolis, le chauffeur de bus agress\u00e9 pr\u00e8s de Bordeaux va porter plainte"},"content":{"rendered":"<p>La sanction pr\u00e9figure un long feuilleton judiciaire. Jean-Christophe Colombo a appris en ao\u00fbt sa mise \u00e0 pied pour quinze jours, apr\u00e8s les<a href=\"https:\/\/www.sudouest.fr\/faits-divers\/je-me-suis-vu-mourir-le-conducteur-de-bus-agresse-mercredi-pres-de-bordeaux-raconte-24347863.php\" target=\"_blank\" rel=\"follow nofollow noopener\"> \u00e9v\u00e9nements du printemps dernier<\/a>\u00a0: en mai, \u00e0 Villenave-d\u2019Ornon, le conducteur de bus de TBM avait \u00e9t\u00e9 insult\u00e9 par un usager puis, se d\u00e9pla\u00e7ant vers lui, avait \u00e9t\u00e9 rou\u00e9 de coups, lui occasionnant une ITT \u00e9tendue \u00e0 quarante-cinq jours. Pass\u00e9 <a href=\"https:\/\/www.sudouest.fr\/economie\/transports\/le-chauffeur-de-bus-agresse-pres-de-bordeaux-est-passe-en-conseil-disciplinaire-ses-collegues-se-mobilisent-pour-le-soutenir-25348743.php\" target=\"_blank\" rel=\"follow nofollow noopener\">en conseil disciplinaire en juillet<\/a>, il lui est notamment reproch\u00e9 d\u2019avoir quitt\u00e9 son poste de conduite et de ne pas avoir fait appel \u00e0 la s\u00fbret\u00e9. Il risquait jusqu\u2019\u00e0 un licenciement. \u00ab\u00a0Ils ont \u00e9t\u00e9 tr\u00e8s gentils, ils n\u2019ont pas \u00e9t\u00e9 jusque-l\u00e0\u00a0\u00bb, livre-t-il aujourd\u2019hui avec amertume et ironie. Le chauffeur d\u2019une cinquantaine d\u2019ann\u00e9es, employ\u00e9 sur le r\u00e9seau de transports en commun bordelais depuis 1997, compte aller aux prud\u2019hommes ainsi que d\u00e9poser plainte au p\u00e9nal, pour \u00ab\u00a0mise en danger de la vie d\u2019autrui\u00a0\u00bb, contre Keolis, son employeur.<\/p>\n<p>Jean-Christophe Colombo, qui n\u2019a toujours pas repris le chemin du travail depuis l\u2019altercation, estime vivre une profonde injustice et souffrir de probl\u00e8mes psychologiques, \u00e9voquant notamment une \u00ab\u00a0hospitalisation programm\u00e9e\u00a0\u00bb pour se soigner. \u00ab\u00a0Les cinq pages qui m\u2019ont \u00e9t\u00e9 adress\u00e9es pour me notifier la mise \u00e0 pied, je n\u2019arrive m\u00eame pas \u00e0 les lire en entier, explique-t-il. Cette d\u00e9cision me porte \u00e9norm\u00e9ment pr\u00e9judice. J\u2019ai l\u2019impression que ma direction a voulu se d\u00e9barrasser d\u2019un probl\u00e8me [\u2026] alors que j\u2019\u00e9tais un employ\u00e9 bien not\u00e9.\u00a0\u00bb<\/p>\n<p>\u00ab\u00a0Signal extr\u00eamement grave\u00a0\u00bb<\/p>\n<p>Le Syndicat national des transports urbains-CFDT, dont il fait partie, d\u00e9nonce \u00e9galement dans un communiqu\u00e9 la sanction disciplinaire. \u00ab\u00a0Une d\u00e9cision qui bafoue la justice et jette une nouvelle fois le discr\u00e9dit sur les pratiques manag\u00e9riales du groupe Keolis. Cette sanction est non seulement injuste sur le fond, mais elle envoie un signal extr\u00eamement grave \u00e0 l\u2019ensemble des salari\u00e9s\u00a0!\u00a0\u00bb estime le syndicat, selon qui \u00ab\u00a0cette sanction injustifi\u00e9e [\u2026] ne tiendra pas devant un tribunal\u00a0\u00bb. Une rencontre entre Jean-Christophe Colombo et son syndicat doit se tenir dans les tout prochains jours pour envisager les diff\u00e9rentes suites judiciaires.<\/p>\n<p>De son c\u00f4t\u00e9, Keolis a indiqu\u00e9 sa position dans un long texte transmis \u00e0 notre r\u00e9daction, ce vendredi 5\u00a0septembre. La soci\u00e9t\u00e9 condamne en pr\u00e9ambule \u00ab\u00a0avec la plus grande fermet\u00e9 l\u2019agression dont a \u00e9t\u00e9 victime notre coll\u00e8gue\u00a0\u00bb, martelant que \u00ab\u00a0personne ne devrait subir d\u2019incivilit\u00e9s ou \u00eatre bless\u00e9 dans l\u2019exercice de ses fonctions. Mais ce drame nous rappelle la n\u00e9cessit\u00e9 absolue de respecter les r\u00e8gles de s\u00e9curit\u00e9 pour prot\u00e9ger nos collaborateurs et nos passagers dans les situations sensibles, souligne \u00e9galement Keolis. Ces consignes sont claires\u00a0: en cas d\u2019agression ou de violence, ne pas quitter son poste, alerter imm\u00e9diatement le PC s\u00e9curit\u00e9 et ne jamais intervenir physiquement. Malheureusement, M.\u00a0Colombo a quitt\u00e9 son poste de conduite sans pr\u00e9venir les \u00e9quip\u00e9s de s\u00e9curit\u00e9, puis a expuls\u00e9 l\u2019agresseur du bus par la force, un geste formellement interdit qui l\u2019a expos\u00e9, lui comme les passagers\u00a0\u00bb.<\/p>\n","protected":false},"excerpt":{"rendered":"La sanction pr\u00e9figure un long feuilleton judiciaire. Jean-Christophe Colombo a appris en ao\u00fbt sa mise \u00e0 pied pour&hellip;\n","protected":false},"author":2,"featured_media":369365,"comment_status":"","ping_status":"","sticky":false,"template":"","format":"standard","meta":{"footnotes":""},"categories":[2817],"tags":[1111,11,1997,1777,674,1011,27,12,2219,25],"class_list":{"0":"post-369364","1":"post","2":"type-post","3":"status-publish","4":"format-standard","5":"has-post-thumbnail","7":"category-bordeaux","8":"tag-actu","9":"tag-actualites","10":"tag-bordeaux","11":"tag-eu","12":"tag-europe","13":"tag-fr","14":"tag-france","15":"tag-news","16":"tag-nouvelle-aquitaine","17":"tag-republique-francaise"},"share_on_mastodon":{"url":"https:\/\/pubeurope.com\/@fr\/115154454034954024","error":""},"_links":{"self":[{"href":"https:\/\/www.europesays.com\/fr\/wp-json\/wp\/v2\/posts\/369364","targetHints":{"allow":["GET"]}}],"collection":[{"href":"https:\/\/www.europesays.com\/fr\/wp-json\/wp\/v2\/posts"}],"about":[{"href":"https:\/\/www.europesays.com\/fr\/wp-json\/wp\/v2\/types\/post"}],"author":[{"embeddable":true,"href":"https:\/\/www.europesays.com\/fr\/wp-json\/wp\/v2\/users\/2"}],"replies":[{"embeddable":true,"href":"https:\/\/www.europesays.com\/fr\/wp-json\/wp\/v2\/comments?post=369364"}],"version-history":[{"count":0,"href":"https:\/\/www.europesays.com\/fr\/wp-json\/wp\/v2\/posts\/369364\/revisions"}],"wp:featuredmedia":[{"embeddable":true,"href":"https:\/\/www.europesays.com\/fr\/wp-json\/wp\/v2\/media\/369365"}],"wp:attachment":[{"href":"https:\/\/www.europesays.com\/fr\/wp-json\/wp\/v2\/media?parent=369364"}],"wp:term":[{"taxonomy":"category","embeddable":true,"href":"https:\/\/www.europesays.com\/fr\/wp-json\/wp\/v2\/categories?post=369364"},{"taxonomy":"post_tag","embeddable":true,"href":"https:\/\/www.europesays.com\/fr\/wp-json\/wp\/v2\/tags?post=369364"}],"curies":[{"name":"wp","href":"https:\/\/api.w.org\/{rel}","templated":true}]}}