{"id":369375,"date":"2025-09-06T00:17:10","date_gmt":"2025-09-06T00:17:10","guid":{"rendered":"https:\/\/www.europesays.com\/fr\/369375\/"},"modified":"2025-09-06T00:17:10","modified_gmt":"2025-09-06T00:17:10","slug":"marseille-les-veilleurs-ali-cherri-au-mac","status":"publish","type":"post","link":"https:\/\/www.europesays.com\/fr\/369375\/","title":{"rendered":"MARSEILLE : Les Veilleurs \u2013 Ali Cherri au MAC"},"content":{"rendered":"<p style=\"text-align: left;\"><strong>Le [mac] mus\u00e9e d\u2019art contemporain de Marseille pr\u00e9sente l\u2019exposition Les Veilleurs, con\u00e7ue autour des totems The Gatekeepers FIRE et WATER d\u2019Ali Cherri, acquis en 2024 par les Mus\u00e9es de Marseille.<\/strong><\/p>\n<p style=\"text-align: left;\">\u00c0 cette occasion, le [mac] invite l\u2019artiste \u00e0 s\u00e9lectionner des \u0153uvres issues des collections des Mus\u00e9es de Marseille, de l\u2019Antiquit\u00e9 au monde contemporain, afin de les mettre en dialogue avec ses propres sculptures, dessins et vid\u00e9os. Dans une sc\u00e9nographie immersive et cin\u00e9matographique, Ali Cherri propose un regard renouvel\u00e9 sur ces \u0153uvres \u00e0 travers les th\u00e9matiques qui lui sont ch\u00e8res : le sommeil, la vuln\u00e9rabilit\u00e9, la repr\u00e9sentation des figures du vivant\u2026 Celle exposition a \u00e9t\u00e9 imagin\u00e9e et mont\u00e9e comme un dialogue avec l\u2019exposition \u00ab\u00a0Sculpter le vide\u00a0\u00bb. Le corpus de l\u2019exposition est n\u00e9 d\u2019une rencontre entre l\u2019artiste et les objets au-del\u00e0 de l\u2019image qu\u2019ils repr\u00e9sentent, guid\u00e9e par quelques th\u00e8mes et gestes embl\u00e9matiques de sa pratique tels que : animalit\u00e9, hybridation, regard, visage, mat\u00e9rialit\u00e9, vuln\u00e9rabilit\u00e9 et r\u00e9sistance. La voix off de Jean Negroni, r\u00e9citant du film Les statues meurent aussi, le c\u00e9l\u00e8bre essai cin\u00e9matographique anticolonial d\u2019Alain Resnais, Chris Marker et Ghislain Cloquet (r\u00e9alis\u00e9 entre 1949 et 1953), r\u00e9sonne au c\u0153ur de l\u2019exposition Les Veilleurs d\u2019Ali Cherri.<\/p>\n<p style=\"text-align: left;\"><strong>Les Veilleurs \u2013 Ali Cherri<\/strong><br \/>MAC \u2013 mus\u00e9e d\u2019art contemporain de Marseille\u202869 Av. d\u2019Haifa, 13008 Marseille<br \/>Jusqu\u2019au 4 janvier 2026<br \/>Collections permanentes en acc\u00e8s libre du mardi au dimanche de 9h \u00e0 18h<br \/>Tarif : 6\u20ac\u2028\u00a0<a href=\"https:\/\/billetterie-musees.marseille.fr\/billetterie-musees\/accueil\/accueil.jsp\" target=\"_blank\" rel=\"noopener nofollow\">Billetterie en ligne<\/a><br \/><a href=\"https:\/\/musees.marseille.fr\/musee-dart-contemporain-mac\" target=\"_blank\" rel=\"noopener nofollow\">musee-dart-contemporain-mac<\/a><\/p>\n<p style=\"text-align: left;\"><strong>SOURCE : Week-end by COTE.<\/strong><\/p>\n","protected":false},"excerpt":{"rendered":"Le [mac] mus\u00e9e d\u2019art contemporain de Marseille pr\u00e9sente l\u2019exposition Les Veilleurs, con\u00e7ue autour des totems The Gatekeepers FIRE&hellip;\n","protected":false},"author":2,"featured_media":369376,"comment_status":"","ping_status":"","sticky":false,"template":"","format":"standard","meta":{"footnotes":""},"categories":[2814],"tags":[1111,11,1777,674,1011,27,884,12,882,25],"class_list":{"0":"post-369375","1":"post","2":"type-post","3":"status-publish","4":"format-standard","5":"has-post-thumbnail","7":"category-marseille","8":"tag-actu","9":"tag-actualites","10":"tag-eu","11":"tag-europe","12":"tag-fr","13":"tag-france","14":"tag-marseille","15":"tag-news","16":"tag-provence-alpes-cote-dazur","17":"tag-republique-francaise"},"share_on_mastodon":{"url":"https:\/\/pubeurope.com\/@fr\/115154481556429691","error":""},"_links":{"self":[{"href":"https:\/\/www.europesays.com\/fr\/wp-json\/wp\/v2\/posts\/369375","targetHints":{"allow":["GET"]}}],"collection":[{"href":"https:\/\/www.europesays.com\/fr\/wp-json\/wp\/v2\/posts"}],"about":[{"href":"https:\/\/www.europesays.com\/fr\/wp-json\/wp\/v2\/types\/post"}],"author":[{"embeddable":true,"href":"https:\/\/www.europesays.com\/fr\/wp-json\/wp\/v2\/users\/2"}],"replies":[{"embeddable":true,"href":"https:\/\/www.europesays.com\/fr\/wp-json\/wp\/v2\/comments?post=369375"}],"version-history":[{"count":0,"href":"https:\/\/www.europesays.com\/fr\/wp-json\/wp\/v2\/posts\/369375\/revisions"}],"wp:featuredmedia":[{"embeddable":true,"href":"https:\/\/www.europesays.com\/fr\/wp-json\/wp\/v2\/media\/369376"}],"wp:attachment":[{"href":"https:\/\/www.europesays.com\/fr\/wp-json\/wp\/v2\/media?parent=369375"}],"wp:term":[{"taxonomy":"category","embeddable":true,"href":"https:\/\/www.europesays.com\/fr\/wp-json\/wp\/v2\/categories?post=369375"},{"taxonomy":"post_tag","embeddable":true,"href":"https:\/\/www.europesays.com\/fr\/wp-json\/wp\/v2\/tags?post=369375"}],"curies":[{"name":"wp","href":"https:\/\/api.w.org\/{rel}","templated":true}]}}