{"id":369400,"date":"2025-09-06T00:31:27","date_gmt":"2025-09-06T00:31:27","guid":{"rendered":"https:\/\/www.europesays.com\/fr\/369400\/"},"modified":"2025-09-06T00:31:27","modified_gmt":"2025-09-06T00:31:27","slug":"pourquoi-leurope-a-inflige-cette-sanction-historique-a-google","status":"publish","type":"post","link":"https:\/\/www.europesays.com\/fr\/369400\/","title":{"rendered":"pourquoi l&rsquo;Europe a inflig\u00e9 cette sanction historique \u00e0 Google\u00a0?"},"content":{"rendered":"<p>            Par<br \/>\n        <strong><br \/>\n            <a href=\"https:\/\/actu.fr\/auteur\/redaction-actu\" title=\"Consulter tous les articles de R\u00e9daction Actu\" rel=\"nofollow noopener\" target=\"_blank\">R\u00e9daction Actu<\/a><br \/>\n        <\/strong><\/p>\n<p>        Publi\u00e9 le<\/p>\n<p>            5 sept. 2025 \u00e0 19h59        <\/p>\n<p>Apr\u00e8s une semaine d\u2019atermoiements et faisant fi des menaces de <a href=\"https:\/\/actu.fr\/tag\/donald-trump\" rel=\"nofollow noopener\" target=\"_blank\">Donald Trump<\/a>, la Commission europ\u00e9enne a annonc\u00e9 vendredi 5\u00a0septembre 2025 infliger <strong>une amende de 2,95\u00a0milliards d\u2019euros \u00e0 Google<\/strong>.<\/p>\n<p class=\" wall-content\">L\u2019ex\u00e9cutif <a href=\"https:\/\/actu.fr\/tag\/europe\" rel=\"nofollow noopener\" target=\"_blank\">europ\u00e9en<\/a> a estim\u00e9 que le g\u00e9ant am\u00e9ricain de la <a href=\"https:\/\/actu.fr\/tag\/high-tech\" rel=\"nofollow noopener\" target=\"_blank\">tech<\/a> avait <strong>abus\u00e9 de sa position dominante<\/strong> dans le secteur de la publicit\u00e9 en ligne.<\/p>\n<p>Une sanction attendue, retard\u00e9e et d\u00e9j\u00e0 contest\u00e9e<\/p>\n<p class=\" wall-content\">Cette sanction dite \u00ab\u2009Adtech\u2009\u00bb, que <a href=\"https:\/\/actu.fr\/tag\/google\" rel=\"nofollow noopener\" target=\"_blank\">Google<\/a> a aussit\u00f4t annonc\u00e9<strong> vouloir contester<\/strong>, \u00e9tait tr\u00e8s attendue. La Commission avait menac\u00e9 en 2023 d\u2019exiger la scission d\u2019une partie des activit\u00e9s du groupe dans ce domaine de la publicit\u00e9 en ligne, ce qu\u2019elle n\u2019a finalement pas d\u00e9cid\u00e9 \u00e0 ce stade.<\/p>\n<p class=\" wall-content\">L\u2019annonce de cette sanction contre le g\u00e9ant am\u00e9ricain avait par ailleurs \u00e9t\u00e9 <strong>retard\u00e9e<\/strong> en d\u00e9but de semaine, sur fond de tensions entre <a href=\"https:\/\/actu.fr\/tag\/union-europeenne\" rel=\"nofollow noopener\" target=\"_blank\">l\u2019Union europ\u00e9enne<\/a> (UE) et les <a href=\"https:\/\/actu.fr\/tag\/etats-unis\" rel=\"nofollow noopener\" target=\"_blank\">\u00c9tats-Unis<\/a>, comme l\u2019avait confirm\u00e9 mercredi 3\u00a0septembre 2025 \u00e0 l\u2019AFP une source au sein de la Commission.<\/p>\n<p class=\" wall-content\">Le 26\u00a0ao\u00fbt, Donald Trump avait vigoureusement attaqu\u00e9 les pays ou organisations r\u00e9gulant le secteur de la tech, les mena\u00e7ant de <strong>droits de douane et de restrictions \u00e0 l\u2019exportation<\/strong>.<\/p>\n<p class=\" wall-content\">S\u2019il n\u2019avait pas cit\u00e9 directement l\u2019UE, celle-ci dispose de fait de <strong>l\u2019arsenal juridique le plus puissant au monde<\/strong> pour r\u00e9guler le num\u00e9rique. De quoi alimenter les d\u00e9bats en Europe sur le risque de repr\u00e9sailles en cas de sanctions contre des soci\u00e9t\u00e9s am\u00e9ricaines. L\u2019UE avait r\u00e9torqu\u00e9 avoir \u00ab\u2009le droit souverain\u2009\u00bb de r\u00e9glementer la tech.<\/p>\n<p>Votre r\u00e9gion, votre actu !<\/p>\n<p>Recevez chaque jour les infos qui comptent pour vous.<\/p>\n<p>\t<a href=\"https:\/\/actu.fr\/newsletter\" class=\"ac-btn ac-btn--corner ac-btn--medium ac-btn--blue800\" rel=\"nofollow noopener\" target=\"_blank\">S&rsquo;incrire<\/a><br \/>\nUne \u00ab\u2009mauvaise\u2009\u00bb d\u00e9cision et une amende \u00ab\u2009injustifi\u00e9e\u2009\u00bb pour Google<\/p>\n<p class=\" wall-content\">Dans une d\u00e9claration \u00e0 l\u2019AFP, Google a pourfendu la sanction de la Commission. \u00ab\u2009La d\u00e9cision de la Commission europ\u00e9enne \u00e0 propos de nos services Adtech est <strong>mauvaise<\/strong> et <strong>nous en ferons appel\u2009\u00bb<\/strong>, a d\u00e9clar\u00e9 Lee-Anne Mulholland, vice-pr\u00e9sidente de Google charg\u00e9e des affaires r\u00e9glementaires.<\/p>\n<blockquote class=\"ac-article-quote wall-content\">\n<p>Elle nous impose une amende injustifi\u00e9e et des changements qui affecteront des milliers d&rsquo;entreprises europ\u00e9ennes, puisqu&rsquo;elles auront plus de mal \u00e0 gagner de l&rsquo;argent.<\/p>\n<p>    <strong>Anne Mulholland<\/strong><br \/>\n        Vice-pr\u00e9sidente de Google charg\u00e9e des affaires r\u00e9glementaire    <\/p><\/blockquote>\n<p class=\" wall-content\">C\u2019est la <strong>troisi\u00e8me amende prononc\u00e9e cette semaine<\/strong> contre Google, filiale d\u2019Alphabet. Jeudi 4\u00a0septembre 2025, il a \u00e9cop\u00e9 <a href=\"https:\/\/www.cnil.fr\/fr\/regulation-des-cookies-la-cnil-poursuit-le-plan-daction-initie-en-2019-et-prononce-deux-amendes\" rel=\"nofollow noopener\" target=\"_blank\">d\u2019une amende record de 325\u00a0millions d\u2019euros inflig\u00e9e par la Cnil<\/a> pour des manquements en mati\u00e8re de publicit\u00e9s et de cookies.<\/p>\n<p class=\" wall-content\">La veille, Google avait \u00e9t\u00e9 condamn\u00e9 aux \u00c9tats-Unis \u00e0 verser 425,7\u00a0millions de dollars de dommages \u00e0 pr\u00e8s de 100\u00a0millions d\u2019utilisateurs pour <strong>atteinte \u00e0 leur vie priv\u00e9e<\/strong>, selon la d\u00e9cision d\u2019un jury d\u2019une cour f\u00e9d\u00e9rale de San Francisco confirm\u00e9e par le g\u00e9ant am\u00e9ricain.<\/p>\n<p class=\" wall-content\">Source\u2009: AFP<\/p>\n<p class=\" wall-content\">Personnalisez votre actualit\u00e9 en ajoutant vos villes et m\u00e9dias en favori avec <a href=\"https:\/\/moncompte.actu.fr\" title=\"D\u00e9couvez Mon Actu\" rel=\"nofollow noopener\" data-trk=\"{&quot;cta&quot;:{&quot;action&quot;:&quot;https:\\\/\\\/moncompte.actu.fr&quot;,&quot;category&quot;:&quot;mon compte&quot;,&quot;from&quot;:&quot;article footer&quot;,&quot;name&quot;:&quot;Mon actu&quot;,&quot;type&quot;:&quot;cta&quot;}}\" target=\"_blank\">Mon Actu<\/a>.<\/p>\n","protected":false},"excerpt":{"rendered":"Par R\u00e9daction Actu Publi\u00e9 le 5 sept. 2025 \u00e0 19h59 Apr\u00e8s une semaine d\u2019atermoiements et faisant fi des&hellip;\n","protected":false},"author":2,"featured_media":369401,"comment_status":"","ping_status":"","sticky":false,"template":"","format":"standard","meta":{"footnotes":""},"categories":[1586],"tags":[11,73,1777,674,1011,27,323,142,12,25,2631],"class_list":{"0":"post-369400","1":"post","2":"type-post","3":"status-publish","4":"format-standard","5":"has-post-thumbnail","7":"category-europe","8":"tag-actualites","9":"tag-etats-unis","10":"tag-eu","11":"tag-europe","12":"tag-fr","13":"tag-france","14":"tag-google","15":"tag-high-tech","16":"tag-news","17":"tag-republique-francaise","18":"tag-sciences-technologie"},"share_on_mastodon":{"url":"https:\/\/pubeurope.com\/@fr\/115154536615839038","error":""},"_links":{"self":[{"href":"https:\/\/www.europesays.com\/fr\/wp-json\/wp\/v2\/posts\/369400","targetHints":{"allow":["GET"]}}],"collection":[{"href":"https:\/\/www.europesays.com\/fr\/wp-json\/wp\/v2\/posts"}],"about":[{"href":"https:\/\/www.europesays.com\/fr\/wp-json\/wp\/v2\/types\/post"}],"author":[{"embeddable":true,"href":"https:\/\/www.europesays.com\/fr\/wp-json\/wp\/v2\/users\/2"}],"replies":[{"embeddable":true,"href":"https:\/\/www.europesays.com\/fr\/wp-json\/wp\/v2\/comments?post=369400"}],"version-history":[{"count":0,"href":"https:\/\/www.europesays.com\/fr\/wp-json\/wp\/v2\/posts\/369400\/revisions"}],"wp:featuredmedia":[{"embeddable":true,"href":"https:\/\/www.europesays.com\/fr\/wp-json\/wp\/v2\/media\/369401"}],"wp:attachment":[{"href":"https:\/\/www.europesays.com\/fr\/wp-json\/wp\/v2\/media?parent=369400"}],"wp:term":[{"taxonomy":"category","embeddable":true,"href":"https:\/\/www.europesays.com\/fr\/wp-json\/wp\/v2\/categories?post=369400"},{"taxonomy":"post_tag","embeddable":true,"href":"https:\/\/www.europesays.com\/fr\/wp-json\/wp\/v2\/tags?post=369400"}],"curies":[{"name":"wp","href":"https:\/\/api.w.org\/{rel}","templated":true}]}}