{"id":369414,"date":"2025-09-06T00:41:12","date_gmt":"2025-09-06T00:41:12","guid":{"rendered":"https:\/\/www.europesays.com\/fr\/369414\/"},"modified":"2025-09-06T00:41:12","modified_gmt":"2025-09-06T00:41:12","slug":"cecchinello-reagit-au-contrat-de-zarco","status":"publish","type":"post","link":"https:\/\/www.europesays.com\/fr\/369414\/","title":{"rendered":"Cecchinello r\u00e9agit au contrat de Zarco"},"content":{"rendered":"<p>Honda a pris sa d\u00e9cision et choisi de maintenir <a href=\"https:\/\/fr.motorsport.com\/driver\/luca-marini\/201098\/\" target=\"_blank\" rel=\"noopener nofollow\">Luca Marini<\/a> et <a href=\"https:\/\/fr.motorsport.com\/driver\/johann-zarco\/96107\/\" target=\"_blank\" rel=\"noopener nofollow\">Johann Zarco<\/a> dans leur \u00e9quipe respective pour la saison prochaine. Au gr\u00e9 des n\u00e9gociations, lanc\u00e9es il y a plusieurs mois, le Fran\u00e7ais a plusieurs fois exprim\u00e9 <a href=\"https:\/\/fr.motorsport.com\/motogp\/news\/zarco-numero-un-honda-discussions\/10752549\/\" target=\"_self\" rel=\"noopener nofollow\">son d\u00e9sir d&rsquo;\u00eatre consid\u00e9r\u00e9 comme le pilote num\u00e9ro un du constructeur<\/a>, voire d&rsquo;int\u00e9grer son \u00e9quipe d&rsquo;usine. Il restera finalement dans le <a href=\"https:\/\/fr.motorsport.com\/team\/team-lcr\/922\/\" target=\"_blank\" rel=\"noopener nofollow\">Team LCR<\/a>.<\/p>\n<p>Cette d\u00e9cision pourrait surprendre sachant que Zarco est le premier pilote de la marque \u00e0 ce jour et que c&rsquo;est lui qui l&rsquo;a ramen\u00e9e \u00e0 la victoire, au Mans. Pour Lucio Cecchinello, son patron d&rsquo;\u00e9quipe, c&rsquo;est d&rsquo;abord une chance de capitaliser sur la relation forte qui s&rsquo;est construite depuis l&rsquo;an dernier, et cela ne doit pas priver le pilote de la moindre \u00e9volution technique.<\/p>\n<p>\u00ab\u00a0Je pense que la d\u00e9cision finale de laisser Johann dans notre \u00e9quipe est due au fait qu&rsquo;ils ont clairement estim\u00e9 que nous avons \u00e9tabli un lien, une relation qui fonctionne tr\u00e8s bien. Dans l&rsquo;\u00e9quipe, nous sommes tous tr\u00e8s contents de continuer avec lui\u00a0\u00bb, r\u00e9agit Lucio Cecchinello au micro du site officiel du MotoGP.<\/p>\n<p>L&rsquo;Italien salue aussi le fait qu&rsquo;avec cette prolongation de deux ans, Johann Zarco est le premier pilote du plateau \u00e0 disposer d&rsquo;un contrat pour 2027. \u00ab\u00a0Je pense que le HRC a \u00e9valu\u00e9 son exp\u00e9rience. Dans l&rsquo;optique de 2027, o\u00f9 [le r\u00e8glement] sera diff\u00e9rent, il est tr\u00e8s important pour le HRC d&rsquo;avoir un pilote exp\u00e9riment\u00e9 comme l&rsquo;est Johann\u00a0\u00bb, se f\u00e9licite-t-il.<\/p>\n<p>Lire aussi :<\/p>\n<p>L&rsquo;annonce faite en d\u00e9but de semaine insiste sur le fait que Zarco reste directement sous contrat avec le HRC, ce qui \u00ab\u00a0assure son statut de pilote d&rsquo;usine\u00a0\u00bb et lui \u00ab\u00a0garantit l&rsquo;acc\u00e8s aux m\u00eames sp\u00e9cifications techniques que l&rsquo;\u00e9quipe d&rsquo;usine officielle, avec des mises \u00e0 jour et des d\u00e9veloppements fournis en parall\u00e8le\u00a0\u00bb. Ce statut m\u00e8nera aussi le Fran\u00e7ais \u00e0 repr\u00e9senter une nouvelle fois la marque aux 8 Heures de Suzuka.<\/p>\n<p>Pour Lucio Cecchinello, cette d\u00e9finition du r\u00f4le de Johann Zarco souligne clairement l&rsquo;absence de diff\u00e9rences de traitement entre lui et le bin\u00f4me form\u00e9 par <a href=\"https:\/\/fr.motorsport.com\/driver\/joan-mir\/289392\/\" target=\"_blank\" rel=\"noopener nofollow\">Joan Mir<\/a> et Luca Marini dans le team du HRC. \u00ab\u00a0Honn\u00eatement, nous avons discut\u00e9 avec Honda, et ils ont \u00e9t\u00e9 clairs sur le fait que, c&rsquo;est d\u00e9j\u00e0 le cas actuellement mais \u00e7a le sera encore plus \u00e0 l&rsquo;avenir, la philosophie est : Honda est Honda. Il n&rsquo;y a pas de mur entre les deux \u00e9quipes, pas de diff\u00e9rences techniques.\u00a0\u00bb<\/p>\n<p>\u00ab\u00a0Nous avons parfois des t\u00e2ches diff\u00e9rentes, avec des pi\u00e8ces diff\u00e9rentes \u00e0 tester, c&rsquo;est la r\u00e9alit\u00e9, mais ils sont clairement tr\u00e8s satisfaits du niveau de notre travail technique, de la mani\u00e8re dont nous travaillons avec Johann. Alors cela repr\u00e9sente une valeur, et peu importe que l&rsquo;on soit dans une \u00e9quipe ou dans l&rsquo;autre. Le plus important, c&rsquo;est de regarder les performances, et Johann r\u00e9alise de tr\u00e8s bonnes performances.\u00a0\u00bb<\/p>\n<p>Il n&#8217;emp\u00eache que Johann Zarco est apparu frustr\u00e9 par ses r\u00e9cents r\u00e9sultats, de m\u00eame que par les diff\u00e9rences entre sa moto et celle de ses coll\u00e8gues, <a href=\"https:\/\/fr.motorsport.com\/motogp\/news\/zarco-admet-avenir-perturbe-chute\/10753138\/\" target=\"_self\" rel=\"noopener nofollow\">estimant que lui a stagn\u00e9 l\u00e0 o\u00f9 les autres ont avanc\u00e9<\/a>. \u00ab\u00a0La r\u00e9alit\u00e9 est que ces \u00e9l\u00e9ments sont des pi\u00e8ces qui sont encore en cours de d\u00e9veloppement\u00a0\u00bb, r\u00e9pond Lucio Cecchinello.<\/p>\n<p>\u00ab\u00a0Il y a diff\u00e9rents retours de la part des pilotes, entre le test team et les deux pilotes d&rsquo;usine, et pour le moment le HRC pr\u00e9f\u00e8re que Johann soit pleinement concentr\u00e9 sur le package qui lui permet de marquer plus de points que n&rsquo;importe quel autre pilote du HRC. Nous ne voulons pas avoir d&rsquo;autres variables \u00e0 ce stade. D\u00e8s qu&rsquo;il sera confirm\u00e9 que ces pi\u00e8ces sont meilleures, nous les aurons, c&rsquo;est certain, mais pour le moment Honda vise clairement l&rsquo;am\u00e9lioration des r\u00e9sultats afin d&rsquo;obtenir plus de points pour le championnat du monde des constructeurs.\u00a0\u00bb<\/p>\n<p>Dans cet article<\/p>\n<p>Soyez le premier inform\u00e9 et souscrivez aux alertes mails pour recevoir les infos en temps r\u00e9el<\/p>\n<p>    S&rsquo;abonner aux alertes de news<\/p>\n","protected":false},"excerpt":{"rendered":"Honda a pris sa d\u00e9cision et choisi de maintenir Luca Marini et Johann Zarco dans leur \u00e9quipe respective&hellip;\n","protected":false},"author":2,"featured_media":369415,"comment_status":"","ping_status":"","sticky":false,"template":"","format":"standard","meta":{"footnotes":""},"categories":[1413],"tags":[1011,27,1741,1457,1456,1458,50371,60,3771],"class_list":{"0":"post-369414","1":"post","2":"type-post","3":"status-publish","4":"format-standard","5":"has-post-thumbnail","7":"category-moto","8":"tag-fr","9":"tag-france","10":"tag-johann-zarco","11":"tag-moto","12":"tag-motocycle","13":"tag-motogp","14":"tag-pas-de-mur-chez-honda-cecchinello-ru00e9agit-au-contrat-de-zarco","15":"tag-sports","16":"tag-team-lcr"},"share_on_mastodon":{"url":"https:\/\/pubeurope.com\/@fr\/115154575888955828","error":""},"_links":{"self":[{"href":"https:\/\/www.europesays.com\/fr\/wp-json\/wp\/v2\/posts\/369414","targetHints":{"allow":["GET"]}}],"collection":[{"href":"https:\/\/www.europesays.com\/fr\/wp-json\/wp\/v2\/posts"}],"about":[{"href":"https:\/\/www.europesays.com\/fr\/wp-json\/wp\/v2\/types\/post"}],"author":[{"embeddable":true,"href":"https:\/\/www.europesays.com\/fr\/wp-json\/wp\/v2\/users\/2"}],"replies":[{"embeddable":true,"href":"https:\/\/www.europesays.com\/fr\/wp-json\/wp\/v2\/comments?post=369414"}],"version-history":[{"count":0,"href":"https:\/\/www.europesays.com\/fr\/wp-json\/wp\/v2\/posts\/369414\/revisions"}],"wp:featuredmedia":[{"embeddable":true,"href":"https:\/\/www.europesays.com\/fr\/wp-json\/wp\/v2\/media\/369415"}],"wp:attachment":[{"href":"https:\/\/www.europesays.com\/fr\/wp-json\/wp\/v2\/media?parent=369414"}],"wp:term":[{"taxonomy":"category","embeddable":true,"href":"https:\/\/www.europesays.com\/fr\/wp-json\/wp\/v2\/categories?post=369414"},{"taxonomy":"post_tag","embeddable":true,"href":"https:\/\/www.europesays.com\/fr\/wp-json\/wp\/v2\/tags?post=369414"}],"curies":[{"name":"wp","href":"https:\/\/api.w.org\/{rel}","templated":true}]}}