{"id":369420,"date":"2025-09-06T00:44:10","date_gmt":"2025-09-06T00:44:10","guid":{"rendered":"https:\/\/www.europesays.com\/fr\/369420\/"},"modified":"2025-09-06T00:44:10","modified_gmt":"2025-09-06T00:44:10","slug":"psg-luis-enrique-blesse-en-velo-maxifoot","status":"publish","type":"post","link":"https:\/\/www.europesays.com\/fr\/369420\/","title":{"rendered":"PSG : Luis Enrique bless\u00e9 en v\u00e9lo &#8211; Maxifoot"},"content":{"rendered":"<ol>\n<li><a href=\"https:\/\/news.google.com\/rss\/articles\/CBMie0FVX3lxTFBHRF9fS2d1NG5SZlk5dE1CeVJTSjI3a2hTTWlJNWUzZ2EwS2JMMWJldDJVd1pHMmxGNUJXcHhCbUhJS2lOUHlseEZvR2pCUlBvN1FLRTF2a1VicmNZbmlBRUg2RWdFNGZ4TTZsY3QzczR5bHdEQTByNG1oOA?oc=5\" target=\"_blank\" rel=\"noopener\">PSG : Luis Enrique bless\u00e9 en v\u00e9lo<\/a>&nbsp;&nbsp;Maxifoot<\/li>\n<li><a href=\"https:\/\/news.google.com\/rss\/articles\/CBMi0gFBVV95cUxPN1djMElDRnBmSVV6aHdJQ3BnRmVIc05ETUIxUUNtYXdMdlM0UllpdXo1cGtjTTQ4Q3U0N1daT3kwZ1JnVG9LU215SHdtalZfWFM0U1pVZ2pRS0RvNUF6OHRmYmI1alNxc2w1MDZydWM4bkVqeWtpeFU1OGlIOVhPMmpWMGJJeDBRcFhyYXM5UE9jbTZRSDlRdHhody02aUNmT3MtTVVMQXVnejA2TjUtckE4MGZWNEhjX0ZHcENDeXlFRHlyM2YwdE5mMGtTYm9PNEE?oc=5\" target=\"_blank\" rel=\"noopener\">Fracture de la clavicule pour Luis Enrique, l&rsquo;entra\u00eeneur du PSG, apr\u00e8s une chute \u00e0 v\u00e9lo<\/a>&nbsp;&nbsp;L&rsquo;\u00c9quipe<\/li>\n<li><a href=\"https:\/\/news.google.com\/rss\/articles\/CBMikwJBVV95cUxNaFZTMVIwQzF3VkcyVGVaajgtSUp4WkhKZGpyem5mMHhubW84ZmJZMlMycTR5SUp5X2t4Smh0LXpLTWQ5LTl4UDMtSTZMTzVFNkhwdkU1Z0JMN19lVE9pbFNRQ0tZQlhMOEJDc240ZkJ5LUo4ekMzUGEtTmJxRXpSdlNqeGdRY0Jjd2x1bjh2X1FoaTRsbV9STjdSMFNFeHE5WUIwNllHel9BU09uaHZTQXZrVzBjRS1HUndWZWxRVW04dDROanBGVTBKN2dabEVwT2FZVU8tWnFDMXFpOEJULVREQ3NPZE9YTXZWcjhTTnRidVVBbFg3b0xYcFVwTHU3Ui1kaExQSTRpckFKQ3B2NFl3dw?oc=5\" target=\"_blank\" rel=\"noopener\">Chute \u00e0 v\u00e9lo et prise en charge par les secours: le coach du PSG Luis Enrique va devoir se faire op\u00e9rer<\/a>&nbsp;&nbsp;RMC Sport<\/li>\n<li><a href=\"https:\/\/news.google.com\/rss\/articles\/CBMiqgFBVV95cUxPeXctVldnR1NqckdvbFVmVVMtZkE0a0t4M1lucG5HTUdEdEJMdklvTW93aENQMmszRlltYTdNT3ZsemxJckpaQ0VLaVJWOWNBakVpZ1BNT3NpWUZRXzVTNmswc0RoYW53WGtJTzh2THpFY2V4d2lqT3NpOVhBb2x5TDFOLVpGb2h1M3h5ak5WZHR0bmZmaTRucGRUbU1GNFJHdHV0a2hXVnduQdIBqAFBVV95cUxOdmdYekpSSXVsajNHa01xbG5DREJRSE1PM3RDcFk2ZjA5WXVKV0QzWHlJSUoyTGNTRVVERmFsM3dLZkJqekZhY0tHcDdtQ0tTazVzU2NOaTBTY3RhNGtYYk1GbzVYVVBnXzFPMFVqN1ZGMWV1UF9Va0JXZDJEYkoycHFLR21CcmxnR1hERmp6dEdyYnVUZm5LT0tKWXpFUjNwbFJIRzBodkc?oc=5\" target=\"_blank\" rel=\"noopener\">PSG : Coup dur pour Luis Enrique<\/a>&nbsp;&nbsp;Orange Actualit\u00e9s | Sports<\/li>\n<li><a href=\"https:\/\/news.google.com\/rss\/articles\/CBMijAJBVV95cUxQTVpMdDR2YWFvcm80akxrWG1FU1A4SjFPRi1NelNHVVROSGZKOHlteUs3YUVBa0drZDZMQVZkQU84NC1JT19oRDQwMENER3hqbzdWamtUcE9XTVI1ZHNWWTJSRnZrYkhMLXFKMklHMDZ1WjFLUGpOVlZ1ek1kNmh4VlEzaFpKRHZwb1NsT1VnWGFpYUdUWkhyZWdDZTRERkJXLUNVT25hTEtjblQ1cXJRU0Q4cWhJakptcGFWZnRaY1NUT1dSOHE3ZEdnalkySEFoT2RWajN5MnctVmdiencwSzZIUVBoMWpsalYwd2htcWFPbllSWFVkVVR3cjh4aC04eTJaVmRDc2lxNktn?oc=5\" target=\"_blank\" rel=\"noopener\">PSG : victime d\u2019une chute \u00e0 v\u00e9lo en Espagne, Luis Enrique souffre d\u2019une fracture de la clavicule<\/a>&nbsp;&nbsp;Le Parisien<\/li>\n<\/ol>\n","protected":false},"excerpt":{"rendered":"PSG : Luis Enrique bless\u00e9 en v\u00e9lo&nbsp;&nbsp;Maxifoot Fracture de la clavicule pour Luis Enrique, l&rsquo;entra\u00eeneur du PSG, apr\u00e8s&hellip;\n","protected":false},"author":2,"featured_media":369421,"comment_status":"","ping_status":"","sticky":false,"template":"","format":"standard","meta":{"footnotes":""},"categories":[1410],"tags":[2266,2262,2261,1981,83,2260,451,2263,462,2269,2257,63,1011,27,2265,1441,453,66,447,2267,955,2268,241,149,70,1817,93,2264,2258,2259,60,969,455],"class_list":{"0":"post-369420","1":"post","2":"type-post","3":"status-publish","4":"format-standard","5":"has-post-thumbnail","7":"category-football","8":"tag-as-monaco","9":"tag-bundesligua","10":"tag-calcio","11":"tag-classement","12":"tag-coupe-de-france","13":"tag-coupe-de-la-ligue","14":"tag-coupe-du-monde","15":"tag-equipe","16":"tag-fc-nantes","17":"tag-fifa","18":"tag-foot","19":"tag-football","20":"tag-fr","21":"tag-france","22":"tag-girondins-bordeaux","23":"tag-joueur","24":"tag-liga","25":"tag-ligue-1","26":"tag-ligue-des-champions","27":"tag-losc","28":"tag-match","29":"tag-ogc-nice","30":"tag-ol","31":"tag-om","32":"tag-premier-league","33":"tag-pronostic","34":"tag-psg","35":"tag-rc-lens","36":"tag-resultat","37":"tag-score","38":"tag-sports","39":"tag-transfert","40":"tag-uefa"},"share_on_mastodon":{"url":"https:\/\/pubeurope.com\/@fr\/115154587722234781","error":""},"_links":{"self":[{"href":"https:\/\/www.europesays.com\/fr\/wp-json\/wp\/v2\/posts\/369420","targetHints":{"allow":["GET"]}}],"collection":[{"href":"https:\/\/www.europesays.com\/fr\/wp-json\/wp\/v2\/posts"}],"about":[{"href":"https:\/\/www.europesays.com\/fr\/wp-json\/wp\/v2\/types\/post"}],"author":[{"embeddable":true,"href":"https:\/\/www.europesays.com\/fr\/wp-json\/wp\/v2\/users\/2"}],"replies":[{"embeddable":true,"href":"https:\/\/www.europesays.com\/fr\/wp-json\/wp\/v2\/comments?post=369420"}],"version-history":[{"count":0,"href":"https:\/\/www.europesays.com\/fr\/wp-json\/wp\/v2\/posts\/369420\/revisions"}],"wp:featuredmedia":[{"embeddable":true,"href":"https:\/\/www.europesays.com\/fr\/wp-json\/wp\/v2\/media\/369421"}],"wp:attachment":[{"href":"https:\/\/www.europesays.com\/fr\/wp-json\/wp\/v2\/media?parent=369420"}],"wp:term":[{"taxonomy":"category","embeddable":true,"href":"https:\/\/www.europesays.com\/fr\/wp-json\/wp\/v2\/categories?post=369420"},{"taxonomy":"post_tag","embeddable":true,"href":"https:\/\/www.europesays.com\/fr\/wp-json\/wp\/v2\/tags?post=369420"}],"curies":[{"name":"wp","href":"https:\/\/api.w.org\/{rel}","templated":true}]}}