{"id":369422,"date":"2025-09-06T00:45:10","date_gmt":"2025-09-06T00:45:10","guid":{"rendered":"https:\/\/www.europesays.com\/fr\/369422\/"},"modified":"2025-09-06T00:45:10","modified_gmt":"2025-09-06T00:45:10","slug":"cest-un-vampire-elle-est-en-vie-la-the-walking-dead-inquietant-angelina-jolie-meconnaissable-ose-un-nouveau-look-elle-choque-ses-fans","status":"publish","type":"post","link":"https:\/\/www.europesays.com\/fr\/369422\/","title":{"rendered":"\u00ab\u00a0C&rsquo;est un vampire ?\u00a0\u00bb, \u00ab\u00a0Elle est en vie l\u00e0 ?\u00a0\u00bb, \u00ab\u00a0The Walking Dead\u00a0\u00bb, \u00ab\u00a0Inqui\u00e9tant\u00a0\u00bb : Angelina Jolie m\u00e9connaissable ose un nouveau look, elle choque ses fans"},"content":{"rendered":"<p>La suite apr\u00e8s la publicit\u00e9<\/p>\n<p>Angelina Jolie tente un nouveau style audacieux pour son prochain film.<\/p>\n<p>C&rsquo;est plus pr\u00e9cis\u00e9ment dans le cadre du film Anxious People, r\u00e9alis\u00e9 par Marc Forster, auteur \u00e0 qui l&rsquo;on doit tout de m\u00eame un opus de James Bond (Quantum of Solace) que Angelina rev\u00eat un tout nouveau look, dont la m\u00e9lancolie va de paire avec le titre de l&rsquo;oeuvre &#8211; o\u00f9 il semble \u00eatre beaucoup question d&rsquo;anxi\u00e9t\u00e9. Elle r\u00e9v\u00e8le ici une m\u00e9tamorphose. Qui ne laisse aucun fan de marbre.<\/p>\n<p>\u00ab\u00a0C&rsquo;est un film sur les vampires ?\u00a0\u00bb, \u00ab\u00a0On dirait un fant\u00f4me\u00a0\u00bb, \u00ab\u00a0Elle sort d&rsquo;un \u00e9pisode de The Walking Dead l\u00e0, Angelina\u00a0\u00bb, \u00ab\u00a0Pourquoi elle est compl\u00e8tement transparente ?\u00a0\u00bb, \u00ab\u00a0On est certain qu&rsquo;elle est encore en vie sur ces photos ?\u00a0\u00bb, raillent abondamment les internautes sous ces photos tr\u00e8s comment\u00e9es ces derni\u00e8res heures, clich\u00e9s in\u00e9dits \u00e0 retrouver ci-contre, directement issus du tournage de ce projet tr\u00e8s attendu, tant Jolie est rare sur nos \u00e9crans ces derni\u00e8res ann\u00e9es.\u00a0<\/p>\n<p>Et d&rsquo;autres d&rsquo;abonder : \u00ab\u00a0Elle est effrayante\u00a0\u00bb, \u00ab\u00a0Flippant\u00a0\u00bb, \u00ab\u00a0On dirait Nosferatu\u00a0\u00bb, \u00ab\u00a0Elle devrait prendre le soleil\u00a0\u00bb<\/p>\n<p>Et ce n&rsquo;est pas tout&#8230;<\/p>\n<p>\u00ab\u00a0C&rsquo;est un vampire\u00a0\u00bb, \u00ab\u00a0On dirait un fant\u00f4me\u00a0\u00bb, \u00ab\u00a0C&rsquo;est un \u00e9pisode de The Walking Dead\u00a0\u00bb, \u00ab\u00a0Pourquoi elle est blanche comme \u00e7a ?\u00a0\u00bb : Angelina Jolie sid\u00e8re avec ce nouveau look<\/p>\n<p>Angelina Jolie s&rsquo;essaie \u00e0 un nouveau look, pour son nouveau film, et sa nouvelle vie. Et ce pour un projet marquant son grand come back \u00e0 Hollywood apr\u00e8s une longue travers\u00e9e du d\u00e9sert, proc\u00e8s conjugal oblige. Et cette m\u00e9tamorphose sid\u00e8re les internautes.<\/p>\n<p>Plus pr\u00e9cis\u00e9ment, la superstar hollywoodienne, et interpr\u00e8te de Lara Croft, ose le blanc diaphane. Blond tr\u00e8s clair qui va de pair avec un fond de teint particuli\u00e8rement clair. L&rsquo;heure est \u00e0 la blancheur, ou \u00e0 la \u00ab\u00a0blandeur\u00a0\u00bb, la blondeur blanche, pour l&rsquo;actrice Oscaris\u00e9e, qui d\u00e9cid\u00e9ment n&rsquo;en finit pas de nous \u00e9tonner.<\/p>\n<p>Et d&rsquo;en choquer certains. Vampire, fant\u00f4me, revenant, ectoplasme, tous les qualificatifs de multiplient pour d\u00e9signer l&rsquo;actrice suite \u00e0 la diffusion de ces images. On attend d&rsquo;en savoir plus sur le synopsis pour d\u00e9couvrir la raison de ce style qui change des cr\u00e9ations capillaires tandis de la star : blond d\u00e9color\u00e9, brun t\u00e9n\u00e9breux, longues chevelures, coupes de divas m\u00e9lancoliques comme dans le tout r\u00e9cent Maria, o\u00f9 elle est excelle.<\/p>\n<p>C&rsquo;est \u00e9galement sous la direction de la frenchie Alice Winocour, cin\u00e9aste fran\u00e7aise talentueuse (Revoir Paris, avec Virginie Efira, et le C\u00e9sar de la meilleure actrice qui va avec, c&rsquo;est elle) qu&rsquo;Angelina Jolie va jouer. La superstar am\u00e9ricaine est effectivement tr\u00e8s attendue, dans le bien nomm\u00e9 Couture, drame qui va nous familiariser avec le monde de la mode et o\u00f9 l&rsquo;Oscaris\u00e9e va donner la r\u00e9plique&#8230; A Louis Garrel.\u00a0<\/p>\n<p>Pourquoi pas ?<\/p>\n","protected":false},"excerpt":{"rendered":"La suite apr\u00e8s la publicit\u00e9 Angelina Jolie tente un nouveau style audacieux pour son prochain film. C&rsquo;est plus&hellip;\n","protected":false},"author":2,"featured_media":369423,"comment_status":"","ping_status":"","sticky":false,"template":"","format":"standard","meta":{"footnotes":""},"categories":[1359],"tags":[58,59,1011,27,973],"class_list":{"0":"post-369422","1":"post","2":"type-post","3":"status-publish","4":"format-standard","5":"has-post-thumbnail","7":"category-people","8":"tag-divertissement","9":"tag-entertainment","10":"tag-fr","11":"tag-france","12":"tag-people"},"share_on_mastodon":{"url":"https:\/\/pubeurope.com\/@fr\/115154591622399966","error":""},"_links":{"self":[{"href":"https:\/\/www.europesays.com\/fr\/wp-json\/wp\/v2\/posts\/369422","targetHints":{"allow":["GET"]}}],"collection":[{"href":"https:\/\/www.europesays.com\/fr\/wp-json\/wp\/v2\/posts"}],"about":[{"href":"https:\/\/www.europesays.com\/fr\/wp-json\/wp\/v2\/types\/post"}],"author":[{"embeddable":true,"href":"https:\/\/www.europesays.com\/fr\/wp-json\/wp\/v2\/users\/2"}],"replies":[{"embeddable":true,"href":"https:\/\/www.europesays.com\/fr\/wp-json\/wp\/v2\/comments?post=369422"}],"version-history":[{"count":0,"href":"https:\/\/www.europesays.com\/fr\/wp-json\/wp\/v2\/posts\/369422\/revisions"}],"wp:featuredmedia":[{"embeddable":true,"href":"https:\/\/www.europesays.com\/fr\/wp-json\/wp\/v2\/media\/369423"}],"wp:attachment":[{"href":"https:\/\/www.europesays.com\/fr\/wp-json\/wp\/v2\/media?parent=369422"}],"wp:term":[{"taxonomy":"category","embeddable":true,"href":"https:\/\/www.europesays.com\/fr\/wp-json\/wp\/v2\/categories?post=369422"},{"taxonomy":"post_tag","embeddable":true,"href":"https:\/\/www.europesays.com\/fr\/wp-json\/wp\/v2\/tags?post=369422"}],"curies":[{"name":"wp","href":"https:\/\/api.w.org\/{rel}","templated":true}]}}