{"id":369426,"date":"2025-09-06T00:47:11","date_gmt":"2025-09-06T00:47:11","guid":{"rendered":"https:\/\/www.europesays.com\/fr\/369426\/"},"modified":"2025-09-06T00:47:11","modified_gmt":"2025-09-06T00:47:11","slug":"la-fille-de-johnny-hallyday-et-nathalie-baye-se-livre-sur-le-poids-de-son-heritage-familial","status":"publish","type":"post","link":"https:\/\/www.europesays.com\/fr\/369426\/","title":{"rendered":"la fille de Johnny Hallyday et Nathalie Baye se livre sur le poids de son he\u0301ritage familial"},"content":{"rendered":"<p>Publi\u00e9 le 06 sept. 2025 \u00e0 00:25<\/p>\n<p><strong>Actuellement \u00e0 l&rsquo;affiche d&rsquo;une nouvelle s\u00e9rie baptis\u00e9e Surface, Laura Smet \u00e9tait sur le plateau de Quotidien pour la pr\u00e9senter ce 5 septembre 2025. A l&rsquo;antenne, la fille de Johnny Hallyday et Nathalie Baye a \u00e9galement \u00e9voqu\u00e9 le poids de son h\u00e9ritage familial&#8230; Durant sa jeunesse, il ne lui a pas toujours \u00e9t\u00e9 facile d&rsquo;\u00eatre la digne h\u00e9riti\u00e8re de deux ic\u00f4nes ! <\/strong><\/p>\n<p>Comme ses illustres parents, Laura Smet est une artiste accomplie et plurielle ! Le 1er septembre 2025, les cin\u00e9philes ont d&rsquo;ailleurs \u00e9t\u00e9 heureux de la retrouver dans la s\u00e9rie Surface, adaptation du roman d&rsquo;Olivier Norek d\u00e9sormais diffus\u00e9e sur la 2. Dans la fiction, la demi-s\u0153ur de David, Jade et Joy Hallyday donne la r\u00e9plique \u00e0 Tomer Sisler, qui comme elle, incarne un personnage central. \u00c0 l&rsquo;\u00e9cran, la fille de Nathalie Baye et Johnny Hallyday pr\u00eate ses traits \u00e0 No\u00e9mie Chastain, capitaine de police parisienne d\u00e9figur\u00e9e apr\u00e8s une violente intervention.<\/p>\n<p>Affect\u00e9e dans une petite ville d\u2019Occitanie, cette derni\u00e8re va alors se lancer dans une nouvelle et palpitante enqu\u00eate lorsque le cadavre d\u2019un enfant disparu vingt ans plus t\u00f4t refait surface dans un lac qui engloutissait jusque-l\u00e0 un myst\u00e9rieux village. Faisant actuellement le tour (&#8230;)<\/p>\n","protected":false},"excerpt":{"rendered":"Publi\u00e9 le 06 sept. 2025 \u00e0 00:25 Actuellement \u00e0 l&rsquo;affiche d&rsquo;une nouvelle s\u00e9rie baptis\u00e9e Surface, Laura Smet \u00e9tait&hellip;\n","protected":false},"author":2,"featured_media":369427,"comment_status":"","ping_status":"","sticky":false,"template":"","format":"standard","meta":{"footnotes":""},"categories":[1357],"tags":[1379,58,59,1011,27,1380],"class_list":{"0":"post-369426","1":"post","2":"type-post","3":"status-publish","4":"format-standard","5":"has-post-thumbnail","7":"category-livres","8":"tag-books","9":"tag-divertissement","10":"tag-entertainment","11":"tag-fr","12":"tag-france","13":"tag-livres"},"share_on_mastodon":{"url":"https:\/\/pubeurope.com\/@fr\/115154599565357869","error":""},"_links":{"self":[{"href":"https:\/\/www.europesays.com\/fr\/wp-json\/wp\/v2\/posts\/369426","targetHints":{"allow":["GET"]}}],"collection":[{"href":"https:\/\/www.europesays.com\/fr\/wp-json\/wp\/v2\/posts"}],"about":[{"href":"https:\/\/www.europesays.com\/fr\/wp-json\/wp\/v2\/types\/post"}],"author":[{"embeddable":true,"href":"https:\/\/www.europesays.com\/fr\/wp-json\/wp\/v2\/users\/2"}],"replies":[{"embeddable":true,"href":"https:\/\/www.europesays.com\/fr\/wp-json\/wp\/v2\/comments?post=369426"}],"version-history":[{"count":0,"href":"https:\/\/www.europesays.com\/fr\/wp-json\/wp\/v2\/posts\/369426\/revisions"}],"wp:featuredmedia":[{"embeddable":true,"href":"https:\/\/www.europesays.com\/fr\/wp-json\/wp\/v2\/media\/369427"}],"wp:attachment":[{"href":"https:\/\/www.europesays.com\/fr\/wp-json\/wp\/v2\/media?parent=369426"}],"wp:term":[{"taxonomy":"category","embeddable":true,"href":"https:\/\/www.europesays.com\/fr\/wp-json\/wp\/v2\/categories?post=369426"},{"taxonomy":"post_tag","embeddable":true,"href":"https:\/\/www.europesays.com\/fr\/wp-json\/wp\/v2\/tags?post=369426"}],"curies":[{"name":"wp","href":"https:\/\/api.w.org\/{rel}","templated":true}]}}