{"id":369428,"date":"2025-09-06T00:48:17","date_gmt":"2025-09-06T00:48:17","guid":{"rendered":"https:\/\/www.europesays.com\/fr\/369428\/"},"modified":"2025-09-06T00:48:17","modified_gmt":"2025-09-06T00:48:17","slug":"un-nouveau-chapitre-de-ma-vie-mohamed-bouhafsi-fait-sa-rentree-aux-commandes-de-c-a-vous-une-premiere-qui-etait-tres-attendue-purepeople","status":"publish","type":"post","link":"https:\/\/www.europesays.com\/fr\/369428\/","title":{"rendered":"&quot;Un nouveau chapitre de ma vie&quot; : Mohamed Bouhafsi fait sa rentr\u00e9e aux commandes de C \u00e0 Vous, une premi\u00e8re qui \u00e9tait tr\u00e8s attendue &#8211; Purepeople"},"content":{"rendered":"<ol>\n<li><a href=\"https:\/\/news.google.com\/rss\/articles\/CBMi_wFBVV95cUxNbkhucWdYMm1XaHkzbmx6ZU1vRWYxM3drdmtCR3I5TG1sNmthLWNSS3N2MW94cXU5aGE0TDhRTTNudlIwcWhfN281aE5XRld5SEotay1OZy1vMVdrejNTX0V4RFdXVHAyRkx3OUFPU25WSDRFU0oydnVnLUU1cHZYeGRNdzlKalNXbFhTLUxFcmpjX2ZZdDNSdm9UbHBBRHZjUkpaZ2doLW10Ui04Yl8wcVZ6TlAtWmZoR2JFbmZaTWpLVlZlVHU4TFhEcnpwSDhZRlFsSktDUFFNcDMxRUlQOGxCRTdyS0lRNnp6Vkc3Y3JKYjhGa1VGXzF4M3AwOVU?oc=5\" target=\"_blank\" rel=\"nofollow noopener\">\u00ab\u00a0Un nouveau chapitre de ma vie\u00a0\u00bb : Mohamed Bouhafsi fait sa rentr\u00e9e aux commandes de C \u00e0 Vous, une premi\u00e8re qui \u00e9tait tr\u00e8s attendue<\/a>&nbsp;&nbsp;Purepeople<\/li>\n<li><a href=\"https:\/\/news.google.com\/rss\/articles\/CBMiiwJBVV95cUxPYVRJZ0hhZlNXYWE0TktxS3ltUnZfT2tQbzNIWF9wcnp1VWxTX004Vlk1bm93M2pUSzVzMFdrdWgwTmpnaXNVS3daY0pDVkd6VnZabmJEdmc2M3BuR1ZfNVRKQVQ5OVhYLUdCQWlmZXE0bDBrZWFfNXdSX0VSajRvZ1JzSEUtVjhNV2Zybk5JVnktVnQ4VUQ3Q2FndEJiZktUS1RLTzQyXy1IT0c1Z0JqUW1uX0hpUDUxbHJZUzRHWTEwQ3V5OUFPVGtwX0lwVXNXQV9XTzVIeWd4NUlHWWx6eVZEeHVoaE1tQXR2bFVhcThtVlB3dkEzTnI4RHdQWW9WMENoOUwzQnRVeWc?oc=5\" target=\"_blank\" rel=\"nofollow noopener\">\u00ab C \u00e0 vous \u00bb : qui sont les nouveaux chroniqueurs autour de Mohamed Bouhafsi ?<\/a>&nbsp;&nbsp;Programme TV Ouest-France<\/li>\n<li><a href=\"https:\/\/news.google.com\/rss\/articles\/CBMixAFBVV95cUxNcWJpSkdYdVVFVTFRaUtoY3ZMLVBpdnRWUERkTkdOSWFIdnhzMTJBbDNPek5ZUXFETzNiNDhpdU1XUy1VdE40X3hKYllqU3dPS21MOFBJY3BpWWp3YnFPcjg0OFBmVk9uTm1Fd1h4YjF5TXJGZEZFY3Fvd0JqU01uQ0tsZzk0UVE5eXV2Y3drQnRxeEZPMFc0WXJXRmxlRkdUWUpTUnc1bkl2amtmSTM1czNlek9uRTFKMHAtVDNvSUl0VzJP?oc=5\" target=\"_blank\" rel=\"nofollow noopener\">C \u00e0 vous : pourquoi Anne-\u00c9lisabeth Lemoine n\u2019anime plus l\u2019\u00e9mission le vendredi<\/a>&nbsp;&nbsp;Gala<\/li>\n<li><a href=\"https:\/\/news.google.com\/rss\/articles\/CBMingFBVV95cUxOM2w3WU1qMFFDWEFCTDJfV1lDUlNJTmlOOS1QVjhZeENWTHdCWGtYU2FqMnhxRTFYNktIaWtBOFZ6UGNYeHBrNWZVbzBNZGJScE1xbmFqT01hMHB4V0hQUWdkSFl3dzA3eDhLMXl1dERiQ1U2SHlkVEswczltcEdhZXhqOVpHWjdlbGQ0SW8tOXR5Uk03VjVMWk82NDhhdw?oc=5\" target=\"_blank\" rel=\"nofollow noopener\">Invit\u00e9s : Fran\u00e7ois Hollande, Marie Turcan en replay &#8211; C \u00e0 vous<\/a>&nbsp;&nbsp;France TV<\/li>\n<li><a href=\"https:\/\/news.google.com\/rss\/articles\/CBMiqAFBVV95cUxNZnJHYzZrOUtjWHpWUjVlMnBlMG50ZkQyQ0F4ajNSaGc5Q0Uwc3J0a2hVN2xuXzVoUU51UG9Nc2xYRGxETXpjWEdWMkNKVGo4bVFGcHVBcTg0RUczTm0wYVBEZUt1alVwczhCN1NDek5tZlJ1d2JMYVV4a3N2ckdyUHZpNU5qQXVlNW5JWVNBWGI0aFlpczhmYlZPMDJkdU9Fd3hjSzBkUXA?oc=5\" target=\"_blank\" rel=\"nofollow noopener\">La rentr\u00e9e du PAF : comment \u00ab\u00a0C \u00e0 vous\u00a0\u00bb est devenu le plus appr\u00e9ci\u00e9 des talk-shows fran\u00e7ais<\/a>&nbsp;&nbsp;marieclaire.fr<\/li>\n<\/ol>\n","protected":false},"excerpt":{"rendered":"\u00ab\u00a0Un nouveau chapitre de ma vie\u00a0\u00bb : Mohamed Bouhafsi fait sa rentr\u00e9e aux commandes de C \u00e0 Vous,&hellip;\n","protected":false},"author":2,"featured_media":1445,"comment_status":"","ping_status":"","sticky":false,"template":"","format":"standard","meta":{"footnotes":""},"categories":[1356],"tags":[58,59,1011,27,252,1364],"class_list":{"0":"post-369428","1":"post","2":"type-post","3":"status-publish","4":"format-standard","5":"has-post-thumbnail","7":"category-television","8":"tag-divertissement","9":"tag-entertainment","10":"tag-fr","11":"tag-france","12":"tag-television","13":"tag-tv"},"share_on_mastodon":{"url":"https:\/\/pubeurope.com\/@fr\/115154603636172536","error":""},"_links":{"self":[{"href":"https:\/\/www.europesays.com\/fr\/wp-json\/wp\/v2\/posts\/369428","targetHints":{"allow":["GET"]}}],"collection":[{"href":"https:\/\/www.europesays.com\/fr\/wp-json\/wp\/v2\/posts"}],"about":[{"href":"https:\/\/www.europesays.com\/fr\/wp-json\/wp\/v2\/types\/post"}],"author":[{"embeddable":true,"href":"https:\/\/www.europesays.com\/fr\/wp-json\/wp\/v2\/users\/2"}],"replies":[{"embeddable":true,"href":"https:\/\/www.europesays.com\/fr\/wp-json\/wp\/v2\/comments?post=369428"}],"version-history":[{"count":0,"href":"https:\/\/www.europesays.com\/fr\/wp-json\/wp\/v2\/posts\/369428\/revisions"}],"wp:featuredmedia":[{"embeddable":true,"href":"https:\/\/www.europesays.com\/fr\/wp-json\/wp\/v2\/media\/1445"}],"wp:attachment":[{"href":"https:\/\/www.europesays.com\/fr\/wp-json\/wp\/v2\/media?parent=369428"}],"wp:term":[{"taxonomy":"category","embeddable":true,"href":"https:\/\/www.europesays.com\/fr\/wp-json\/wp\/v2\/categories?post=369428"},{"taxonomy":"post_tag","embeddable":true,"href":"https:\/\/www.europesays.com\/fr\/wp-json\/wp\/v2\/tags?post=369428"}],"curies":[{"name":"wp","href":"https:\/\/api.w.org\/{rel}","templated":true}]}}