{"id":369429,"date":"2025-09-06T00:49:15","date_gmt":"2025-09-06T00:49:15","guid":{"rendered":"https:\/\/www.europesays.com\/fr\/369429\/"},"modified":"2025-09-06T00:49:15","modified_gmt":"2025-09-06T00:49:15","slug":"avec-mon-petit-france-inter-radio-france-espere-conquerir-les-enfants","status":"publish","type":"post","link":"https:\/\/www.europesays.com\/fr\/369429\/","title":{"rendered":"Avec Mon petit France Inter, Radio France esp\u00e8re conqu\u00e9rir les enfants"},"content":{"rendered":"<p>      Le groupe public a pr\u00e9sent\u00e9 jeudi son projet de radio jeunesse, mis en avant sous la banni\u00e8re de France Inter. La diffusion en ligne devrait commencer en octobre, avant une arriv\u00e9e sur la radio num\u00e9rique terrestre. Un mod\u00e8le aussi d\u00e9clin\u00e9 pour les tout-petits.              <a href=\"https:\/\/www.europesays.com\/fr\/wp-content\/uploads\/2025\/09\/9a59b85_upload-1-peoiq9zvj10g-gettyimages-1001165058.jpg\" data-pswp-width=\"\" data-pswp-height=\"\" class=\"media__hd\" target=\"_blank\">      <img decoding=\"async\" fetchpriority=\"high\" src=\"https:\/\/www.europesays.com\/fr\/wp-content\/uploads\/2025\/09\/9a59b85_upload-1-peoiq9zvj10g-gettyimages-1001165058.jpg\" class=\"media__picture js-media-zoom-main \" alt=\"Mon petit France Inter\u00a0s\u2019adressera aux 6-12\u00a0ans.\" title=\"Photo Traimak Ivan\/Getty Images\/iStockphoto\"\/>      <\/p>\n<p class=\"media__legend\"> Mon petit France Inter\u00a0s\u2019adressera aux 6-12\u00a0ans.  Photo Traimak Ivan\/Getty Images\/iStockphoto  <\/p>\n<p>     <\/a>                    <\/p>\n<p class=\"author author--simple\">Par  <a class=\"author author--link\" href=\"https:\/\/www.telerama.fr\/recherche\/articles?q=Carole+Lefran%C3%A7ois\" rel=\"nofollow noopener\" target=\"_blank\"> Carole Lefran\u00e7ois <\/a>    <\/p>\n<p class=\"publication__date\">Publi\u00e9 le 05 septembre 2025 \u00e0 15h15<\/p>\n<p>   Partager   <\/p>\n<ul class=\"sharing-popin--results\">\n<li class=\"sharing-popin--item sharing-popin--item-container\"> Partage  <\/li>\n<li data-share=\"linkedin\" class=\"sharing-popin--item\">  LinkedIn <\/li>\n<li data-share=\"facebook\" class=\"sharing-popin--item\">  Facebook <\/li>\n<li data-share=\"mail\" data-social=\"mail\" class=\"sharing-popin--item\">  Envoyer par email <\/li>\n<li data-share=\"copy\" class=\"sharing-popin--item\">  Copier le lien <\/li>\n<\/ul>\n<p>        Favoris       <\/p>\n<p>                <a class=\"openapp__link\" data-event=\"click-open-app\" data-deep-link=\"tlrm:\/\/element?id=\/radio\/avec-mon-petit-france-inter-radio-france-espere-conquerir-les-enfants-7027221.php&amp;source=deeplink_site\">  Lire dans l&rsquo;application<br \/>\n  <\/a>                               <\/p>\n<p class=\"paragraph\">Comment s\u00e9duire une g\u00e9n\u00e9ration n\u00e9e avec les smartphones et habitu\u00e9e aux contenus visuels\u00a0? France Inter lance une offensive de charme aupr\u00e8s du jeune public, avec le lancement de deux nouvelles radios sur le num\u00e9rique\u00a0: Mon petit France Inter, pour les 6-12\u00a0ans, avant la Toussaint, et Mon tout petit France Inter pour les 2-6\u00a0ans, pour la fin de l\u2019ann\u00e9e. L\u2019initiative, pr\u00e9sent\u00e9e jeudi soir lors de la conf\u00e9rence de presse de rentr\u00e9e de Radio France, s\u2019accompagne d\u2019un slogan aussi ironique qu\u2019efficace\u00a0: \u00ab\u00a0Nous au moins, vos enfants nous \u00e9coutent\u00a0!\u00a0\u00bb Cette pique \u00e0 peine dissimul\u00e9e \u00e0 l\u2019\u00e9gard des parents d\u00e9bord\u00e9s signe l\u2019ambition claire du groupe public\u00a0: reconqu\u00e9rir une g\u00e9n\u00e9ration hyperconnect\u00e9e d\u00e8s son plus jeune \u00e2ge, alors que des \u00e9tudes alertent sur les <a target=\"_blank\" href=\"https:\/\/www.telerama.fr\/enfants\/ecrans-et-enfants-les-liens-entre-chercheurs-et-lobby-de-la-tech-dans-le-viseur-des-associations-7026369.php\" rel=\"nofollow noopener\">effets n\u00e9fastes des \u00e9crans<\/a> sur le d\u00e9veloppement cognitif des plus jeunes.<\/p>\n<p class=\"paragraph\">\u00ab\u00a0L\u2019audio renforce des comp\u00e9tences chez les enfants, comme la capacit\u00e9 de se concentrer et de d\u00e9velopper son imagination\u00a0\u00bb, explique <a target=\"_blank\" href=\"https:\/\/www.telerama.fr\/radio\/mais-que-veut-elle-enquete-sur-adele-van-reeth-la-patronne-qui-inquiete-france-inter-7022616.php\" rel=\"nofollow noopener\">Ad\u00e8le Van Reeth<\/a> la directrice de France Inter, qui voit dans ce projet confi\u00e9 \u00e0 sa station une nouvelle fa\u00e7on de r\u00e9pondre \u00e0 \u00ab\u00a0une mission de service public\u00a0\u00bb. Disponibles dans un espace consacr\u00e9 et s\u00e9curis\u00e9 sur l\u2019application de Radio France et son site Internet, les grilles de ces nouvelles radios diffuseront des r\u00e9cits et de la musique, selon une playlist confi\u00e9e aux programmateurs de France Inter, qui se veut \u00ab\u00a0interg\u00e9n\u00e9rationnelle\u00a0\u00bb pour les plus grands (d\u2019Aldebert \u00e0 Madonna), et nourrie de comptines pour celle des tout-petits.<\/p>\n<p>                Le rep\u00e8re France Inter                       <\/p>\n<p class=\"paragraph\">Pour alimenter ces nouveaux programmes, le groupe public peut compter sur les 4\u00a0000\u00a0contenus jeunesse d\u00e9j\u00e0 produits par ses diff\u00e9rentes antennes, comme <a target=\"_blank\" href=\"https:\/\/www.telerama.fr\/radio\/derriere-le-podcast-les-odyssees-d-inter-laure-grandbesancon-l-exploratrice-preferee-des-enfants-7024110.php\" rel=\"nofollow noopener\">Les odyss\u00e9es<\/a> de France Inter, mais aussi les adaptations de <a target=\"_blank\" href=\"https:\/\/www.telerama.fr\/radio\/podcast-tintin-et-le-secret-de-la-licorne-sublime-par-la-comedie-francaise-sur-france-culture-7016751.php\" rel=\"nofollow noopener\">Tintin<\/a> sur France Culture ou encore <a target=\"_blank\" href=\"https:\/\/www.telerama.fr\/radio\/podcast-pour-enfants-octave-et-melo-deux-chouettes-copains-pour-decouvrir-la-musique-7010924.php\" rel=\"nofollow noopener\">Octave et M\u00e9lo<\/a> sur France Musique \u2014 leurs podcasts se retrouvant ainsi import\u00e9s sous la banni\u00e8re de la station g\u00e9n\u00e9raliste du groupe, dont le nom a \u00e9t\u00e9 privil\u00e9gi\u00e9. \u00ab\u00a0Il fallait une marque connue et identifiable comme France Inter, assure Ad\u00e8le Van Reeth, comme une \u00e9vidence. Mais, bien entendu, les antennes d\u2019origine de ces podcasts seront mentionn\u00e9es.\u00a0\u00bb<\/p>\n<p class=\"paragraph\">\u00ab\u00a0Nous voulons construire l\u2019avenir de la radio avec les enfants d\u2019aujourd\u2019hui, qui seront les auditeurs de demain\u00a0\u00bb, se r\u00e9jouit-elle. La diffusion de Mon petit France Inter devrait \u00e9galement s\u2019\u00e9tendre sur les ondes avec une arriv\u00e9e sur la radio num\u00e9rique terrestre, <a target=\"_blank\" href=\"https:\/\/www.telerama.fr\/radio\/pour-l-arcom-l-avenir-de-la-radio-passe-par-le-dab-7020927.php\" rel=\"nofollow noopener\">le DAB +<\/a>, \u00e0 partir de septembre\u00a02026. Cette initiative saura-t-elle capter l\u2019attention d\u2019une g\u00e9n\u00e9ration captiv\u00e9e par les images d\u00e8s son plus jeune \u00e2ge\u00a0? Le d\u00e9fi louable de Radio France est de taille\u00a0: opposer la puissance de l\u2019audio \u00e0 la domination des \u00e9crans.<\/p>\n<p class=\"edito__prefixe\">   \u00c0 lire aussi :   <\/p>\n<p class=\"edito__text-container\">     <a alt=\"Lire aussi\" href=\"https:\/\/www.telerama.fr\/radio\/daphne-burki-et-ses-nouvelles-tetes-un-peu-de-fraicheur-sur-france-inter-7027198.php\" class=\"article__title--edito\" rel=\"nofollow noopener\" target=\"_blank\">Daphn\u00e9 B\u00fcrki et ses \u201cNouvelles t\u00eates\u201d, un peu de fra\u00eecheur sur France Inter<\/a>  <\/p>\n","protected":false},"excerpt":{"rendered":"Le groupe public a pr\u00e9sent\u00e9 jeudi son projet de radio jeunesse, mis en avant sous la banni\u00e8re de&hellip;\n","protected":false},"author":2,"featured_media":369430,"comment_status":"","ping_status":"","sticky":false,"template":"","format":"standard","meta":{"footnotes":""},"categories":[1355],"tags":[58,59,1011,27,1361,873],"class_list":{"0":"post-369429","1":"post","2":"type-post","3":"status-publish","4":"format-standard","5":"has-post-thumbnail","7":"category-musique","8":"tag-divertissement","9":"tag-entertainment","10":"tag-fr","11":"tag-france","12":"tag-music","13":"tag-musique"},"share_on_mastodon":{"url":"https:\/\/pubeurope.com\/@fr\/115154607751343366","error":""},"_links":{"self":[{"href":"https:\/\/www.europesays.com\/fr\/wp-json\/wp\/v2\/posts\/369429","targetHints":{"allow":["GET"]}}],"collection":[{"href":"https:\/\/www.europesays.com\/fr\/wp-json\/wp\/v2\/posts"}],"about":[{"href":"https:\/\/www.europesays.com\/fr\/wp-json\/wp\/v2\/types\/post"}],"author":[{"embeddable":true,"href":"https:\/\/www.europesays.com\/fr\/wp-json\/wp\/v2\/users\/2"}],"replies":[{"embeddable":true,"href":"https:\/\/www.europesays.com\/fr\/wp-json\/wp\/v2\/comments?post=369429"}],"version-history":[{"count":0,"href":"https:\/\/www.europesays.com\/fr\/wp-json\/wp\/v2\/posts\/369429\/revisions"}],"wp:featuredmedia":[{"embeddable":true,"href":"https:\/\/www.europesays.com\/fr\/wp-json\/wp\/v2\/media\/369430"}],"wp:attachment":[{"href":"https:\/\/www.europesays.com\/fr\/wp-json\/wp\/v2\/media?parent=369429"}],"wp:term":[{"taxonomy":"category","embeddable":true,"href":"https:\/\/www.europesays.com\/fr\/wp-json\/wp\/v2\/categories?post=369429"},{"taxonomy":"post_tag","embeddable":true,"href":"https:\/\/www.europesays.com\/fr\/wp-json\/wp\/v2\/tags?post=369429"}],"curies":[{"name":"wp","href":"https:\/\/api.w.org\/{rel}","templated":true}]}}