{"id":369435,"date":"2025-09-06T00:53:10","date_gmt":"2025-09-06T00:53:10","guid":{"rendered":"https:\/\/www.europesays.com\/fr\/369435\/"},"modified":"2025-09-06T00:53:10","modified_gmt":"2025-09-06T00:53:10","slug":"les-fans-depites-par-le-prix-des-places-du-concert-ded-sheeran-a-paris","status":"publish","type":"post","link":"https:\/\/www.europesays.com\/fr\/369435\/","title":{"rendered":"les fans d\u00e9pit\u00e9s par le prix des places du concert d&rsquo;Ed Sheeran \u00e0 Paris"},"content":{"rendered":"<p><img decoding=\"async\" src=\"https:\/\/www.europesays.com\/fr\/wp-content\/uploads\/2025\/09\/photo_1757083446.jpg\" class=\"textcenter img-content\" loading=\"lazy\"\/>Bestimage<br \/>\n<br \/>\nUne grande nouvelle pour les fans, moins pour leur porte-feuille. Afin de c\u00e9l\u00e9brer la sortie de son <a href=\"https:\/\/www.chartsinfrance.net\/actualite\/news-132439.html\" target=\"_blank\" class=\"spip_out\" rel=\"nofollow noopener\">album \u00ab\u00a0Play\u00a0\u00bb<\/a> ce vendredi, Ed Sheeran lancera en d\u00e9cembre une mini-tourn\u00e9e europ\u00e9enne. Et la star britannique &#8211; habitu\u00e9e \u00e0 remplir les stades &#8211; se produira dans des salles \u00e0 taille plus humaine. \u00c0 Paris, il refoulera <a href=\"https:\/\/www.chartsinfrance.net\/actualite\/news-133666.html\" target=\"_blank\" class=\"spip_out\" rel=\"nofollow noopener\">la sc\u00e8ne du Z\u00e9nith<\/a> le 1er d\u00e9cembre prochain. Forc\u00e9ment, avec seulement 6.000 places mises en vente, la soir\u00e9e risque d&rsquo;afficher complet en quelques minutes. Mais alors que les billets seront disponibles cette semaine, <a href=\"https:\/\/www.chartsinfrance.net\/actualite\/news-133686.html\" target=\"_blank\" class=\"spip_out\" rel=\"nofollow noopener\">les prix ont \u00e9t\u00e9 r\u00e9v\u00e9l\u00e9s<\/a> par Ticketmaster et la proximit\u00e9 se paie cher : entre 93 et 137 euros pour des places assises en gradins et 110 euros l&rsquo;entr\u00e9e en fosse debout. <\/p>\n<p>Le player Dailymotion est en train de se charger&#8230;<\/p>\n<p>\u00ab\u00a0C&rsquo;est le fou du bus, j&rsquo;ai trop la haine\u00a0\u00bb<br \/>\nDes tarifs \u00e9lev\u00e9s qui peuvent s&rsquo;expliquer par l&rsquo;intimit\u00e9 des lieux contrairement aux stades, mais qui ne passent pas pour les dizaines de milliers de fans fran\u00e7ais d&rsquo;Ed Sheeran. Sur les r\u00e9seaux sociaux, bon nombre s&rsquo;insurgent contre les prix demand\u00e9s. \u00ab \u00c7a va on te d\u00e9range pas trop ? \u00bb, \u00ab Il a craqu\u00e9 sur les prix pour un Z\u00e9nith \u00bb, \u00ab Dire que je l&rsquo;ai vu \u00e0 Lille pour 30 euros, je vais passer mon tour \u00bb, \u00ab 110 euros une fosse de Z\u00e9nith on est chez les dingues \u00bb, \u00ab J&rsquo;esp\u00e8re c&rsquo;est une illusion d&rsquo;optique \u00bb, \u00ab Je d\u00e9teste tellement les millionnaires qui ont pas un tout petit peu de consid\u00e9ration pour leurs fans \u00bb, \u00ab \u00c7a va pas la t\u00eate ? \u00bb, \u00ab Les m\u00eames prix qu&rsquo;il avait fait \u00e0 Bercy et en stade \u00e0 Lille c&rsquo;est le fou du bus j&rsquo;ai trop la haine \u00bb peut-on lire en commentaire d&rsquo;une publication X partageant les prix, tandis qu&rsquo;un autre internaute r\u00e9sume parfaitement la situation : \u00ab C&rsquo;est d\u00e9lirant mais ils savent que ce sera complet quoi qu&rsquo;il arrive \u00bb.<\/p>\n<blockquote class=\"twitter-tweet\">\n<p lang=\"fr\" dir=\"ltr\">110\u20ac pour une fosse au z\u00e9nith nan j&rsquo;esp\u00e8re c&rsquo;est une illusion d&rsquo;optique <a href=\"https:\/\/t.co\/6UaOylIHLq\" rel=\"nofollow\">https:\/\/t.co\/6UaOylIHLq<\/a><\/p>\n<p>\u2014 cam\u00e9 (@cameliashouse) <a href=\"https:\/\/twitter.com\/cameliashouse\/status\/1963901302619914463?ref_src=twsrc%5Etfw\" rel=\"nofollow noopener\" target=\"_blank\">September 5, 2025<\/a><\/p><\/blockquote>\n<p>Au contraire, un fan trouve plut\u00f4t ces tarifs \u00ab corrects \u00bb : \u00ab Je pr\u00e9f\u00e8re payer plus cher et \u00eatre plus proche, que payer \u00e9norm\u00e9ment pour \u00eatre \u00e0 l&rsquo;autre bout \u00bb. Enfin, d&rsquo;autres rappellent que lors de son pr\u00e9c\u00e9dent passage au Z\u00e9nith de Paris en 2015, les billets coutaient entre 34 et 39 euros. Signe des temps&#8230;<\/p>\n<p><script async src=\"https:\/\/platform.twitter.com\/widgets.js\" charset=\"utf-8\"><\/script><\/p>\n","protected":false},"excerpt":{"rendered":"Bestimage Une grande nouvelle pour les fans, moins pour leur porte-feuille. Afin de c\u00e9l\u00e9brer la sortie de son&hellip;\n","protected":false},"author":2,"featured_media":369436,"comment_status":"","ping_status":"","sticky":false,"template":"","format":"standard","meta":{"footnotes":""},"categories":[8],"tags":[58,59,1011,27],"class_list":{"0":"post-369435","1":"post","2":"type-post","3":"status-publish","4":"format-standard","5":"has-post-thumbnail","7":"category-divertissement","8":"tag-divertissement","9":"tag-entertainment","10":"tag-fr","11":"tag-france"},"share_on_mastodon":{"url":"https:\/\/pubeurope.com\/@fr\/115154623218922687","error":""},"_links":{"self":[{"href":"https:\/\/www.europesays.com\/fr\/wp-json\/wp\/v2\/posts\/369435","targetHints":{"allow":["GET"]}}],"collection":[{"href":"https:\/\/www.europesays.com\/fr\/wp-json\/wp\/v2\/posts"}],"about":[{"href":"https:\/\/www.europesays.com\/fr\/wp-json\/wp\/v2\/types\/post"}],"author":[{"embeddable":true,"href":"https:\/\/www.europesays.com\/fr\/wp-json\/wp\/v2\/users\/2"}],"replies":[{"embeddable":true,"href":"https:\/\/www.europesays.com\/fr\/wp-json\/wp\/v2\/comments?post=369435"}],"version-history":[{"count":0,"href":"https:\/\/www.europesays.com\/fr\/wp-json\/wp\/v2\/posts\/369435\/revisions"}],"wp:featuredmedia":[{"embeddable":true,"href":"https:\/\/www.europesays.com\/fr\/wp-json\/wp\/v2\/media\/369436"}],"wp:attachment":[{"href":"https:\/\/www.europesays.com\/fr\/wp-json\/wp\/v2\/media?parent=369435"}],"wp:term":[{"taxonomy":"category","embeddable":true,"href":"https:\/\/www.europesays.com\/fr\/wp-json\/wp\/v2\/categories?post=369435"},{"taxonomy":"post_tag","embeddable":true,"href":"https:\/\/www.europesays.com\/fr\/wp-json\/wp\/v2\/tags?post=369435"}],"curies":[{"name":"wp","href":"https:\/\/api.w.org\/{rel}","templated":true}]}}