{"id":369460,"date":"2025-09-06T01:06:15","date_gmt":"2025-09-06T01:06:15","guid":{"rendered":"https:\/\/www.europesays.com\/fr\/369460\/"},"modified":"2025-09-06T01:06:15","modified_gmt":"2025-09-06T01:06:15","slug":"montpellier-14-ans-de-prison-contre-un-homme-sage-femme-accuse-de-viol-sur-six-patientes","status":"publish","type":"post","link":"https:\/\/www.europesays.com\/fr\/369460\/","title":{"rendered":"Montpellier : 14\u00a0ans de prison contre un homme sage-femme accus\u00e9 de viol sur six patientes"},"content":{"rendered":"<p class=\"paragraph text_align_left lp-f-body-02\">Quatorze ans de prison. C\u2019est la peine \u00e0 laquelle a \u00e9t\u00e9 condamn\u00e9 ce vendredi <a href=\"https:\/\/www.leparisien.fr\/faits-divers\/un-homme-sage-femme-deja-condamne-a-nouveau-juge-pour-viols-de-six-patientes-04-09-2025-7OQDSU4U6FGLZK56EOSSA7FLHE.php\" target=\"_blank\" rel=\"noreferrer nofollow noopener\">un homme qui pratiquait l\u2019activit\u00e9 de sage-femme<\/a>. Jug\u00e9 \u00e0 Montpellier (sud) pour avoir viol\u00e9 des patientes, il a \u00e9t\u00e9 reconnu coupable d\u2019une \u00ab multiplication des faits, des victimes \u00bb et la prise de conscience limit\u00e9e de ses actes a \u00e9t\u00e9 point\u00e9e.<\/p>\n<p class=\"paragraph text_align_left lp-f-body-02\">\u00ab C\u2019est le dossier de la lib\u00e9ration de la parole, qui a \u00e9t\u00e9 verrouill\u00e9e par la honte, par la culpabilit\u00e9, par celles qui ont eu le courage de venir devant vous pour nommer les choses. Il n\u2019est pas acceptable qu\u2019une femme soit d\u00e9poss\u00e9d\u00e9e de ses choix, notamment ses choix sexuels \u00bb, a estim\u00e9 l\u2019avocat g\u00e9n\u00e9ral, Yessine Bouchareb face \u00e0 cet ex-soignant, d\u00e9j\u00e0 condamn\u00e9 en 2021 \u00e0 12 ans de prison pour 11 viols sur d\u2019autres patientes. Ce dernier avait requis 14 ann\u00e9es de r\u00e9clusion. Il a donc \u00e9t\u00e9 suivi par les jur\u00e9s.<\/p>\n<p class=\"paragraph text_align_left lp-f-body-02\">Le magistrat faisait ainsi r\u00e9f\u00e9rence \u00e0 un premier proc\u00e8s, dont la m\u00e9diatisation avait pouss\u00e9 d\u2019autres patientes \u00e0 se manifester, conduisant \u00e0 ce nouveau proc\u00e8s, lors duquel Lionel Charvin, 54 ans, est jug\u00e9 pour les viols de six autres femmes.<\/p>\n<p class=\"paragraph text_align_left lp-f-body-02\">\u00ab Ici, il n\u2019y a qu\u2019un coupable, M. Charvin, et des victimes \u00bb et \u00ab il n\u2019y a pas discussion sur la mat\u00e9rialit\u00e9 des faits \u00bb, a insist\u00e9 l\u2019avocat g\u00e9n\u00e9ral, esp\u00e9rant que le \u00ab sentiment de culpabilit\u00e9 des victimes \u00bb s\u2019estompe.<\/p>\n<p class=\"lp-card-podcast-highlighting__title  lp-f-subtitle-05\">[4\/4] C\u00e9cile Vallin, les secrets d\u2019une disparition<\/p>\n<p class=\"lp-card-podcast-highlighting__description lp-f-ui-05\">Crime story raconte chaque semaine les grandes affaires criminelles.<\/p>\n<p><a class=\"lp-card-podcast-highlighting__call-to-action\" data-page-type=\"HP\" data-block-name=\"podcast-highlight\">\u00c9couter<\/a>\u00ab Toutes les inqui\u00e9tudes ne sont pas lev\u00e9es \u00e0 l\u2019issue de l\u2019audience \u00bb<\/p>\n<p class=\"paragraph text_align_left lp-f-body-02\">\u00ab Multiplication des faits, multiplication des victimes, capacit\u00e9 de r\u00e9flexion sur ses propres actes insuffisante. Toutes les inqui\u00e9tudes ne sont pas lev\u00e9es \u00e0 l\u2019issue de l\u2019audience \u00bb, a aussi estim\u00e9 le repr\u00e9sentant du minist\u00e8re public, apr\u00e8s deux jours de proc\u00e8s durant lesquels l\u2019accus\u00e9 s\u2019est d\u00e9fendu en affirmant qu\u2019il pratiquait des gestes m\u00e9dicaux et non sexuels.<\/p>\n<p class=\"paragraph text_align_left lp-f-body-02\">Lionel Charvin a exerc\u00e9 en lib\u00e9ral et dans une clinique \u00e0 Montpellier jusqu\u2019en 2016.<\/p>\n","protected":false},"excerpt":{"rendered":"Quatorze ans de prison. C\u2019est la peine \u00e0 laquelle a \u00e9t\u00e9 condamn\u00e9 ce vendredi un homme qui pratiquait&hellip;\n","protected":false},"author":2,"featured_media":369461,"comment_status":"","ping_status":"","sticky":false,"template":"","format":"standard","meta":{"footnotes":""},"categories":[9599],"tags":[1111,11,459,1777,674,118,1011,27,2208,12,2680,25],"class_list":{"0":"post-369460","1":"post","2":"type-post","3":"status-publish","4":"format-standard","5":"has-post-thumbnail","7":"category-montpellier","8":"tag-actu","9":"tag-actualites","10":"tag-departements-horsidfo","11":"tag-eu","12":"tag-europe","13":"tag-faits-divers","14":"tag-fr","15":"tag-france","16":"tag-montpellier","17":"tag-news","18":"tag-occitanie","19":"tag-republique-francaise"},"share_on_mastodon":{"url":"https:\/\/pubeurope.com\/@fr\/115154674146991719","error":""},"_links":{"self":[{"href":"https:\/\/www.europesays.com\/fr\/wp-json\/wp\/v2\/posts\/369460","targetHints":{"allow":["GET"]}}],"collection":[{"href":"https:\/\/www.europesays.com\/fr\/wp-json\/wp\/v2\/posts"}],"about":[{"href":"https:\/\/www.europesays.com\/fr\/wp-json\/wp\/v2\/types\/post"}],"author":[{"embeddable":true,"href":"https:\/\/www.europesays.com\/fr\/wp-json\/wp\/v2\/users\/2"}],"replies":[{"embeddable":true,"href":"https:\/\/www.europesays.com\/fr\/wp-json\/wp\/v2\/comments?post=369460"}],"version-history":[{"count":0,"href":"https:\/\/www.europesays.com\/fr\/wp-json\/wp\/v2\/posts\/369460\/revisions"}],"wp:featuredmedia":[{"embeddable":true,"href":"https:\/\/www.europesays.com\/fr\/wp-json\/wp\/v2\/media\/369461"}],"wp:attachment":[{"href":"https:\/\/www.europesays.com\/fr\/wp-json\/wp\/v2\/media?parent=369460"}],"wp:term":[{"taxonomy":"category","embeddable":true,"href":"https:\/\/www.europesays.com\/fr\/wp-json\/wp\/v2\/categories?post=369460"},{"taxonomy":"post_tag","embeddable":true,"href":"https:\/\/www.europesays.com\/fr\/wp-json\/wp\/v2\/tags?post=369460"}],"curies":[{"name":"wp","href":"https:\/\/api.w.org\/{rel}","templated":true}]}}