{"id":369464,"date":"2025-09-06T01:11:16","date_gmt":"2025-09-06T01:11:16","guid":{"rendered":"https:\/\/www.europesays.com\/fr\/369464\/"},"modified":"2025-09-06T01:11:16","modified_gmt":"2025-09-06T01:11:16","slug":"pro-d2-grenoble-use-aurillac-sur-la-duree-et-enchaine-avec-un-succes-bonifie","status":"publish","type":"post","link":"https:\/\/www.europesays.com\/fr\/369464\/","title":{"rendered":"PRO D2 \u2013 Grenoble use Aurillac sur la dur\u00e9e et encha\u00eene avec un succ\u00e8s bonifi\u00e9"},"content":{"rendered":"<p>\n                Malmen\u00e9 en d\u00e9but de rencontre, Grenoble a ma\u00eetris\u00e9 Aurillac lors de la deuxi\u00e8me journ\u00e9e de Pro D2 (38-16), au stade des Alpes. Les Is\u00e9rois encha\u00eenent un deuxi\u00e8me succ\u00e8s en autant de rencontres et reviennent \u00e0 hauteur de Colomiers en t\u00eate du Championnat. Valeureux, mais us\u00e9s physiquement, les Aurillacois n\u2019ont pas tenu sur la longueur.\n            <\/p>\n<p>Les Grenoblois se sont fait peur \u00e0 domicile. Mais les hommes de Nicolas Nadau enregistrent un deuxi\u00e8me succ\u00e8s en Championnat, <a href=\"https:\/\/www.rugbyrama.fr\/2025\/09\/05\/direct-pro-d2-grenoble-aurillac-le-fcg-retrouve-son-public-suivez-le-match-de-la-deuxieme-journee-12912749.php\" target=\"_self\" rel=\"nofollow noopener\">face \u00e0 des Aurillacois combattifs mais trop justes physiquement (38-16)<\/a>, lors de la deuxi\u00e8me journ\u00e9e de Pro D2.<\/p>\n<p>Aurillac r\u00e9siste, Grenoble cafouille<\/p>\n<p>Pour leur premi\u00e8re sur la pelouse de leur stade des Alpes, les Grenoblois ont d\u2019entr\u00e9e\u00a0donn\u00e9 le ton. La possession a largement \u00e9t\u00e9 en leur faveur, mais les en-avant \u00e0 r\u00e9p\u00e9tition ont emp\u00each\u00e9\u00a0tout avancement dans le camp adverse. Aurillac en a profit\u00e9 et a surpris\u00a0le FCG, favori\u00a0avant le coup d\u2019envoi. Minutieux, les hommes de Romeo Gontineac ont construit, m\u00e8tre par m\u00e8tre, une action\u00a0conclue par Dachi Papunashvili (15&prime;).<\/p>\n<p>R\u00e9duits \u00e0 14 apr\u00e8s l\u2019exclusion temporaire d\u2019Aleksandre Burduli (20&prime;), les visiteurs ont fait plus que r\u00e9sister et ont conserv\u00e9 leur avance au pied. Les Is\u00e9rois ont\u00a0de nouveau fait preuve de pr\u00e9cipitation dans la moiti\u00e9 de terrain aurillacoise. Jusqu\u2019aux cinq derni\u00e8res minutes du premier acte. Barnab\u00e9 Couilloud, tr\u00e8s actif, a combin\u00e9 avec Romain Trouilloud et a offert un essai sur un plateau \u00e0 Thomas Ployet (36&prime;). Dachi Papunashvili et Romain Trouilloud ont ensuite continu\u00e9 leur soir\u00e9e parfaite au pied avec respectivement 13 points \u00e0 3\/3 au pied et\u00a011 points \u00e0 4\/4.<\/p>\n<p>Le banc grenoblois fait la diff\u00e9rence<\/p>\n<p>Au retour des vestiaires, les d\u00e9bats sont rest\u00e9s \u00e9quilibr\u00e9s pendant les quinze premi\u00e8res minutes. Grenoble a domin\u00e9, comme lors du premier acte, sans r\u00e9ussir \u00e0 concr\u00e9tiser. Mais un \u00e9l\u00e9ment a chang\u00e9 la donne\u00a0: l\u2019entr\u00e9e des rempla\u00e7ants is\u00e9rois. Eric Escande en t\u00eate. Sur son premier ballon, le demi de m\u00eal\u00e9e a profit\u00e9 du superbe travail de Romain et Hugo Trouilloud pour inscrire son septi\u00e8me essai en Pro D2 (56&prime;).<\/p>\n<p>\u00c0 partir de l\u00e0, les Aurillacois, en inf\u00e9riorit\u00e9 num\u00e9rique de la 65&prime; \u00e0 la fin du match, ont sombr\u00e9. Trop courts physiquement pour r\u00e9sister \u00e0 la vitesse et \u00e0 la fougue de la ligne arri\u00e8re du FCG. Apr\u00e8s une longue s\u00e9quence de domination, Romain Trouilloud, encore lui, \u00e9carte vers Aur\u00e9lien Callandret, qui n\u2019a plus qu\u2019\u00e0 aplatir le ballon dans l\u2019en-but (67&prime;). Les joueurs de Nicolas Nadau ont ensuite pouss\u00e9 pour obtenir le point du bonus offensif. \u00c0 la suite d\u2019une \u00e9ni\u00e8me touche, Thibaut Martel a conclu un\u00a0ballon port\u00e9 d\u2019\u00e9cole (75&prime;) pour ent\u00e9riner le succ\u00e8s is\u00e9rois.<\/p>\n<p>Gr\u00e2ce \u00e0 cette victoire bonifi\u00e9e, Grenoble revient \u00e0 hauteur de Colomiers en t\u00eate du classement. Les Is\u00e9rois sont d\u00e9j\u00e0 \u00e0 leur place. La semaine prochaine, ils se d\u00e9placeront sur la pelouse d\u2019Agen. En face, Aurillac s\u2019incline logiquement \u00e0 l\u2019ext\u00e9rieur. Les hommes de Rom\u00e9o Gontineac tenteront de se relancer \u00e0 domicile contre B\u00e9ziers, dans une semaine.<\/p>\n","protected":false},"excerpt":{"rendered":"Malmen\u00e9 en d\u00e9but de rencontre, Grenoble a ma\u00eetris\u00e9 Aurillac lors de la deuxi\u00e8me journ\u00e9e de Pro D2 (38-16),&hellip;\n","protected":false},"author":2,"featured_media":369465,"comment_status":"","ping_status":"","sticky":false,"template":"","format":"standard","meta":{"footnotes":""},"categories":[9566],"tags":[1111,11,2430,1777,674,1011,27,2731,12,25],"class_list":{"0":"post-369464","1":"post","2":"type-post","3":"status-publish","4":"format-standard","5":"has-post-thumbnail","7":"category-grenoble","8":"tag-actu","9":"tag-actualites","10":"tag-auvergne-rhone-alpes","11":"tag-eu","12":"tag-europe","13":"tag-fr","14":"tag-france","15":"tag-grenoble","16":"tag-news","17":"tag-republique-francaise"},"share_on_mastodon":{"url":"https:\/\/pubeurope.com\/@fr\/115154694008378219","error":""},"_links":{"self":[{"href":"https:\/\/www.europesays.com\/fr\/wp-json\/wp\/v2\/posts\/369464","targetHints":{"allow":["GET"]}}],"collection":[{"href":"https:\/\/www.europesays.com\/fr\/wp-json\/wp\/v2\/posts"}],"about":[{"href":"https:\/\/www.europesays.com\/fr\/wp-json\/wp\/v2\/types\/post"}],"author":[{"embeddable":true,"href":"https:\/\/www.europesays.com\/fr\/wp-json\/wp\/v2\/users\/2"}],"replies":[{"embeddable":true,"href":"https:\/\/www.europesays.com\/fr\/wp-json\/wp\/v2\/comments?post=369464"}],"version-history":[{"count":0,"href":"https:\/\/www.europesays.com\/fr\/wp-json\/wp\/v2\/posts\/369464\/revisions"}],"wp:featuredmedia":[{"embeddable":true,"href":"https:\/\/www.europesays.com\/fr\/wp-json\/wp\/v2\/media\/369465"}],"wp:attachment":[{"href":"https:\/\/www.europesays.com\/fr\/wp-json\/wp\/v2\/media?parent=369464"}],"wp:term":[{"taxonomy":"category","embeddable":true,"href":"https:\/\/www.europesays.com\/fr\/wp-json\/wp\/v2\/categories?post=369464"},{"taxonomy":"post_tag","embeddable":true,"href":"https:\/\/www.europesays.com\/fr\/wp-json\/wp\/v2\/tags?post=369464"}],"curies":[{"name":"wp","href":"https:\/\/api.w.org\/{rel}","templated":true}]}}