{"id":369468,"date":"2025-09-06T01:13:16","date_gmt":"2025-09-06T01:13:16","guid":{"rendered":"https:\/\/www.europesays.com\/fr\/369468\/"},"modified":"2025-09-06T01:13:16","modified_gmt":"2025-09-06T01:13:16","slug":"pour-oublier-la-rentree-redecouvrez-la-foret-de-rennes-les-6-et-7-septembre","status":"publish","type":"post","link":"https:\/\/www.europesays.com\/fr\/369468\/","title":{"rendered":"Pour oublier la rentr\u00e9e, red\u00e9couvrez la for\u00eat de Rennes les 6 et 7\u00a0septembre"},"content":{"rendered":"<p>En mati\u00e8re d\u2019id\u00e9es de balades, la for\u00eat de Rennes (Ille-et-Vilaine), qui couvre pr\u00e8s de 3\u00a0000\u00a0hectares, est un incontournable. \u00c0 l\u2019\u00e9poque romaine, elle \u00e9tait la source de mat\u00e9riaux quasi exclusive de la capitale bretonne. On y prenait le bois n\u00e9cessaire pour construire les maisons \u00e0 pans de bois.<\/p>\n<p>Aujourd\u2019hui, la for\u00eat est administr\u00e9e par l\u2019Office national des for\u00eats (ONF) et propose plus de 80\u00a0km d\u2019itin\u00e9raires d\u00fbment balis\u00e9s.<\/p>\n<p>Un v\u00e9ritable paradis pour celles et ceux qui aiment prendre de grandes bouff\u00e9es d\u2019air frais. Il est possible de rejoindre directement la for\u00eat depuis la ville de Rennes, en partant de <a href=\"https:\/\/rennes.maville.com\/bretagne\/ille-et-vilaine\/thorigne-fouillard\/l-eglise-saint-melaine-au-coeur-de-la-paroisse-5802814\" target=\"_blank\" rel=\"noopener\">l\u2019\u00e9glise de Thorign\u00e9-Fouillard.<\/a><\/p>\n<p>Les braderies du week-end<\/p>\n<p>La <a href=\"https:\/\/rennes.maville.com\/actu\/actudet_-un-week-end-charge-en-braderies-et-vide-greniers-a-rennes-et-ses-alentours-_7-6852363_actu.Htm\" target=\"_blank\" rel=\"noopener\">braderie <\/a>de Villejean, rue de Bourgogne, r\u00e9unira 400\u00a0exposants, ce dimanche 7\u00a0septembre, de 8\u00a0h \u00e0 18\u00a0h. \u00c0 Saint-Jacques-de-la-Lande, ce samedi, de 14\u00a0h \u00e0 17\u00a0h\u00a030, la braderie de la m\u00e9diath\u00e8que proposera livres, CD, BD, documentaires \u00e0 1, 2 ou 3\u00a0\u20ac.<\/p>\n<p>\u00c0 l\u2019occasion de la rentr\u00e9e, pour la premi\u00e8re fois, <a href=\"https:\/\/rennes.maville.com\/actu\/actudet_-a-rennes-une-vente-speciale-rentree-samedi-avec-la-ressourcerie-la-belle-dechette-_52674-6956764_actu.Htm\" target=\"_blank\" rel=\"noopener\">la ressourcerie la Belle D\u00e9chette <\/a>ouvre les portes de son espace de stockage, habituellement ferm\u00e9 au public. Une vente sp\u00e9ciale s\u2019y tient ce samedi 6\u00a0septembre, de 10\u00a0h \u00e0 18\u00a0h au 24, avenue Jules-Maniez, dans les Halles en commun, dans le quartier de la Courrouze.<\/p>\n<p>\u00c0 Saint-Gr\u00e9goire, au nord de Rennes, la ville organise sa braderie du centre-ville, ce dimanche 7\u00a0septembre, de 8\u00a0h\u00a030 \u00e0 17\u00a0h.<\/p>\n<p>\u00a0<\/p>\n","protected":false},"excerpt":{"rendered":"En mati\u00e8re d\u2019id\u00e9es de balades, la for\u00eat de Rennes (Ille-et-Vilaine), qui couvre pr\u00e8s de 3\u00a0000\u00a0hectares, est un incontournable.&hellip;\n","protected":false},"author":2,"featured_media":369469,"comment_status":"","ping_status":"","sticky":false,"template":"","format":"standard","meta":{"footnotes":""},"categories":[2821],"tags":[28015,3691,1111,11,829,1777,674,5183,1011,27,12,33418,50379,584,28313,25,395],"class_list":{"0":"post-369468","1":"post","2":"type-post","3":"status-publish","4":"format-standard","5":"has-post-thumbnail","7":"category-rennes","8":"tag-28015","9":"tag-3691","10":"tag-actu","11":"tag-actualites","12":"tag-bretagne","13":"tag-eu","14":"tag-europe","15":"tag-foret","16":"tag-fr","17":"tag-france","18":"tag-news","19":"tag-oublier","20":"tag-redecouvrez","21":"tag-rennes","22":"tag-rentree","23":"tag-republique-francaise","24":"tag-septembre"},"share_on_mastodon":{"url":"https:\/\/pubeurope.com\/@fr\/115154702645284208","error":""},"_links":{"self":[{"href":"https:\/\/www.europesays.com\/fr\/wp-json\/wp\/v2\/posts\/369468","targetHints":{"allow":["GET"]}}],"collection":[{"href":"https:\/\/www.europesays.com\/fr\/wp-json\/wp\/v2\/posts"}],"about":[{"href":"https:\/\/www.europesays.com\/fr\/wp-json\/wp\/v2\/types\/post"}],"author":[{"embeddable":true,"href":"https:\/\/www.europesays.com\/fr\/wp-json\/wp\/v2\/users\/2"}],"replies":[{"embeddable":true,"href":"https:\/\/www.europesays.com\/fr\/wp-json\/wp\/v2\/comments?post=369468"}],"version-history":[{"count":0,"href":"https:\/\/www.europesays.com\/fr\/wp-json\/wp\/v2\/posts\/369468\/revisions"}],"wp:featuredmedia":[{"embeddable":true,"href":"https:\/\/www.europesays.com\/fr\/wp-json\/wp\/v2\/media\/369469"}],"wp:attachment":[{"href":"https:\/\/www.europesays.com\/fr\/wp-json\/wp\/v2\/media?parent=369468"}],"wp:term":[{"taxonomy":"category","embeddable":true,"href":"https:\/\/www.europesays.com\/fr\/wp-json\/wp\/v2\/categories?post=369468"},{"taxonomy":"post_tag","embeddable":true,"href":"https:\/\/www.europesays.com\/fr\/wp-json\/wp\/v2\/tags?post=369468"}],"curies":[{"name":"wp","href":"https:\/\/api.w.org\/{rel}","templated":true}]}}