{"id":369510,"date":"2025-09-06T01:40:11","date_gmt":"2025-09-06T01:40:11","guid":{"rendered":"https:\/\/www.europesays.com\/fr\/369510\/"},"modified":"2025-09-06T01:40:11","modified_gmt":"2025-09-06T01:40:11","slug":"donald-trump-annonce-que-ledition-2026-se-tiendra-dans-lune-de-ses-proprietes","status":"publish","type":"post","link":"https:\/\/www.europesays.com\/fr\/369510\/","title":{"rendered":"Donald Trump annonce que l\u2019\u00e9dition 2026 se tiendra dans l\u2019une de ses propri\u00e9t\u00e9s"},"content":{"rendered":"<p class=\"article-p mdl\">Donald Trump a annonc\u00e9, ce vendredi 5 septembre, que le sommet des dirigeants du G20 en 2026 se d\u00e9roulerait en d\u00e9cembre \u00e0 Miami. Plus pr\u00e9cis\u00e9ment dans <strong>un complexe de golf que poss\u00e8de sa famille<\/strong> en Floride, le \u00ab\u00a0Trump National Doral Miami\u00a0\u00bb.<\/p>\n<p class=\"article-p mdl\">Pendant son premier mandat (2017-2021), il avait voulu accueillir un sommet du G7 au m\u00eame endroit, mais avait recul\u00e9 face \u00e0 <strong>une vague d&rsquo;accusations de corruption<\/strong>. \u00ab\u00a0Ce sera vraiment magnifique\u00a0\u00bb, a assur\u00e9 le milliardaire de 79 ans pendant un \u00e9change avec la presse dans le Bureau ovale, faisant valoir que la propri\u00e9t\u00e9 \u00e9tait proche de l&rsquo;a\u00e9roport et assurant que \u00ab\u00a0chaque pays aurait son propre b\u00e2timent\u00a0\u00bb.<\/p>\n<p class=\"article-p mdl\"><a class=\"link\" href=\"https:\/\/www.rtl.fr\/actu\/sciences-tech\/ce-qui-est-reproche-a-google-vise-par-une-amende-de-3-milliards-d-euros-en-europe-malgre-les-pressions-de-donald-trump-7900538269\" title=\"Ce qui est reproch\u00e9 \u00e0 Google, vis\u00e9 par une amende de 3 milliards d&#039;euros en Europe, malgr\u00e9 les pressions de Donald Trump\" target=\"_blank\" rel=\"noopener\">Donald Trump<\/a>\u00a0a aussi dit qu&rsquo;<strong>il \u00ab\u00a0aimerait\u00a0\u00bb que les pr\u00e9sidents russe Vladimir Poutine et chinois Xi Jinping participent<\/strong> \u00e0 ce rassemblement l&rsquo;an prochain.<\/p>\n<p class=\"article-p mdl\">Le pr\u00e9sident am\u00e9ricain a par ailleurs confirm\u00e9 qu&rsquo;il ne se rendrait pas au rassemblement des dirigeants du G20 en novembre prochain en Afrique du Sud, et que les \u00c9tats-Unis y seraient repr\u00e9sent\u00e9s par le vice-pr\u00e9sident JD Vance. <strong>\u00ab\u00a0Nous ne gagnerons pas du tout d&rsquo;argent avec \u00e7a\u00a0\u00bb<\/strong>, estime-t-il.<\/p>\n<p>    La r\u00e9daction vous recommande<\/p>\n<p class=\"s-newsletter__title\">\n                L\u2019actualit\u00e9 par la r\u00e9daction de RTL dans votre bo\u00eete mail.\n            <\/p>\n<p class=\"s-newsletter__subtitle\">\n                Gr\u00e2ce \u00e0 votre compte RTL abonnez-vous \u00e0 la newsletter RTL info pour suivre toute l&rsquo;actualit\u00e9 au quotidien\n            <\/p>\n<p>\n                                    Lire la suite\n                                <\/p>\n","protected":false},"excerpt":{"rendered":"Donald Trump a annonc\u00e9, ce vendredi 5 septembre, que le sommet des dirigeants du G20 en 2026 se&hellip;\n","protected":false},"author":2,"featured_media":369511,"comment_status":"","ping_status":"","sticky":false,"template":"","format":"standard","meta":{"footnotes":""},"categories":[1589],"tags":[11,75,73,1866,107,5797,3535,14,12,50389,1864,1865,1863,308,135,7084],"class_list":{"0":"post-369510","1":"post","2":"type-post","3":"status-publish","4":"format-standard","5":"has-post-thumbnail","7":"category-etats-unis","8":"tag-actualites","9":"tag-donald-trump","10":"tag-etats-unis","11":"tag-etats-unis-damerique","12":"tag-fil-info","13":"tag-floride","14":"tag-geopolitique","15":"tag-international","16":"tag-news","17":"tag-sommet-du-g20","18":"tag-united-states","19":"tag-united-states-of-america","20":"tag-us","21":"tag-usa","22":"tag-vladimir-poutine","23":"tag-xi-jinping"},"share_on_mastodon":{"url":"https:\/\/pubeurope.com\/@fr\/115154807968976915","error":""},"_links":{"self":[{"href":"https:\/\/www.europesays.com\/fr\/wp-json\/wp\/v2\/posts\/369510","targetHints":{"allow":["GET"]}}],"collection":[{"href":"https:\/\/www.europesays.com\/fr\/wp-json\/wp\/v2\/posts"}],"about":[{"href":"https:\/\/www.europesays.com\/fr\/wp-json\/wp\/v2\/types\/post"}],"author":[{"embeddable":true,"href":"https:\/\/www.europesays.com\/fr\/wp-json\/wp\/v2\/users\/2"}],"replies":[{"embeddable":true,"href":"https:\/\/www.europesays.com\/fr\/wp-json\/wp\/v2\/comments?post=369510"}],"version-history":[{"count":0,"href":"https:\/\/www.europesays.com\/fr\/wp-json\/wp\/v2\/posts\/369510\/revisions"}],"wp:featuredmedia":[{"embeddable":true,"href":"https:\/\/www.europesays.com\/fr\/wp-json\/wp\/v2\/media\/369511"}],"wp:attachment":[{"href":"https:\/\/www.europesays.com\/fr\/wp-json\/wp\/v2\/media?parent=369510"}],"wp:term":[{"taxonomy":"category","embeddable":true,"href":"https:\/\/www.europesays.com\/fr\/wp-json\/wp\/v2\/categories?post=369510"},{"taxonomy":"post_tag","embeddable":true,"href":"https:\/\/www.europesays.com\/fr\/wp-json\/wp\/v2\/tags?post=369510"}],"curies":[{"name":"wp","href":"https:\/\/api.w.org\/{rel}","templated":true}]}}