{"id":369515,"date":"2025-09-06T01:43:12","date_gmt":"2025-09-06T01:43:12","guid":{"rendered":"https:\/\/www.europesays.com\/fr\/369515\/"},"modified":"2025-09-06T01:43:12","modified_gmt":"2025-09-06T01:43:12","slug":"leurope-termine-dans-le-rouge-apres-lemploi-us-05-09-2025-a-1827","status":"publish","type":"post","link":"https:\/\/www.europesays.com\/fr\/369515\/","title":{"rendered":"L&rsquo;Europe termine dans le rouge apr\u00e8s l&#8217;emploi US &#8211; 05\/09\/2025 \u00e0 18:27"},"content":{"rendered":"<p>        <img fetchpriority=\"high\" decoding=\"async\" src=\"https:\/\/www.europesays.com\/fr\/wp-content\/uploads\/2025\/09\/c28b9980ef6ac892a818b27ebcf38115-760x507.jpg\" alt=\"Le reflet d'un tableau num\u00e9rique \u00e0 la bourse Euronext dans le quartier d'affaires de La D\u00e9fense \u00e0 Paris\" loading=\"eager\" width=\"760\" height=\"507\" style=\"max-width: 100%!important; height: auto;\"\/><\/p>\n<p class=\"c-image-news__legend\">Le reflet d&rsquo;un tableau num\u00e9rique \u00e0 la bourse Euronext dans le quartier d&rsquo;affaires de La D\u00e9fense \u00e0 Paris<\/p>\n<p>\n Les Bourses europ\u00e9ennes ont termin\u00e9 en baisse vendredi apr\u00e8s la publication du rapport mensuel sur l&#8217;emploi US qui alimente les anticipations d&rsquo;une prochaine r\u00e9duction des taux d&rsquo;int\u00e9r\u00eat de la R\u00e9serve f\u00e9d\u00e9rale (Fed) mais traduisent une \u00e9conomie am\u00e9ricaine morose.\n<\/p>\n<p>\n \u00c0 Paris, le CAC 40 a termin\u00e9 en baisse de 0,42% \u00e0 7.674,78 points. Le Footsie britannique a perdu 0,09% et le Dax allemand 0,75%\n<\/p>\n<p>\n L&rsquo;indice EuroStoxx 50 a recul\u00e9 de 0,37%, le FTSEurofirst 300 0,32% et le Stoxx 600 0,21%.\n<\/p>\n<p>\n Attendu par les investisseurs, l&#8217;emploi US a fait \u00e9tat vendredi de bien moins de cr\u00e9ations d&#8217;emplois que pr\u00e9vu.\n<\/p>\n<p>\n Le rapport mensuel du d\u00e9partement du Travail a recens\u00e9 22.000 emplois non agricoles cr\u00e9\u00e9s sur le mois, alors que les \u00e9conomistes interrog\u00e9s par Reuters pr\u00e9voyaient en moyenne 75.000 cr\u00e9ations nettes, pour un taux de ch\u00f4mage en hausse \u00e0 4,3%, en ligne avec les attentes.\n<\/p>\n<p>\n \u00ab\u00a0La poursuite du ralentissement de la croissance de l&#8217;emploi aux \u00c9tats-Unis en ao\u00fbt ouvre la voie \u00e0 une baisse des taux par la Fed dans le courant du mois\u00a0\u00bb, a r\u00e9agi David Rees, chef \u00e9conomiste chez Schroders, qui pr\u00e9vient : \u00ab\u00a0Mais m\u00eame si tout semble d\u00e9sormais indiquer une baisse imminente des taux, la Fed devra agir avec prudence\u00a0\u00bb.\n<\/p>\n<p>\n Les investisseurs, qui parient presque \u00e0 l&rsquo;unanimit\u00e9 sur une baisse des taux de 25 points de base lors de la prochaine r\u00e9union de la banque centrale am\u00e9ricaine mi-septembre, ont pour certains m\u00eame commenc\u00e9 \u00e0 miser sur une baisse de 50 points de base.\n<\/p>\n<p>\n Certains membres du Comit\u00e9 de politique mon\u00e9taire de la R\u00e9serve f\u00e9d\u00e9rale (FOMC) devraient \u00e9galement militer pour une baisse des taux de 50 points de base lors du comit\u00e9 du 17 septembre.\n<\/p>\n<p>\n \u00ab\u00a0Les r\u00e9visions annuelles publi\u00e9es le 9 septembre pourraient permettre de trancher entre une baisse de taux de la Fed de 25 et une baisse de 50 points de base\u00a0\u00bb, analyse Bastien Drut dans une note publi\u00e9e vendredi, responsable de la strat\u00e9gie et des \u00e9tudes \u00e9conomiques chez CPR Asset Management.\n<\/p>\n<p>\n \u00ab\u00a0Le march\u00e9 peut se r\u00e9jouir que la Fed s\u2019appr\u00eate \u00e0 reprendre son cycle de baisse des taux, mais la raison sous-jacente est qu\u2019elle craint un gros coup de froid sur l\u2019\u00e9conomie\u00a0\u00bb, ajoute Bruno Cavalier, chef \u00e9conomistes chez Oddo BHF.\n<\/p>\n<p>\n En Europe, la Banque centrale europ\u00e9enne (BCE) devrait au contraire maintenir ses taux inchang\u00e9s jeudi prochain dans un contexte de stabilit\u00e9 des perspectives \u00e9conomiques et d&rsquo;une inflation proche de l&rsquo;objectif vis\u00e9.\n<\/p>\n<p>\n VALEURS\n<\/p>\n<p>\n En Allemagne, Thyssenkrupp Steel Europe a grimp\u00e9 de 3,62% apr\u00e8s que les salari\u00e9s ont vot\u00e9 en faveur d&rsquo;un plan de restructuration pour relancer le plus grand sid\u00e9rurgiste allemand.\n<\/p>\n<p>\n Au contraire, le sp\u00e9cialiste des logiciels du secteur bancaire Temenos a l\u00e2ch\u00e9 15,42% apr\u00e8s le d\u00e9part de son directeur g\u00e9n\u00e9ral.\n<\/p>\n<p>\n \u00c0 Londres, Admiral Group a abandonn\u00e9 de son c\u00f4t\u00e9 2,96%, Peel Hunt ayant abaiss\u00e9 sa recommandation sur le titre \u00e0 \u00ab\u00a0vendre\u00a0\u00bb.\n<\/p>\n<p>\n En France, les banques ont accus\u00e9 de fortes baisses, BNP Paribas l\u00e2chant 1,44%, Cr\u00e9dit Agricole SA 1,04% et Soci\u00e9t\u00e9 G\u00e9n\u00e9rale 1,85%. C&rsquo;est toutefois TotalEnergies qui accuse la plus forte chute \u00e0 -2,1%. \u00c0 l&rsquo;oppos\u00e9, STMicroelectronics signe la plus forte hausse avec un gain de 3,78%.\n<\/p>\n<p>\n Ailleurs en Europe, la soci\u00e9t\u00e9 su\u00e9doise Hexagon AB, qui a pris 6,87%, a \u00e9t\u00e9 soutenue par l&rsquo;annonce de son rachat par l&rsquo;am\u00e9ricain Cadense Design pour 2,7 milliards d&rsquo;euros.\n<\/p>\n<p>\n A WALL STREET\n<\/p>\n<p>\n A l&rsquo;heure de la cl\u00f4ture en Europe, les \u00e9changes \u00e0 la Bourse de New York indiquaient un repli de 0,49% pour le Dow Jones, 0,39% pour le Standard &amp; Poor&rsquo;s 500 et 0,13% pour le Nasdaq Composite.\n<\/p>\n<p>\n Broadcom prend 9,4% apr\u00e8s ses perspectives optimistes li\u00e9es \u00e0 l&rsquo;intelligence artificielle et l&rsquo;engagement de son dirigeant Hock Tan \u00e0 rester en poste pendant 5 ann\u00e9es suppl\u00e9mentaires.\n<\/p>\n<p>\n Tesla grimpe de 3% apr\u00e8s que son conseil d&rsquo;administration a propos\u00e9 un nouvel accord de r\u00e9mun\u00e9ration pour le directeur g\u00e9n\u00e9ral Elon Musk, li\u00e9 \u00e0 l&rsquo;atteinte d&rsquo;objectifs ambitieux, \u00e9valu\u00e9 \u00e0 environ 1.000 milliards de dollars.\n<\/p>\n<p>\n LES INDICATEURS DU JOUR\n<\/p>\n<p>\n Outre le rapport mensuel sur l&#8217;emploi aux Etats-Unis, la s\u00e9ance a \u00e9t\u00e9 marqu\u00e9e par la publication de plusieurs indicateurs en Europe.\n<\/p>\n<p>\n Les commandes \u00e0 l&rsquo;industrie \u200bont baiss\u00e9 de 2,9% sur un mois en juillet en Allemagne, a d\u00e9clar\u00e9 vendredi l&rsquo;Office f\u00e9d\u00e9ral des statistiques, alors que les \u00e9conomistes interrog\u00e9s par Reuters tablaient sur une hausse de 0,5%.\n<\/p>\n<p>\n En Grande-Bretagne, les ventes au d\u00e9tail ont progress\u00e9 plus que pr\u00e9vu en juillet (+0,6%), a annonc\u00e9 l&rsquo;Office national de la statistique (ONS).\n<\/p>\n<p>\n En France, Le d\u00e9ficit commercial s&rsquo;est \u00e9tabli \u00e0 5,558 milliards d&rsquo;euros \u00e0 fin juillet, ont montr\u00e9 les donn\u00e9es publi\u00e9es par le bureau des Douanes fran\u00e7aises.\n<\/p>\n<p>\n L&rsquo;\u00e9conomie de la zone euro a par ailleurs ralenti comme pr\u00e9vu au deuxi\u00e8me trimestre 2025 \u00e0 0,1%, selon les chiffres d\u00e9finitifs publi\u00e9s Eurostat.\n<\/p>\n<p>\n CHANGES\n<\/p>\n<p>\n Le dollar recule fortement vendredi \u00e0 la suite de la publication d&#8217;emploi US qui traduit une \u00e9conomie am\u00e9ricaine morose.\n<\/p>\n<p>\n Le dollar perd 0,81% face \u00e0 un panier de devises de r\u00e9f\u00e9rence, l&rsquo;euro gagne 0,82% \u00e0 1,1743 dollar, la livre sterling 0,69% \u00e0 1,3525 dollar.\n<\/p>\n<p>\n TAUX\n<\/p>\n<p>\n L&#8217;emploi US a aussi entra\u00een\u00e9 une forte baisse des rendements obligataires avec la quasi-certitude d&rsquo;une baisse des taux de la Fed en septembre.\n<\/p>\n<p>\n Le rendement du Treasury \u00e0 dix ans perd 10,4 pb \u00e0 4,0742%, tandis que le rendement du titre \u00e0 deux ans l\u00e2che 12 pb \u00e0 3,4721%.\n<\/p>\n<p>\n Le rendement du dix ans allemand a recul\u00e9 de 6,1 points de base \u00e0 2,6615%, celui de l&rsquo;OAT fran\u00e7aise de m\u00eame \u00e9ch\u00e9ance de 4,8 pb \u00e0 3,447% et celui du dix ans anglais de 8 pb \u00e0 4,647%.\n<\/p>\n<p>\n P\u00c9TROLE\n<\/p>\n<p>\n Les prix du p\u00e9trole sont orient\u00e9s \u00e0 la baisse pour la troisi\u00e8me s\u00e9ance cons\u00e9cutive et devraient enregistrer leur premi\u00e8re perte hebdomadaire en trois semaines avec les craintes autour d&rsquo;une hausse de l&rsquo;offre et de stocks de bruts am\u00e9ricains qui pourraient surprendre.\n<\/p>\n<p>\n Le Brent recule de 2,64% \u00e0 65,22 dollars le baril, le brut l\u00e9ger am\u00e9ricain (West Texas Intermediate, WTI) s&rsquo;affaiblit de 2,9% \u00e0 61,63 dollars.\n<\/p>\n<p>\n (Certaines donn\u00e9es peuvent accuser un l\u00e9ger d\u00e9calage)\n<\/p>\n<p>\n (R\u00e9dig\u00e9 par Bertrand De Meyer, \u00e9dit\u00e9 par Kate Entringer)<\/p>\n","protected":false},"excerpt":{"rendered":"Le reflet d&rsquo;un tableau num\u00e9rique \u00e0 la bourse Euronext dans le quartier d&rsquo;affaires de La D\u00e9fense \u00e0 Paris&hellip;\n","protected":false},"author":2,"featured_media":369516,"comment_status":"","ping_status":"","sticky":false,"template":"","format":"standard","meta":{"footnotes":""},"categories":[1586],"tags":[400,11,398,408,405,1777,674,1011,27,403,402,399,404,12,25,401,406,407],"class_list":{"0":"post-369515","1":"post","2":"type-post","3":"status-publish","4":"format-standard","5":"has-post-thumbnail","7":"category-europe","8":"tag-action-cac-40","9":"tag-actualites","10":"tag-bourse-de-paris","11":"tag-boursorama","12":"tag-cotations","13":"tag-eu","14":"tag-europe","15":"tag-fr","16":"tag-france","17":"tag-indices-devises","18":"tag-investir","19":"tag-investissement","20":"tag-marche-boursier","21":"tag-news","22":"tag-republique-francaise","23":"tag-sicav","24":"tag-trackers","25":"tag-warrants"},"share_on_mastodon":{"url":"https:\/\/pubeurope.com\/@fr\/115154820006898127","error":""},"_links":{"self":[{"href":"https:\/\/www.europesays.com\/fr\/wp-json\/wp\/v2\/posts\/369515","targetHints":{"allow":["GET"]}}],"collection":[{"href":"https:\/\/www.europesays.com\/fr\/wp-json\/wp\/v2\/posts"}],"about":[{"href":"https:\/\/www.europesays.com\/fr\/wp-json\/wp\/v2\/types\/post"}],"author":[{"embeddable":true,"href":"https:\/\/www.europesays.com\/fr\/wp-json\/wp\/v2\/users\/2"}],"replies":[{"embeddable":true,"href":"https:\/\/www.europesays.com\/fr\/wp-json\/wp\/v2\/comments?post=369515"}],"version-history":[{"count":0,"href":"https:\/\/www.europesays.com\/fr\/wp-json\/wp\/v2\/posts\/369515\/revisions"}],"wp:featuredmedia":[{"embeddable":true,"href":"https:\/\/www.europesays.com\/fr\/wp-json\/wp\/v2\/media\/369516"}],"wp:attachment":[{"href":"https:\/\/www.europesays.com\/fr\/wp-json\/wp\/v2\/media?parent=369515"}],"wp:term":[{"taxonomy":"category","embeddable":true,"href":"https:\/\/www.europesays.com\/fr\/wp-json\/wp\/v2\/categories?post=369515"},{"taxonomy":"post_tag","embeddable":true,"href":"https:\/\/www.europesays.com\/fr\/wp-json\/wp\/v2\/tags?post=369515"}],"curies":[{"name":"wp","href":"https:\/\/api.w.org\/{rel}","templated":true}]}}