{"id":369517,"date":"2025-09-06T01:44:15","date_gmt":"2025-09-06T01:44:15","guid":{"rendered":"https:\/\/www.europesays.com\/fr\/369517\/"},"modified":"2025-09-06T01:44:15","modified_gmt":"2025-09-06T01:44:15","slug":"pourquoi-lunion-europeenne-interesse-le-patronat-azureen","status":"publish","type":"post","link":"https:\/\/www.europesays.com\/fr\/369517\/","title":{"rendered":"Pourquoi l&rsquo;Union Europ\u00e9enne int\u00e9resse le patronat azur\u00e9en ?"},"content":{"rendered":"<p>\t\t\t\t\t\t\t\tAvec un budget -pour la p\u00e9riode 2021-2027- avoisinant les 2.000 milliards d&rsquo;euros et des financements qui se comptent par milliers, l&rsquo;Union Europ\u00e9enne n&rsquo;est plus une option pour les entrepreneurs.\t\t\t\t\t\t\t<\/p>\n<p style=\"text-align: justify;\">&#13;<br \/>\nLes vacances d\u00e9finitivement termin\u00e9es, retour sur les bancs laurentins de l&rsquo;<strong><a href=\"https:\/\/www.upe06.com\/\" target=\"_blank\" rel=\"nofollow noopener\">UPE<\/a><\/strong><strong><a href=\"https:\/\/www.upe06.com\/\" target=\"_blank\" rel=\"nofollow noopener\"> 06<\/a><\/strong> ce 4 septembre pour une trentaine de chefs d&rsquo;entreprise maralpins de la section Europe. Au programme de cette rentr\u00e9e studieuse ? De l&rsquo;\u00e9conomie, avec un cours ax\u00e9 sur l&rsquo;acc\u00e8s aux financements europ\u00e9ens pour booster le d\u00e9veloppement et l&rsquo;innovation des entreprises du territoire. Un th\u00e8me d&rsquo;actualit\u00e9 sachant que 2025 marque les 75 ans de la D\u00e9claration de Robert Schuman, premi\u00e8re pierre de la construction europ\u00e9enne. Un th\u00e8me presque familier pour certains entrepreneurs azur\u00e9ens qui ont d\u00e9j\u00e0 pris part en mai dernier \u00e0 une mission de trois jours \u00e0 Bruxelles pour notamment comprendre le fonctionnement des institutions euro<img decoding=\"async\" alt=\"\" src=\"https:\/\/www.europesays.com\/fr\/wp-content\/uploads\/2025\/09\/20250905113948-f-cannata.jpg\" style=\"width: 160px; height: 201px; float: left; margin: 5px;\"\/>p\u00e9ennes. Enfin, un th\u00e8me n\u00e9cessaire dans un contexte \u00e9conomique national et international \u00ab\u00a0en mutation permanente\u00a0\u00bb, selon Franck Cannata\u00a0(en photo), pr\u00e9sident de l&rsquo;UPE 06.<\/p>\n<p style=\"text-align: justify;\">Un pr\u00e9sident qui poursuit le rapprochement amorc\u00e9 par son pr\u00e9d\u00e9cesseur Pierre Ippolito, \u00e0 l&rsquo;initiative d&rsquo;une convention de partenariat de trois ans avec la <strong><a href=\"https:\/\/www.federation-maisonseurope.org\/provence-alpes-c%C3%B4te-d-az\" target=\"_blank\" rel=\"nofollow noopener\">Maison de l&rsquo;Europe C\u00f4te d&rsquo;Azur Var<\/a><\/strong>. \u00ab\u00a0Nous partageons une vision commune : rapprocher l&rsquo;Europe de nos entreprises. La Maison de l&rsquo;Europe, domicili\u00e9e depuis hier \u00e0 l&rsquo;UPE 06, apporte une expertise unique, un r\u00e9seau solide et devient un porte d&rsquo;entr\u00e9e privil\u00e9gi\u00e9e pour nos adh\u00e9rents sur toutes les questions europ\u00e9ennes\u00a0\u00bb, insiste-t-il.<\/p>\n<p>Rendre concrets les avantages de l&rsquo;UE<\/p>\n<p melodystyle=\"texte\" style=\"text-align: justify;\">&#13;<br \/>\nCon\u00e7u comme un temps fort pour donner aux adh\u00e9rents des cl\u00e9s de lecture, des contacts ainsi que des solutions, l&rsquo;\u00e9v\u00e9nement a permis pendant pr\u00e8s d&rsquo;une heure et demie aux participants d&rsquo;\u00e9couter la pr\u00e9sentation des m\u00e9canismes de financement europ\u00e9ens. Orchestr\u00e9 par Gr\u00e9goire Chauvi\u00e8re Le Drian, directeur du bureau fran\u00e7ais de la <strong><a href=\"https:\/\/www.eib.org\/fr\/index\" target=\"_blank\" rel=\"nofollow noopener\">Banque europ\u00e9enne d&rsquo;investissement <\/a><\/strong>(BEI), ainsi que Marion Dennielou et Thomas Durrieu du <strong><a href=\"https:\/\/www.abfdecisions.fr\/\" target=\"_blank\" rel=\"nofollow noopener\">cabinet ABF<\/a><\/strong>, expert en financements publics, il a aussi \u00e9t\u00e9 l&rsquo;occasion de casser l&rsquo;image d&rsquo;une Europe lointaine et bureaucratique pour en montrer les avantages concrets.<\/p>\n<p melodystyle=\"texte\" style=\"text-align: justify;\">&#13;<br \/>\n\u00ab\u00a0Ce rendez-vous est une premi\u00e8re \u00e9tape. Nous souhaitons d\u00e9velopper ce type d&rsquo;\u00e9v\u00e9nement, en ciblant des th\u00e9matiques sp\u00e9cifiques selon les besoins des adh\u00e9rents et en maillant tout le territoire\u00a0\u00bb, annonce Franck Cannata. Une volont\u00e9 d&rsquo;information et de clarification partag\u00e9e notamment par Arnaud Pinte (<strong><a href=\"https:\/\/ipepper.fr\/fr\/\" target=\"_blank\" rel=\"nofollow noopener\">iPepper<\/a><\/strong>), pr\u00e9sident du <a href=\"https:\/\/www.club-entrepreneurs-grasse.com\/\" target=\"_blank\" rel=\"nofollow noopener\"><strong>Club des Entrepreneurs du Pays de Grasse,<\/strong><\/a> qui projette d\u00e9j\u00e0 d&rsquo;organiser une d\u00e9clinaison grassoise.<\/p>\n<p melodystyle=\"texte\" style=\"text-align: justify;\">\u00a0<\/p>\n<p melodystyle=\"texte\" style=\"text-align: justify;\"><img decoding=\"async\" alt=\"\" src=\"https:\/\/www.europesays.com\/fr\/wp-content\/uploads\/2025\/09\/20250905115042-copie-de-bon-cadre-photo-article-web--1-.jpg\"\/><\/p>\n<p melodystyle=\"texte\" style=\"text-align: justify;\">Thomas Durrieu, Odile Menozzi, Marion Dennielou et\u00a0Gr\u00e9goire Chauvi\u00e8re le Drian.<\/p>\n<p melodystyle=\"texte\" style=\"text-align: justify;\">\u00a0<\/p>\n<p melodystyle=\"texte\" style=\"text-align: justify;\">\u00a0<\/p>\n<p style=\"text-align: justify;\"><strong>Un relais entre Bruxelles et le territoire azur\u00e9en\u00a0<\/strong><\/p>\n<p>La Maison de l&rsquo;Europe C\u00f4te d&rsquo;Azur-Var a vu le jour en 2019 \u00e0 Nice. Et depuis son lancement, la structure poursuit une mission claire : rapprocher les institutions europ\u00e9ennes du tissu \u00e9conomique et acad\u00e9mique local. Sous l&rsquo;impulsion de la pr\u00e9sidente Odile Menozzi, \u00e9galement \u00e0 la t\u00eate du Mouvement Europ\u00e9en Alpes-Maritimes, la Maison de l&rsquo;Europe C\u00f4te d&rsquo;Azur-Var se positionne comme un v\u00e9ritable trait d&rsquo;union entre Bruxelles et le terrain. \u00ab\u00a0Le but n&rsquo;est pas de parler uniquement de l&rsquo;international. Il faut ramener le coeur du sujet sur l&rsquo;Europe et le territoire\u00a0\u00bb, rappelle-t-elle. Accompagn\u00e9e d&rsquo;une \u00e9quipe de cinq personnes, l&rsquo;Azur\u00e9enne organise des ateliers de travail pour donner des outils cl\u00e9s en main, ainsi que des d\u00e9bats &#8211; conf\u00e9rences. Financement des entreprises, transition num\u00e9rique, intelligence artificielle, ou encore environnement et logement, les sujets qui pr\u00e9occupent les acteurs sont importants. Ils varient en fonction des programmes europ\u00e9ens, mais aussi des contextes. \u00ab\u00a0En ce moment, les questions sur les aides au financement des entreprises sont tr\u00e8s nombreuses. Nous constatons une hausse des interrogations par rapport aux frais de douanes aussi\u00a0\u00bb.\u00a0<\/p>\n<p melodystyle=\"intertitre\" style=\"text-align: justify;\"><strong>Un besoin d&rsquo;information<\/strong><\/p>\n<p melodystyle=\"texte\" style=\"text-align: justify;\">Si le travail aupr\u00e8s des \u00e9tudiants, via des partenariats comme avec l&rsquo;Universit\u00e9 C\u00f4te d&rsquo;Azur ou l&rsquo;IPAG, constitue un volet non n\u00e9gligeable de son action, la Maison de l&rsquo;Europe C\u00f4te d&rsquo;Azur-Var n&rsquo;oublie pas les entrepreneurs. Des entrepreneurs, dont le besoin d&rsquo;information reste criant. \u00ab\u00a0Tout le monde a entendu parler des appels \u00e0 projets europ\u00e9ens, mais rares sont ceux qui savent o\u00f9 et comment y acc\u00e9der\u00a0\u00bb, souligne Odile Menozzi. Selon elle, chaque ann\u00e9e plusieurs millions reprennent l&rsquo;Eurostar en direction de Bruxelles, faute d&rsquo;avoir \u00e9t\u00e9 utilis\u00e9s.<\/p>\n","protected":false},"excerpt":{"rendered":"Avec un budget -pour la p\u00e9riode 2021-2027- avoisinant les 2.000 milliards d&rsquo;euros et des financements qui se comptent&hellip;\n","protected":false},"author":2,"featured_media":369518,"comment_status":"","ping_status":"","sticky":false,"template":"","format":"standard","meta":{"footnotes":""},"categories":[1586],"tags":[11,1777,674,1779,1011,27,12,25,1778,364],"class_list":{"0":"post-369517","1":"post","2":"type-post","3":"status-publish","4":"format-standard","5":"has-post-thumbnail","7":"category-europe","8":"tag-actualites","9":"tag-eu","10":"tag-europe","11":"tag-european-union","12":"tag-fr","13":"tag-france","14":"tag-news","15":"tag-republique-francaise","16":"tag-ue","17":"tag-union-europeenne"},"share_on_mastodon":{"url":"https:\/\/pubeurope.com\/@fr\/115154823884145712","error":""},"_links":{"self":[{"href":"https:\/\/www.europesays.com\/fr\/wp-json\/wp\/v2\/posts\/369517","targetHints":{"allow":["GET"]}}],"collection":[{"href":"https:\/\/www.europesays.com\/fr\/wp-json\/wp\/v2\/posts"}],"about":[{"href":"https:\/\/www.europesays.com\/fr\/wp-json\/wp\/v2\/types\/post"}],"author":[{"embeddable":true,"href":"https:\/\/www.europesays.com\/fr\/wp-json\/wp\/v2\/users\/2"}],"replies":[{"embeddable":true,"href":"https:\/\/www.europesays.com\/fr\/wp-json\/wp\/v2\/comments?post=369517"}],"version-history":[{"count":0,"href":"https:\/\/www.europesays.com\/fr\/wp-json\/wp\/v2\/posts\/369517\/revisions"}],"wp:featuredmedia":[{"embeddable":true,"href":"https:\/\/www.europesays.com\/fr\/wp-json\/wp\/v2\/media\/369518"}],"wp:attachment":[{"href":"https:\/\/www.europesays.com\/fr\/wp-json\/wp\/v2\/media?parent=369517"}],"wp:term":[{"taxonomy":"category","embeddable":true,"href":"https:\/\/www.europesays.com\/fr\/wp-json\/wp\/v2\/categories?post=369517"},{"taxonomy":"post_tag","embeddable":true,"href":"https:\/\/www.europesays.com\/fr\/wp-json\/wp\/v2\/tags?post=369517"}],"curies":[{"name":"wp","href":"https:\/\/api.w.org\/{rel}","templated":true}]}}