{"id":369521,"date":"2025-09-06T01:46:18","date_gmt":"2025-09-06T01:46:18","guid":{"rendered":"https:\/\/www.europesays.com\/fr\/369521\/"},"modified":"2025-09-06T01:46:18","modified_gmt":"2025-09-06T01:46:18","slug":"football-pourquoi-le-proprietaire-de-lom-frank-mccourt-appelle-le-football-francais-a-se-revolter","status":"publish","type":"post","link":"https:\/\/www.europesays.com\/fr\/369521\/","title":{"rendered":"Football. Pourquoi le propri\u00e9taire de l&rsquo;OM Frank McCourt appelle le football fran\u00e7ais \u00e0 se r\u00e9volter"},"content":{"rendered":"<p>Frank McCourt a une image plut\u00f4t lisse, sans r\u00e9elle asp\u00e9rit\u00e9 ; celle, aussi, d&rsquo;un dirigeant souvent absent, \u00e9loign\u00e9 des affaires courantes qui rythment le football fran\u00e7ais et, surtout, la vie agit\u00e9e de l&rsquo;un de ses actifs depuis bient\u00f4t neuf ans, l&rsquo;OM, m\u00eame si <a href=\"https:\/\/www.laprovence.com\/article\/om\/128102451054515\/om-passage-dans-le-vestiaire-reunion-avec-pablo-longoria-le-recit-de-la-visite-de-frank-mccourt-a-marseille\" target=\"_blank\" rel=\"noopener\">sa pr\u00e9sence s&rsquo;est renforc\u00e9e en fin de saison pass\u00e9e<\/a> et qu&rsquo;il \u00e9tait <a href=\"https:\/\/www.laprovence.com\/article\/om\/20257519628295\/info-la-provence-om-frank-mccourt-attendu-a-marseille-pour-la-reception-du-paris-fc\" target=\"_blank\" rel=\"noopener\">pr\u00e9sent pour le premier rendez-vous au V\u00e9lodrome<\/a>, contre le Paris FC le 23 ao\u00fbt. Lorsqu&rsquo;il prend la parole, le propri\u00e9taire am\u00e9ricain du club olympien (72 ans) prend le soin de ne pas trop en dire, de m\u00e9nager la ch\u00e8vre et le chou et ce, quel que soit le sujet abord\u00e9.<\/p>\n<p>Vendredi, McCourt a bris\u00e9 cette r\u00e9putation. Il est sorti de son habituelle r\u00e9serve au cours d&rsquo;<a href=\"https:\/\/www.lefigaro.fr\/sports\/football\/ligue-1\/reformer-notre-gouvernance-et-mettre-en-place-une-direction-a-la-hauteur-l-entretien-exclusif-mccourt-oughourlian-sur-la-crise-du-football-francais-20250905\" target=\"_blank\" rel=\"noopener\">un entretien accord\u00e9 au Figaro<\/a>. Une interview crois\u00e9e, plut\u00f4t, puisque le Bostonien s&rsquo;est pr\u00e9sent\u00e9 devant nos confr\u00e8res accompagn\u00e9 de Joseph Oughourlian, le propri\u00e9taire et patron du RC Lens. Ce casting ne relevait pas du hasard, \u00e9videmment, tant la gouvernance de la Ligue de football professionnel irrite le plus grand nombre depuis des mois et ce, bien avant <a href=\"https:\/\/www.laprovence.com\/article\/sports\/80650982853143\/football-vincent-labrune-reelu-president-de-la-lfp-jusquen-2028\" target=\"_blank\" rel=\"noopener\">la r\u00e9\u00e9lection rocambolesque de Vincent Labrune, voil\u00e0 un an<\/a>.<\/p>\n<p>Pablo Longoria avait allum\u00e9 la premi\u00e8re m\u00e8che au cours de <a href=\"https:\/\/www.laprovence.com\/article\/om\/1810745775950715\/direct-laprovence-direct-om-pablo-longoria-fait-le-bilan-de-la-saison-olympienne-suivez-la-conference-de-presse\" target=\"_blank\" rel=\"noopener\">son grand oral cl\u00f4turant l&rsquo;exer<\/a>&#8230;<\/p>\n","protected":false},"excerpt":{"rendered":"Frank McCourt a une image plut\u00f4t lisse, sans r\u00e9elle asp\u00e9rit\u00e9 ; celle, aussi, d&rsquo;un dirigeant souvent absent, \u00e9loign\u00e9&hellip;\n","protected":false},"author":2,"featured_media":369522,"comment_status":"","ping_status":"","sticky":false,"template":"","format":"standard","meta":{"footnotes":""},"categories":[2],"tags":[17,11,18235,63,1011,27,10637,4056,14298,12,149,7555,8297,25],"class_list":{"0":"post-369521","1":"post","2":"type-post","3":"status-publish","4":"format-standard","5":"has-post-thumbnail","7":"category-actualites","8":"tag-17","9":"tag-actualites","10":"tag-appelle","11":"tag-football","12":"tag-fr","13":"tag-france","14":"tag-frank","15":"tag-lom","16":"tag-mccourt","17":"tag-news","18":"tag-om","19":"tag-pourquoi","20":"tag-proprietaire","21":"tag-republique-francaise"},"share_on_mastodon":{"url":"https:\/\/pubeurope.com\/@fr\/115154831594307716","error":""},"_links":{"self":[{"href":"https:\/\/www.europesays.com\/fr\/wp-json\/wp\/v2\/posts\/369521","targetHints":{"allow":["GET"]}}],"collection":[{"href":"https:\/\/www.europesays.com\/fr\/wp-json\/wp\/v2\/posts"}],"about":[{"href":"https:\/\/www.europesays.com\/fr\/wp-json\/wp\/v2\/types\/post"}],"author":[{"embeddable":true,"href":"https:\/\/www.europesays.com\/fr\/wp-json\/wp\/v2\/users\/2"}],"replies":[{"embeddable":true,"href":"https:\/\/www.europesays.com\/fr\/wp-json\/wp\/v2\/comments?post=369521"}],"version-history":[{"count":0,"href":"https:\/\/www.europesays.com\/fr\/wp-json\/wp\/v2\/posts\/369521\/revisions"}],"wp:featuredmedia":[{"embeddable":true,"href":"https:\/\/www.europesays.com\/fr\/wp-json\/wp\/v2\/media\/369522"}],"wp:attachment":[{"href":"https:\/\/www.europesays.com\/fr\/wp-json\/wp\/v2\/media?parent=369521"}],"wp:term":[{"taxonomy":"category","embeddable":true,"href":"https:\/\/www.europesays.com\/fr\/wp-json\/wp\/v2\/categories?post=369521"},{"taxonomy":"post_tag","embeddable":true,"href":"https:\/\/www.europesays.com\/fr\/wp-json\/wp\/v2\/tags?post=369521"}],"curies":[{"name":"wp","href":"https:\/\/api.w.org\/{rel}","templated":true}]}}