{"id":369523,"date":"2025-09-06T01:47:11","date_gmt":"2025-09-06T01:47:11","guid":{"rendered":"https:\/\/www.europesays.com\/fr\/369523\/"},"modified":"2025-09-06T01:47:11","modified_gmt":"2025-09-06T01:47:11","slug":"debuts-reussis-pour-les-bleus-malgre-quelques-nuages-en-qualifications-pour-la-coupe-du-monde-2026","status":"publish","type":"post","link":"https:\/\/www.europesays.com\/fr\/369523\/","title":{"rendered":"d\u00e9buts r\u00e9ussis pour les Bleus, malgr\u00e9 quelques nuages, en qualifications pour la Coupe du monde 2026"},"content":{"rendered":"<p>                         <img loading=\"lazy\" decoding=\"async\" src=\"https:\/\/www.europesays.com\/fr\/wp-content\/uploads\/2025\/09\/6c701b0_ftp-import-images-1-a5fotagcg1qe-1bb0cee869184a2fbe29271dd6774149-0-9fba307c91a64d5c91c19ebc.jpeg\" alt=\"Kylian Mbapp\u00e9, lors du match Ukraine-France, comptant pour les qualifications de la Coupe du monde 2026, \u00e0 Wroclaw (Pologne), le 5\u00a0septembre 2025.\"   width=\"664\" height=\"443\"\/>    Kylian Mbapp\u00e9, lors du match Ukraine-France, comptant pour les qualifications de la Coupe du monde 2026, \u00e0 Wroclaw (Pologne), le 5\u00a0septembre 2025.  CZAREK SOKOLOWSKI\/AP                 <\/p>\n<p class=\"article__paragraph  \">Mission accomplie. L\u2019\u00e9quipe de France a bien d\u00e9but\u00e9 sa campagne de qualifications pour la Coupe du monde 2026 en s\u2019imposant 2-0 contre l\u2019Ukraine, vendredi 5\u00a0septembre, \u00e0 Wroclaw (Pologne). Largement dominateurs, les Bleus ont obtenu un succ\u00e8s pr\u00e9cieux face \u00e0 l\u2019adversaire le plus coriace de leur groupe, qui leur permet d\u2019aborder de mani\u00e8re favorable la s\u00e9rie de six rencontres qu\u2019ils ont \u00e0 disputer d\u2019ici au 16\u00a0novembre, afin de valider leur billet pour le tournoi plan\u00e9taire qui aura lieu aux Etats-Unis, au Canada et au Mexique (du 11\u00a0juin au 19\u00a0juillet\u00a02026).<\/p>\n<p class=\"article__paragraph  \">Les tricolores ont rendu une copie globalement satisfaisante, malgr\u00e9 quelques nuages. Si tout n\u2019a pas \u00e9t\u00e9 parfait, les motifs de satisfaction sont tout de m\u00eame plus importants que les points n\u00e9gatifs, \u00e0 l\u2019issue de cette rencontre d\u00e9localis\u00e9e, \u00e0 guichets ferm\u00e9s, devant pr\u00e8s de 40\u00a0000\u00a0spectateurs, dont 25\u00a0000\u00a0Ukrainiens, qui n\u2019ont cess\u00e9 d\u2019encourager leur \u00e9quipe.<\/p>\n<p class=\"article__paragraph  \">Alors que le public semblait pr\u00eat \u00e0 s\u2019emballer \u00e0 la moindre offensive de leurs prot\u00e9g\u00e9s, les hommes de Didier Deschamps ont eu le m\u00e9rite d\u2019ouvrir le score rapidement gr\u00e2ce \u00e0 Michael Olise (10e), d\u2019une frappe d\u2019une gauche bien plac\u00e9e, sur un service de Bradley Barcola, pour refroidir d\u2019entr\u00e9e leurs adversaires. Puis ils ont montr\u00e9 deux visages. S\u2019ils ont affich\u00e9 une grande ma\u00eetrise collective durant la premi\u00e8re p\u00e9riode, en confisquant le ballon face \u00e0 des Ukrainiens en difficult\u00e9 et contraints de jouer repli\u00e9s sur leur but, les Bleus n\u2019ont pas r\u00e9ussi \u00e0 doubler la mise, et ont ensuite recul\u00e9 lors des vingt premi\u00e8res minutes de la seconde p\u00e9riode, o\u00f9 ils se sont montr\u00e9s f\u00e9briles.<\/p>\n<p class=\"reading-mode-only \"><strong>Il vous reste 73.93% de cet article \u00e0 lire. La suite est r\u00e9serv\u00e9e aux abonn\u00e9s.<\/strong><\/p>\n","protected":false},"excerpt":{"rendered":"Kylian Mbapp\u00e9, lors du match Ukraine-France, comptant pour les qualifications de la Coupe du monde 2026, \u00e0 Wroclaw&hellip;\n","protected":false},"author":2,"featured_media":369524,"comment_status":"","ping_status":"","sticky":false,"template":"","format":"standard","meta":{"footnotes":""},"categories":[4],"tags":[11,1011,27,12,25],"class_list":{"0":"post-369523","1":"post","2":"type-post","3":"status-publish","4":"format-standard","5":"has-post-thumbnail","7":"category-france","8":"tag-actualites","9":"tag-fr","10":"tag-france","11":"tag-news","12":"tag-republique-francaise"},"share_on_mastodon":{"url":"https:\/\/pubeurope.com\/@fr\/115154835580720173","error":""},"_links":{"self":[{"href":"https:\/\/www.europesays.com\/fr\/wp-json\/wp\/v2\/posts\/369523","targetHints":{"allow":["GET"]}}],"collection":[{"href":"https:\/\/www.europesays.com\/fr\/wp-json\/wp\/v2\/posts"}],"about":[{"href":"https:\/\/www.europesays.com\/fr\/wp-json\/wp\/v2\/types\/post"}],"author":[{"embeddable":true,"href":"https:\/\/www.europesays.com\/fr\/wp-json\/wp\/v2\/users\/2"}],"replies":[{"embeddable":true,"href":"https:\/\/www.europesays.com\/fr\/wp-json\/wp\/v2\/comments?post=369523"}],"version-history":[{"count":0,"href":"https:\/\/www.europesays.com\/fr\/wp-json\/wp\/v2\/posts\/369523\/revisions"}],"wp:featuredmedia":[{"embeddable":true,"href":"https:\/\/www.europesays.com\/fr\/wp-json\/wp\/v2\/media\/369524"}],"wp:attachment":[{"href":"https:\/\/www.europesays.com\/fr\/wp-json\/wp\/v2\/media?parent=369523"}],"wp:term":[{"taxonomy":"category","embeddable":true,"href":"https:\/\/www.europesays.com\/fr\/wp-json\/wp\/v2\/categories?post=369523"},{"taxonomy":"post_tag","embeddable":true,"href":"https:\/\/www.europesays.com\/fr\/wp-json\/wp\/v2\/tags?post=369523"}],"curies":[{"name":"wp","href":"https:\/\/api.w.org\/{rel}","templated":true}]}}