{"id":369531,"date":"2025-09-06T01:53:12","date_gmt":"2025-09-06T01:53:12","guid":{"rendered":"https:\/\/www.europesays.com\/fr\/369531\/"},"modified":"2025-09-06T01:53:12","modified_gmt":"2025-09-06T01:53:12","slug":"dix-mois-apres-son-titre-jorge-martin-retrouve-barcelone-mais-nest-plus-du-tout-le-meme","status":"publish","type":"post","link":"https:\/\/www.europesays.com\/fr\/369531\/","title":{"rendered":"dix mois apr\u00e8s son titre, Jorge Mart\u00edn retrouve Barcelone mais n&rsquo;est plus du tout le m\u00eame"},"content":{"rendered":"<p>Retour \u00e0 Barcelone pour Jorge Mart\u00edn. Dix mois apr\u00e8s son premier titre de champion du monde en MotoGP, l&rsquo;Espagnol va retrouver Barcelone pour y disputer le Grand Prix de Catalogne. Mais il s&rsquo;av\u00e8re que le pilote Aprilia n&rsquo;est plus du tout le m\u00eame. Car Jorge Mart\u00edn a v\u00e9cu de tr\u00e8s nombreuses \u00e9preuves depuis son titre fin 2024, avec des grosses blessures. La derni\u00e8re avait eu lieu au Grand Prix du Qatar en avril, avec une sacr\u00e9e chute pour l&rsquo;Espagnol. Revenu depuis quelques semaines, Mart\u00edn aborde ce Grand Prix de Catalogne avec ambition mais il a surtout fait savoir que toutes les \u00e9preuves v\u00e9cues en 2025 l&rsquo;ont renforc\u00e9 et l&rsquo;ont chang\u00e9. Il n&rsquo;est plus le m\u00eame homme.<\/p>\n<p>Jorge Mart\u00edn est transform\u00e9<\/p>\n<p>\u00ab\u00a0C&rsquo;est dingue de voir tout ce que j&rsquo;ai travers\u00e9 depuis dix mois, ou m\u00eame un an. Mais maintenant que je vais bien, que je suis en bonne sant\u00e9, je pense que \u00e7a a \u00e9t\u00e9 bon pour moi et pour ma vie. Je suis une personne meilleure, plus forte. J&rsquo;ai travers\u00e9 des moments difficiles, c&rsquo;est s\u00fbr, mais maintenant je peux dire que \u00e7a a peut-\u00eatre \u00e9t\u00e9 bon pour ma vie\u00a0\u00bb, a d&rsquo;abord d\u00e9clar\u00e9 Mart\u00edn au micro du site officiel du MotoGP, avant d&rsquo;\u00e9voquer ce GP de Barcelone et un potentiel premier podium avec Aprilia.<\/p>\n<p>\u00ab\u00a0Je n&rsquo;ai aucune attente. Je sais que c&rsquo;est une bonne piste pour Aprilia et pour moi, mais ce n&rsquo;est pas ce qui m&rsquo;importe. Ce qui m&rsquo;importe, c&rsquo;est d&rsquo;am\u00e9liorer mon package, d&rsquo;am\u00e9liorer mon pilotage. Je suis ouvert \u00e0 accueillir tout ce qui pourrait arriver. Je vais me donner \u00e0 100 % pour faire du bon boulot, mais pour le moment, les r\u00e9sultats ne comptent pas vraiment\u00a0\u00bb, a analys\u00e9 l&rsquo;Espagnol, qui profite pour le moment d&rsquo;\u00eatre en bonne sant\u00e9 et de pouvoir rouler. Et c&rsquo;est peut-\u00eatre \u00e7a qui lui permettra de r\u00e9ussir d&rsquo;une nouvelle mani\u00e8re en MotoGP.<\/p>\n<p>    Partagez cette info avec vos amis et vos proches en cliquant ici  <\/p>\n<p> Podcasts \u00e0 la une MEN LIFE <\/p>\n<p>    Pour r\u00e9sumer<\/p>\n<p>Retour \u00e0 Barcelone pour Jorge Mart\u00edn. Dix mois apr\u00e8s son premier titre de champion du monde en MotoGP, l&rsquo;Espagnol va retrouver Barcelone pour y disputer le Grand Prix de Catalogne. Mais il s&rsquo;av\u00e8re que le pilote Aprilia n&rsquo;est plus du tout le m\u00eame.<\/p>\n<p>R\u00e9dacteur<\/p>\n<p><img decoding=\"async\" width=\"76\" height=\"76\" loading=\"lazy\" src=\"https:\/\/www.europesays.com\/fr\/wp-content\/uploads\/2025\/04\/logo-victor-willems.jpg\" alt=\"Victor Willems\"\/><\/p>\n","protected":false},"excerpt":{"rendered":"Retour \u00e0 Barcelone pour Jorge Mart\u00edn. Dix mois apr\u00e8s son premier titre de champion du monde en MotoGP,&hellip;\n","protected":false},"author":2,"featured_media":369532,"comment_status":"","ping_status":"","sticky":false,"template":"","format":"standard","meta":{"footnotes":""},"categories":[1413],"tags":[1011,27,1457,1456,60],"class_list":{"0":"post-369531","1":"post","2":"type-post","3":"status-publish","4":"format-standard","5":"has-post-thumbnail","7":"category-moto","8":"tag-fr","9":"tag-france","10":"tag-moto","11":"tag-motocycle","12":"tag-sports"},"share_on_mastodon":{"url":"https:\/\/pubeurope.com\/@fr\/115154859119597306","error":""},"_links":{"self":[{"href":"https:\/\/www.europesays.com\/fr\/wp-json\/wp\/v2\/posts\/369531","targetHints":{"allow":["GET"]}}],"collection":[{"href":"https:\/\/www.europesays.com\/fr\/wp-json\/wp\/v2\/posts"}],"about":[{"href":"https:\/\/www.europesays.com\/fr\/wp-json\/wp\/v2\/types\/post"}],"author":[{"embeddable":true,"href":"https:\/\/www.europesays.com\/fr\/wp-json\/wp\/v2\/users\/2"}],"replies":[{"embeddable":true,"href":"https:\/\/www.europesays.com\/fr\/wp-json\/wp\/v2\/comments?post=369531"}],"version-history":[{"count":0,"href":"https:\/\/www.europesays.com\/fr\/wp-json\/wp\/v2\/posts\/369531\/revisions"}],"wp:featuredmedia":[{"embeddable":true,"href":"https:\/\/www.europesays.com\/fr\/wp-json\/wp\/v2\/media\/369532"}],"wp:attachment":[{"href":"https:\/\/www.europesays.com\/fr\/wp-json\/wp\/v2\/media?parent=369531"}],"wp:term":[{"taxonomy":"category","embeddable":true,"href":"https:\/\/www.europesays.com\/fr\/wp-json\/wp\/v2\/categories?post=369531"},{"taxonomy":"post_tag","embeddable":true,"href":"https:\/\/www.europesays.com\/fr\/wp-json\/wp\/v2\/tags?post=369531"}],"curies":[{"name":"wp","href":"https:\/\/api.w.org\/{rel}","templated":true}]}}