{"id":369533,"date":"2025-09-06T01:54:17","date_gmt":"2025-09-06T01:54:17","guid":{"rendered":"https:\/\/www.europesays.com\/fr\/369533\/"},"modified":"2025-09-06T01:54:17","modified_gmt":"2025-09-06T01:54:17","slug":"alpine-en-manque-de-vitesse-a-monza","status":"publish","type":"post","link":"https:\/\/www.europesays.com\/fr\/369533\/","title":{"rendered":"Alpine en manque de vitesse \u00e0 Monza"},"content":{"rendered":"<p class=\"p1\">Ce sera certainement le week-end le plus p\u00e9nible du championnat, dans une saison d\u00e9j\u00e0 tr\u00e8s compliqu\u00e9e. Le Grand-Prix d\u2019Italie et son trac\u00e9 de Monza ultra rapide ne sont clairement pas \u00e0 l\u2019avantage de l\u2019Alpine A525 et son moteur moins puissant. D\u00e8s lors, l\u2019\u00e9curie scrute les derni\u00e8res positions des deux premi\u00e8res s\u00e9ances d\u2019essais libres, sans r\u00e9el espoir de faire mieux ensuite. La m\u00e9t\u00e9o ne devrait pas non plus aider.<\/p>\n<p>Il faudrait un miracle pour voir Alpine sortir de la Q1 ce samedi. Avec ses 30 chevaux de retard, il est bien difficile pour la monoplace fran\u00e7aise de bien figurer sur les longues lignes droites du circuit italien. La seule attraction du jour \u00e9tait finalement la pr\u00e9sence en piste, ce matin, de Paul Aron. Le jeune estonien, candidat \u00e0 un baquet pour 2026, a r\u00e9ussi ses d\u00e9buts malgr\u00e9 un t\u00eate-\u00e0-queue. Il termine \u00e0 trois dixi\u00e8mes de Pierre Gasly, c\u2019est deux de mieux que Franco Colapinto l\u2019apr\u00e8s-midi.<\/p>\n<p>Difficile cependant de tirer des conclusions \u00e0 ce stade avec certainement des programmes diff\u00e9rents, et un Pierre Gasly plus aff\u00fbt\u00e9 l\u2019apr\u00e8s-midi. Paul Aron est au moins d\u00e9j\u00e0 dans le rythme. Son rival argentin pourra poursuivre ce samedi sa mise au point et r\u00e9duire l\u2019\u00e9cart sur son \u00e9quipier fran\u00e7ais. Avec des conditions s\u00e8ches pour la suite du week-end, Alpine devra certainement jouer dans le fond du classement. Dommage alors que l\u2019on attend, \u00e0 priori, la pr\u00e9sence de Fran\u00e7ois Provost, le nouveau CEO du groupe Renault.<\/p>\n<p><\/p>\n<tr class=\"cr_grad_color_1\">Pos.PiloteEquipeTemps\/EcartTours<br \/>&#13;<\/tr>\n<tr>\n<td>1<\/td>\n<td>L. Hamilton<\/td>\n<td>Ferrari<\/td>\n<td>1:20.117<\/td>\n<td>20<br \/>&#13;<\/td>\n<\/tr>\n<tr>\n<td>2<\/td>\n<td>C. Leclerc<\/td>\n<td>Ferrari<\/td>\n<td>+0.169s<\/td>\n<td>24<br \/>&#13;<\/td>\n<\/tr>\n<tr>\n<td>3<\/td>\n<td>C. Sainz<\/td>\n<td>Williams<\/td>\n<td>+0.533s<\/td>\n<td>25<br \/>&#13;<\/td>\n<\/tr>\n<tr>\n<td>4<\/td>\n<td>M. Verstappen<\/td>\n<td>Red Bull Racing<\/td>\n<td>+0.575s<\/td>\n<td>22<br \/>&#13;<\/td>\n<\/tr>\n<tr>\n<td>5<\/td>\n<td>K. Antonelli<\/td>\n<td>Mercedes<\/td>\n<td>+0.823s<\/td>\n<td>25<br \/>&#13;<\/td>\n<\/tr>\n<tr>\n<td>6<\/td>\n<td>L. Norris<\/td>\n<td>McLaren<\/td>\n<td>+0.904s<\/td>\n<td>28<br \/>&#13;<\/td>\n<\/tr>\n<tr>\n<td>7<\/td>\n<td>A. Albon<\/td>\n<td>Williams<\/td>\n<td>+0.956s<\/td>\n<td>25<br \/>&#13;<\/td>\n<\/tr>\n<tr>\n<td>8<\/td>\n<td>G. Russell<\/td>\n<td>Mercedes<\/td>\n<td>+0.993s<\/td>\n<td>20<br \/>&#13;<\/td>\n<\/tr>\n<tr>\n<td>9<\/td>\n<td>F. Alonso<\/td>\n<td>Aston Martin<\/td>\n<td>+0.997s<\/td>\n<td>20<br \/>&#13;<\/td>\n<\/tr>\n<tr>\n<td>10<\/td>\n<td>I. Hadjar<\/td>\n<td>Racing Bulls<\/td>\n<td>+1.041s<\/td>\n<td>25<br \/>&#13;<\/td>\n<\/tr>\n<tr>\n<td>11<\/td>\n<td>G. Bortoleto<\/td>\n<td>Kick Sauber<\/td>\n<td>+1.055s<\/td>\n<td>24<br \/>&#13;<\/td>\n<\/tr>\n<tr>\n<td>12<\/td>\n<td>N. Hulkenberg<\/td>\n<td>Kick Sauber<\/td>\n<td>+1.062s<\/td>\n<td>26<br \/>&#13;<\/td>\n<\/tr>\n<tr>\n<td>13<\/td>\n<td>L. Lawson<\/td>\n<td>Racing Bulls<\/td>\n<td>+1.084s<\/td>\n<td>27<br \/>&#13;<\/td>\n<\/tr>\n<tr>\n<td>14<\/td>\n<td>Y. Tsunoda<\/td>\n<td>Red Bull Racing<\/td>\n<td>+1.175s<\/td>\n<td>24<br \/>&#13;<\/td>\n<\/tr>\n<tr>\n<td>15<\/td>\n<td>L. Stroll<\/td>\n<td>Aston Martin<\/td>\n<td>+1.178s<\/td>\n<td>26<br \/>&#13;<\/td>\n<\/tr>\n<tr>\n<td>16<\/td>\n<td>A. Dunne<\/td>\n<td>McLaren<\/td>\n<td>+1.489s<\/td>\n<td>26<br \/>&#13;<\/td>\n<\/tr>\n<tr>\n<td>17<\/td>\n<td>E. Ocon<\/td>\n<td>Haas<\/td>\n<td>+1.525s<\/td>\n<td>22<br \/>&#13;<\/td>\n<\/tr>\n<tr>\n<td>18<\/td>\n<td>P. Gasly<\/td>\n<td>Alpine<\/td>\n<td>+1.536s<\/td>\n<td>26<br \/>&#13;<\/td>\n<\/tr>\n<tr>\n<td>19<\/td>\n<td>O. Bearman<\/td>\n<td>Haas<\/td>\n<td>+1.941s<\/td>\n<td>23<br \/>&#13;<\/td>\n<\/tr>\n<tr>\n<td>20<\/td>\n<td>P. Aron<\/td>\n<td>Alpine<\/td>\n<td>+2.036s<\/td>\n<td>23<br \/>&#13;<\/td>\n<\/tr>\n<p><\/p>\n<tr class=\"cr_grad_color_1\">Pos.PiloteEquipeTemps\/EcartTours<br \/>&#13;<\/tr>\n<tr>\n<td>1<\/td>\n<td>L. Norris<\/td>\n<td>McLaren<\/td>\n<td>1:19.878<\/td>\n<td>28<br \/>&#13;<\/td>\n<\/tr>\n<tr>\n<td>2<\/td>\n<td>C. Leclerc<\/td>\n<td>Ferrari<\/td>\n<td>+0.083s<\/td>\n<td>29<br \/>&#13;<\/td>\n<\/tr>\n<tr>\n<td>3<\/td>\n<td>C. Sainz<\/td>\n<td>Williams<\/td>\n<td>+0.096s<\/td>\n<td>30<br \/>&#13;<\/td>\n<\/tr>\n<tr>\n<td>4<\/td>\n<td>O. Piastri<\/td>\n<td>McLaren<\/td>\n<td>+0.181s<\/td>\n<td>29<br \/>&#13;<\/td>\n<\/tr>\n<tr>\n<td>5<\/td>\n<td>L. Hamilton<\/td>\n<td>Ferrari<\/td>\n<td>+0.192s<\/td>\n<td>26<br \/>&#13;<\/td>\n<\/tr>\n<tr>\n<td>6<\/td>\n<td>M. Verstappen<\/td>\n<td>Red Bull Racing<\/td>\n<td>+0.199s<\/td>\n<td>27<br \/>&#13;<\/td>\n<\/tr>\n<tr>\n<td>7<\/td>\n<td>A. Albon<\/td>\n<td>Williams<\/td>\n<td>+0.301s<\/td>\n<td>28<br \/>&#13;<\/td>\n<\/tr>\n<tr>\n<td>8<\/td>\n<td>N. Hulkenberg<\/td>\n<td>Kick Sauber<\/td>\n<td>+0.363s<\/td>\n<td>27<br \/>&#13;<\/td>\n<\/tr>\n<tr>\n<td>9<\/td>\n<td>Y. Tsunoda<\/td>\n<td>Red Bull Racing<\/td>\n<td>+0.391s<\/td>\n<td>28<br \/>&#13;<\/td>\n<\/tr>\n<tr>\n<td>10<\/td>\n<td>G. Russell<\/td>\n<td>Mercedes<\/td>\n<td>+0.398s<\/td>\n<td>29<br \/>&#13;<\/td>\n<\/tr>\n<tr>\n<td>11<\/td>\n<td>I. Hadjar<\/td>\n<td>Racing Bulls<\/td>\n<td>+0.505s<\/td>\n<td>24<br \/>&#13;<\/td>\n<\/tr>\n<tr>\n<td>12<\/td>\n<td>G. Bortoleto<\/td>\n<td>Kick Sauber<\/td>\n<td>+0.597s<\/td>\n<td>25<br \/>&#13;<\/td>\n<\/tr>\n<tr>\n<td>13<\/td>\n<td>L. Stroll<\/td>\n<td>Aston Martin<\/td>\n<td>+0.650s<\/td>\n<td>28<br \/>&#13;<\/td>\n<\/tr>\n<tr>\n<td>14<\/td>\n<td>O. Bearman<\/td>\n<td>Haas<\/td>\n<td>+0.729s<\/td>\n<td>29<br \/>&#13;<\/td>\n<\/tr>\n<tr>\n<td>15<\/td>\n<td>F. Alonso<\/td>\n<td>Aston Martin<\/td>\n<td>+0.767s<\/td>\n<td>26<br \/>&#13;<\/td>\n<\/tr>\n<tr>\n<td>16<\/td>\n<td>E. Ocon<\/td>\n<td>Haas<\/td>\n<td>+0.776s<\/td>\n<td>29<br \/>&#13;<\/td>\n<\/tr>\n<tr>\n<td>17<\/td>\n<td>L. Lawson<\/td>\n<td>Racing Bulls<\/td>\n<td>+0.933s<\/td>\n<td>25<br \/>&#13;<\/td>\n<\/tr>\n<tr>\n<td>18<\/td>\n<td>P. Gasly<\/td>\n<td>Alpine<\/td>\n<td>+1.224s<\/td>\n<td>30<br \/>&#13;<\/td>\n<\/tr>\n<tr>\n<td>19<\/td>\n<td>K. Antonelli<\/td>\n<td>Mercedes<\/td>\n<td>+1.489s<\/td>\n<td>4<br \/>&#13;<\/td>\n<\/tr>\n<tr>\n<td>20<\/td>\n<td>F. Colapinto<\/td>\n<td>Alpine<\/td>\n<td>+1.686s<\/td>\n<td>30<br \/>&#13;<\/td>\n<\/tr>\n","protected":false},"excerpt":{"rendered":"Ce sera certainement le week-end le plus p\u00e9nible du championnat, dans une saison d\u00e9j\u00e0 tr\u00e8s compliqu\u00e9e. Le Grand-Prix&hellip;\n","protected":false},"author":2,"featured_media":369534,"comment_status":"","ping_status":"","sticky":false,"template":"","format":"standard","meta":{"footnotes":""},"categories":[1412],"tags":[2674,3396,1805,3026,1451,1452,1453,1454,1455,1011,27,3027,50390,37591,8948,3711,50391,60,6956],"class_list":{"0":"post-369533","1":"post","2":"type-post","3":"status-publish","4":"format-standard","5":"has-post-thumbnail","7":"category-f1","8":"tag-alpine","9":"tag-avec","10":"tag-de","11":"tag-en","12":"tag-f1","13":"tag-formula-1","14":"tag-formula1","15":"tag-formule-1","16":"tag-formule1","17":"tag-fr","18":"tag-france","19":"tag-manque","20":"tag-monza","21":"tag-puissance","22":"tag-retard","23":"tag-son","24":"tag-souffre","25":"tag-sports","26":"tag-vitesse"},"share_on_mastodon":{"url":"https:\/\/pubeurope.com\/@fr\/115154862936181699","error":""},"_links":{"self":[{"href":"https:\/\/www.europesays.com\/fr\/wp-json\/wp\/v2\/posts\/369533","targetHints":{"allow":["GET"]}}],"collection":[{"href":"https:\/\/www.europesays.com\/fr\/wp-json\/wp\/v2\/posts"}],"about":[{"href":"https:\/\/www.europesays.com\/fr\/wp-json\/wp\/v2\/types\/post"}],"author":[{"embeddable":true,"href":"https:\/\/www.europesays.com\/fr\/wp-json\/wp\/v2\/users\/2"}],"replies":[{"embeddable":true,"href":"https:\/\/www.europesays.com\/fr\/wp-json\/wp\/v2\/comments?post=369533"}],"version-history":[{"count":0,"href":"https:\/\/www.europesays.com\/fr\/wp-json\/wp\/v2\/posts\/369533\/revisions"}],"wp:featuredmedia":[{"embeddable":true,"href":"https:\/\/www.europesays.com\/fr\/wp-json\/wp\/v2\/media\/369534"}],"wp:attachment":[{"href":"https:\/\/www.europesays.com\/fr\/wp-json\/wp\/v2\/media?parent=369533"}],"wp:term":[{"taxonomy":"category","embeddable":true,"href":"https:\/\/www.europesays.com\/fr\/wp-json\/wp\/v2\/categories?post=369533"},{"taxonomy":"post_tag","embeddable":true,"href":"https:\/\/www.europesays.com\/fr\/wp-json\/wp\/v2\/tags?post=369533"}],"curies":[{"name":"wp","href":"https:\/\/api.w.org\/{rel}","templated":true}]}}