{"id":369539,"date":"2025-09-06T01:57:09","date_gmt":"2025-09-06T01:57:09","guid":{"rendered":"https:\/\/www.europesays.com\/fr\/369539\/"},"modified":"2025-09-06T01:57:09","modified_gmt":"2025-09-06T01:57:09","slug":"ma-mere-est-plus-rockn-roll-que-mon-pere-laura-smet-fait-de-touchantes-confidences-sur-ses-celebres-parents","status":"publish","type":"post","link":"https:\/\/www.europesays.com\/fr\/369539\/","title":{"rendered":"\u201cMa m\u00e8re est plus rock\u2019n roll que mon p\u00e8re\u201d : Laura Smet fait de touchantes confidences sur ses c\u00e9l\u00e8bres parents"},"content":{"rendered":"<p>Invit\u00e9e pour la premi\u00e8re fois sur le plateau de Yann Barth\u00e8s dans \u00ab\u00a0Quotidien\u00a0\u00bb sur TMC, Laura Smet s&rsquo;est livr\u00e9e avec \u00e9motion sur l&rsquo;h\u00e9ritage familial transmis par Johnny Hallyday et Nathalie Baye.<\/p>\n<p><a id=\"eztoc103288334_1\"\/>Un h\u00e9ritage professionnel fait de rigueur et d&rsquo;humilit\u00e9<\/p>\n<p>Face aux cam\u00e9ras de TMC, Laura Smet a \u00e9voqu\u00e9 avec sinc\u00e9rit\u00e9 les valeurs que lui ont inculqu\u00e9es ses parents dans le domaine professionnel. \u00ab\u00a0Au niveau du taf, je dirais, ma m\u00e8re et mon p\u00e8re, ils m&rsquo;ont appris la rigueur de mon travail. Ils m&rsquo;ont appris \u00e0 toujours \u00eatre \u00e0 l&rsquo;heure, \u00e0 conna\u00eetre mon texte au rasoir, comme dirait ma m\u00e8re\u00a0\u00bb, confie-t-elle \u00e0 Yann Barth\u00e8s.<\/p>\n<p>L&rsquo;actrice insiste particuli\u00e8rement sur l&rsquo;enseignement paternel concernant l&rsquo;humilit\u00e9 : \u00ab\u00a0Moi j&rsquo;ai jamais vu mon p\u00e8re se la p\u00e9ter, alors que c&rsquo;\u00e9tait quand m\u00eame la plus grande star fran\u00e7aise, donc il m&rsquo;a toujours appris d&rsquo;\u00eatre humble, d&rsquo;\u00eatre juste normale, d&rsquo;\u00eatre naturelle. C&rsquo;est juste \u00e7a qu&rsquo;ils m&rsquo;ont appris.\u00a0\u00bb<\/p>\n<p><a id=\"eztoc103288334_2\"\/>Des d\u00e9fauts assum\u00e9s\u00a0<\/p>\n<p>Avec une franchise d\u00e9sarmante, Laura Smet reconna\u00eet avoir \u00e9galement h\u00e9rit\u00e9 de certains travers familiaux. \u00ab\u00a0Apr\u00e8s, les d\u00e9fauts, il y en a pas mal aussi. Oui, je peux avoir un c\u00f4t\u00e9 mauvaise foi, un peu par moment. Oui, je dois \u00eatre un petit peu rude, je peux \u00eatre un peu taquin, j&rsquo;aime bien aussi parfois foutre un peu la zizanie, \u00e7a peut m&rsquo;arriver\u00a0\u00bb, avoue-t-elle sans d\u00e9tour.<\/p>\n<p>L&rsquo;actrice r\u00e9v\u00e8le \u00e9galement un tournant majeur   <a href=\"https:\/\/www.programme-television.org\/news\/people\/ils-nous-ont-quittes\/j-etais-la-fille-a-son-papa-laura-smet-se-confie-sur-la-facon-dont-la-celebrite-de-son-pere-a-eu-un-impact-sur-elle-enfant-4735698\" target=\"_self\" rel=\"nofollow noopener\">dans sa relation avec Johnny Hallyday<\/a>. \u00ab\u00a0Quand on est une fille, je pense qu&rsquo;on est toujours un peu amoureuse de son p\u00e8re\u00a0\u00bb, explique-t-elle, avant d&rsquo;\u00e9voquer une p\u00e9riode o\u00f9 elle cherchait l&rsquo;attention paternelle : \u00ab\u00a0Mon p\u00e8re, tout le monde me le prenait, donc j&rsquo;essayais d\u2019attirer aussi un peu l&rsquo;attention, et donc je l\u2019appuyais un peu dans ses b\u00eatises, pour rester polie.\u00a0\u00bb<\/p>\n<p>C&rsquo;est une intervention directe de Johnny qui a chang\u00e9 la donne : <a href=\"https:\/\/www.programme-television.org\/news\/people\/vie-privee\/laura-smet-evoque-avec-emotion-ses-souvenirs-de-vacances-aux-cotes-de-johnny-hallyday-4743360\" target=\"_self\" rel=\"nofollow noopener\">\u00ab\u00a0Puis en fait, un jour, il m&rsquo;a dit, mais t&rsquo;es d\u00e9bile. L\u00e0 agis comme \u00e7a, et l\u00e0, on pourra vraiment avoir un vrai lien, parce qu&rsquo;\u00e0 partir de l\u00e0, on a vraiment eu   un lien tr\u00e8s, tr\u00e8s fort.\u00a0\u00bb<\/a><a id=\"eztoc103288334_3\"\/><\/p>\n<p>Une m\u00e8re \u00ab\u00a0plus rock&rsquo;n&rsquo;roll\u00a0\u00bb\u00a0<\/p>\n<p>Dans une r\u00e9v\u00e9lation surprenante, Laura Smet affirme que \u00ab\u00a0ma m\u00e8re est peut-\u00eatre un peu plus rock&rsquo;n&rsquo;roll que mon p\u00e8re\u00a0\u00bb, ajoutant malicieusement : \u00ab\u00a0Moi, je peux vous le dire.\u00a0\u00bb Cette confidence t\u00e9moigne de la complicit\u00e9 particuli\u00e8re qui unit   <a href=\"https:\/\/www.programme-television.org\/news\/people\/polemique\/nathalie-baye-laura-smet-prend-la-parole-apres-l-annonce-de-l-hospitalisation-de-sa-mere-et-ne-mache-pas-ses-mots-4743055\" target=\"_self\" rel=\"nofollow noopener\">l&rsquo;actrice \u00e0 Nathalie Baye<\/a>.<\/p>\n<p>Laura Smet conna\u00eet un succ\u00e8s retentissant   <a href=\"https:\/\/www.programme-television.org\/news\/series\/series-policieres\/laura-smet-defiguree-dans-surface-france-2-je-revais-encore-de-cette-cicatrice-des-semaines-apres-le-tournage-4744385\" target=\"_self\" rel=\"nofollow noopener\">avec la s\u00e9rie \u00ab\u00a0Surface\u00a0\u00bb<\/a> sur France 2, adaptation du best-seller d&rsquo;Olivier Norek. Dans cette production, elle incarne No\u00e9mie Chastain, une polici\u00e8re parisienne envoy\u00e9e en Aveyron apr\u00e8s avoir \u00e9t\u00e9 bless\u00e9e par balle. \u00ab\u00a0J&rsquo;ai un ADN commun avec mon personnage\u00a0\u00bb, confie-t-elle, \u00e9voquant ce r\u00f4le d'\u00a0\u00bbanimal sauvage et bless\u00e9\u00a0\u00bb.<\/p>\n<p>Le succ\u00e8s est au rendez-vous : les deux premiers \u00e9pisodes diffus\u00e9s le 1er septembre 2025 ont rassembl\u00e9 respectivement 3,5 et 3,3 millions de t\u00e9l\u00e9spectateurs, pla\u00e7ant France 2 en t\u00eate des audiences. Sur la plateforme France.tv, \u00ab\u00a0Surface\u00a0\u00bb a m\u00eame \u00e9tabli un record avec 4,3 millions de vid\u00e9os vues en avant-premi\u00e8re depuis le 21 ao\u00fbt.\n            <\/p>\n","protected":false},"excerpt":{"rendered":"Invit\u00e9e pour la premi\u00e8re fois sur le plateau de Yann Barth\u00e8s dans \u00ab\u00a0Quotidien\u00a0\u00bb sur TMC, Laura Smet s&rsquo;est&hellip;\n","protected":false},"author":2,"featured_media":369540,"comment_status":"","ping_status":"","sticky":false,"template":"","format":"standard","meta":{"footnotes":""},"categories":[1359],"tags":[58,59,1011,27,973],"class_list":{"0":"post-369539","1":"post","2":"type-post","3":"status-publish","4":"format-standard","5":"has-post-thumbnail","7":"category-people","8":"tag-divertissement","9":"tag-entertainment","10":"tag-fr","11":"tag-france","12":"tag-people"},"share_on_mastodon":{"url":"https:\/\/pubeurope.com\/@fr\/115154874900773829","error":""},"_links":{"self":[{"href":"https:\/\/www.europesays.com\/fr\/wp-json\/wp\/v2\/posts\/369539","targetHints":{"allow":["GET"]}}],"collection":[{"href":"https:\/\/www.europesays.com\/fr\/wp-json\/wp\/v2\/posts"}],"about":[{"href":"https:\/\/www.europesays.com\/fr\/wp-json\/wp\/v2\/types\/post"}],"author":[{"embeddable":true,"href":"https:\/\/www.europesays.com\/fr\/wp-json\/wp\/v2\/users\/2"}],"replies":[{"embeddable":true,"href":"https:\/\/www.europesays.com\/fr\/wp-json\/wp\/v2\/comments?post=369539"}],"version-history":[{"count":0,"href":"https:\/\/www.europesays.com\/fr\/wp-json\/wp\/v2\/posts\/369539\/revisions"}],"wp:featuredmedia":[{"embeddable":true,"href":"https:\/\/www.europesays.com\/fr\/wp-json\/wp\/v2\/media\/369540"}],"wp:attachment":[{"href":"https:\/\/www.europesays.com\/fr\/wp-json\/wp\/v2\/media?parent=369539"}],"wp:term":[{"taxonomy":"category","embeddable":true,"href":"https:\/\/www.europesays.com\/fr\/wp-json\/wp\/v2\/categories?post=369539"},{"taxonomy":"post_tag","embeddable":true,"href":"https:\/\/www.europesays.com\/fr\/wp-json\/wp\/v2\/tags?post=369539"}],"curies":[{"name":"wp","href":"https:\/\/api.w.org\/{rel}","templated":true}]}}