{"id":369543,"date":"2025-09-06T01:59:19","date_gmt":"2025-09-06T01:59:19","guid":{"rendered":"https:\/\/www.europesays.com\/fr\/369543\/"},"modified":"2025-09-06T01:59:19","modified_gmt":"2025-09-06T01:59:19","slug":"anthropic-accepte-de-verser-15-milliard-de-dollars-pour-clore-un-recours-dauteurs-sur-lusage-de-livres-pirates","status":"publish","type":"post","link":"https:\/\/www.europesays.com\/fr\/369543\/","title":{"rendered":"Anthropic accepte de verser 1,5 milliard de dollars pour clore un recours d\u2019auteurs sur l\u2019usage de livres pirat\u00e9s"},"content":{"rendered":"<p>L\u2019accord, pr\u00e9sent\u00e9 devant un juge f\u00e9d\u00e9ral \u00e0 San Francisco, constitue le plus important d\u00e9dommagement jamais obtenu pour violation du droit d\u2019auteur, selon les plaignants.<\/p>\n<p class=\"fig-paragraph\">La soci\u00e9t\u00e9 am\u00e9ricaine d\u2019intelligence artificielle\u00a0<a href=\"http:\/\/www.lefigaro.fr\/secteur\/high-tech\/l-americain-anthropic-barre-l-acces-de-son-ia-aux-entreprises-chinoises-20250905\" data-fig-type=\"NewsFlash\" data-gtm-custom-categorie=\"navigation\" data-gtm-custom-action=\"crossclick\" data-gtm-custom-label=\"Contextuel\" data-gtm-event=\"customEventSPE\" data-fig-domain=\"LEFIGARO\" target=\"_blank\" rel=\"noopener\">Anthropic<\/a>\u00a0a annonc\u00e9 vendredi devant un tribunal f\u00e9d\u00e9ral de San Francisco qu\u2019elle verserait 1,5 milliard de dollars afin de mettre un terme \u00e0 un recours collectif intent\u00e9 par des \u00e9crivains, l\u2019accusant d\u2019avoir utilis\u00e9 leurs ouvrages pour entra\u00eener son agent conversationnel Claude sans autorisation, rapport l\u2019agence Reuters. Si elle est valid\u00e9e, cette transaction constituera \u00able plus important d\u00e9dommagement en mati\u00e8re de droits d\u2019auteur jamais rendu public, plus que tout autre r\u00e8glement collectif ou toute affaire individuelle jug\u00e9e jusqu\u2019au bout\u00bb, ont d\u00e9clar\u00e9 les plaignants dans un document remis au tribunal.<\/p>\n<p class=\"fig-paragraph\">Cette transaction marque la premi\u00e8re issue amiable parmi une s\u00e9rie de proc\u00e8s visant plusieurs g\u00e9ants technologiques, dont OpenAI, Microsoft et Meta, au sujet de l\u2019usage d\u2019\u0153uvres prot\u00e9g\u00e9es pour d\u00e9velopper leurs mod\u00e8les d\u2019IA g\u00e9n\u00e9rative. Dans le cadre de l\u2019accord, Anthropic s\u2019engage \u00e0 d\u00e9truire les copies num\u00e9riques des livres incrimin\u00e9s. L\u2019entreprise pourrait toutefois encore \u00eatre poursuivie pour des violations li\u00e9es aux contenus produits par ses syst\u00e8mes, rapporte Reuters.<\/p>\n<p>                                    <a class=\"fig-a11y-skip a11y-hidden\" href=\"#fig-a11y-skip-main-inarticle\"><br \/>\n        Passer la publicit\u00e9<br \/>\n    <\/a><\/p>\n<p>La question du \u00abfair use\u00bb<\/p>\n<p class=\"fig-paragraph\">Fond\u00e9e en 2021 et soutenue par Amazon et Alphabet (Google), Anthropic pr\u00e9cise dans un communiqu\u00e9 que l\u2019accord ne constitue pas une reconnaissance de responsabilit\u00e9 et affirme\u00a0: \u00abNous nous engageons \u00e0 d\u00e9velopper des syst\u00e8mes d\u2019IA s\u00fbrs qui aident les personnes et les organisations \u00e0 \u00e9tendre leurs capacit\u00e9s, \u00e0 faire progresser la d\u00e9couverte scientifique et \u00e0 r\u00e9soudre des probl\u00e8mes complexes.\u00bb<\/p>\n<p class=\"fig-paragraph\">Le recours collectif avait \u00e9t\u00e9 d\u00e9pos\u00e9 l\u2019an dernier par les \u00e9crivains Andrea Bartz, Charles Graeber et Kirk Wallace Johnson. Ils accusaient Anthropic d\u2019avoir constitu\u00e9 une \u00abbiblioth\u00e8que centrale\u00bb de plus de 7 millions de livres pirat\u00e9s, bien au-del\u00e0 des besoins li\u00e9s \u00e0 l\u2019entra\u00eenement de Claude. Un proc\u00e8s devait s\u2019ouvrir en d\u00e9cembre, avec des dommages et int\u00e9r\u00eats potentiels estim\u00e9s \u00e0 plusieurs centaines de milliards de dollars. La question du \u00abfair use\u00bb (usage loyal) reste par ailleurs au c\u0153ur d\u2019autres affaires en cours, notamment contre Meta.<\/p>\n","protected":false},"excerpt":{"rendered":"L\u2019accord, pr\u00e9sent\u00e9 devant un juge f\u00e9d\u00e9ral \u00e0 San Francisco, constitue le plus important d\u00e9dommagement jamais obtenu pour violation&hellip;\n","protected":false},"author":2,"featured_media":369544,"comment_status":"","ping_status":"","sticky":false,"template":"","format":"standard","meta":{"footnotes":""},"categories":[1357],"tags":[47,722,723,1379,58,59,1011,27,727,726,142,310,655,1380,720,719,724,725,717,718,721,728],"class_list":{"0":"post-369543","1":"post","2":"type-post","3":"status-publish","4":"format-standard","5":"has-post-thumbnail","7":"category-livres","8":"tag-actualite","9":"tag-blog","10":"tag-blogs","11":"tag-books","12":"tag-divertissement","13":"tag-entertainment","14":"tag-fr","15":"tag-france","16":"tag-gadget","17":"tag-gadgets","18":"tag-high-tech","19":"tag-internet","20":"tag-iphone","21":"tag-livres","22":"tag-multimedia","23":"tag-nouvelles-technolgies","24":"tag-smartphone","25":"tag-tablette","26":"tag-technologie","27":"tag-tic","28":"tag-web","29":"tag-widgets"},"share_on_mastodon":{"url":"https:\/\/pubeurope.com\/@fr\/115154882795870171","error":""},"_links":{"self":[{"href":"https:\/\/www.europesays.com\/fr\/wp-json\/wp\/v2\/posts\/369543","targetHints":{"allow":["GET"]}}],"collection":[{"href":"https:\/\/www.europesays.com\/fr\/wp-json\/wp\/v2\/posts"}],"about":[{"href":"https:\/\/www.europesays.com\/fr\/wp-json\/wp\/v2\/types\/post"}],"author":[{"embeddable":true,"href":"https:\/\/www.europesays.com\/fr\/wp-json\/wp\/v2\/users\/2"}],"replies":[{"embeddable":true,"href":"https:\/\/www.europesays.com\/fr\/wp-json\/wp\/v2\/comments?post=369543"}],"version-history":[{"count":0,"href":"https:\/\/www.europesays.com\/fr\/wp-json\/wp\/v2\/posts\/369543\/revisions"}],"wp:featuredmedia":[{"embeddable":true,"href":"https:\/\/www.europesays.com\/fr\/wp-json\/wp\/v2\/media\/369544"}],"wp:attachment":[{"href":"https:\/\/www.europesays.com\/fr\/wp-json\/wp\/v2\/media?parent=369543"}],"wp:term":[{"taxonomy":"category","embeddable":true,"href":"https:\/\/www.europesays.com\/fr\/wp-json\/wp\/v2\/categories?post=369543"},{"taxonomy":"post_tag","embeddable":true,"href":"https:\/\/www.europesays.com\/fr\/wp-json\/wp\/v2\/tags?post=369543"}],"curies":[{"name":"wp","href":"https:\/\/api.w.org\/{rel}","templated":true}]}}