{"id":369545,"date":"2025-09-06T02:00:11","date_gmt":"2025-09-06T02:00:11","guid":{"rendered":"https:\/\/www.europesays.com\/fr\/369545\/"},"modified":"2025-09-06T02:00:11","modified_gmt":"2025-09-06T02:00:11","slug":"on-achete-ou-on-vend-canal-lvmh-et-broadcom","status":"publish","type":"post","link":"https:\/\/www.europesays.com\/fr\/369545\/","title":{"rendered":"On ach\u00e8te ou on vend ? : Canal+, LVMH, et Broadcom"},"content":{"rendered":"<p>On ach\u00e8te ou on vend ? : Canal+, LVMH, et Broadcom &#8211; 05\/09Sur le m\u00eame sujet<a href=\"https:\/\/www.bfmtv.com\/economie\/replay-emissions\/c-est-votre-argent\/video-on-achete-ou-on-vend-canal-lvmh-et-broadcom-05-09_VN-202509050874.html\" title=\"On ach\u00e8te ou on vend ? : Canal+, LVMH, et Broadcom - 05\/09\" rel=\"nofollow noopener\" target=\"_blank\"><img width=\"16\" height=\"9\" class=\"lozad\"  alt=\"On ach\u00e8te ou on vend ? : Canal+, LVMH, et Broadcom - 05\/09\"\/>en lectureOn ach\u00e8te ou on vend ? : Canal+, LVMH, et Broadcom &#8211; 05\/09<\/a><a href=\"https:\/\/www.bfmtv.com\/politique\/parti-socialiste\/video-matignon-nous-faisons-une-offre-de-service-pour-le-pays-assure-jerome-guedj-depute-ps-de-l-essonne_VN-202509050864.html\" title=\"Matignon: &quot;Nous faisons une offre de service pour le pays&quot;, assure J\u00e9r\u00f4me Guedj, d\u00e9put\u00e9 PS de l&#039;Essonne\" rel=\"nofollow noopener\" target=\"_blank\"><img width=\"16\" height=\"9\" class=\"lozad\"  alt=\"Matignon: &quot;Nous faisons une offre de service pour le pays&quot;, assure J\u00e9r\u00f4me Guedj, d\u00e9put\u00e9 PS de l'Essonne\"\/>3:01Matignon: \u00ab\u00a0Nous faisons une offre de service pour le pays\u00a0\u00bb, assure J\u00e9r\u00f4me Guedj, d\u00e9put\u00e9 PS de l&rsquo;Essonne<\/a><a href=\"https:\/\/www.bfmtv.com\/economie\/replay-emissions\/c-est-votre-argent\/video-la-semaine-de-marc-vendredi-5-septembre_VN-202509050866.html\" title=\"La semaine de Marc - Vendredi 5 septembre\" rel=\"nofollow noopener\" target=\"_blank\"><img width=\"16\" height=\"9\" class=\"lozad\"  alt=\"La semaine de Marc - Vendredi 5 septembre\"\/>42:56La semaine de Marc &#8211; Vendredi 5 septembre<\/a><a href=\"https:\/\/www.bfmtv.com\/politique\/parti-socialiste\/video-gouvernement-les-coulisses-d-une-chute-annoncee_VN-202509050862.html\" title=\"Gouvernement: les coulisses d&#039;une chute annonc\u00e9e\" rel=\"nofollow noopener\" target=\"_blank\"><img width=\"16\" height=\"9\" class=\"lozad\"  alt=\"Gouvernement: les coulisses d'une chute annonc\u00e9e\"\/>14:46Gouvernement: les coulisses d&rsquo;une chute annonc\u00e9e<\/a><a href=\"https:\/\/rmcsport.bfmtv.com\/football\/video-resume-caen-dijon-pour-qui-le-duel-des-ex-ligue-1-national-1_VN-202509050872.html\" title=\"R\u00e9sum\u00e9 : Caen-Dijon, pour qui le duel des ex-Ligue 1 ? (National 1)\" rel=\"nofollow noopener\" target=\"_blank\"><img width=\"16\" height=\"9\" class=\"lozad\"  alt=\"R\u00e9sum\u00e9 : Caen-Dijon, pour qui le duel des ex-Ligue 1 ? (National 1)\"\/>5:16R\u00e9sum\u00e9 : Caen-Dijon, pour qui le duel des ex-Ligue 1 ? (National 1)<\/a><a href=\"https:\/\/www.bfmtv.com\/politique\/video-crise-politique-dette-la-gauche-a-matignon-clementine-autain-etait-invitee-face-a-alain-duhamel_VN-202509050857.html\" title=\"Crise politique, dette, la gauche \u00e0 Matignon: Cl\u00e9mentine Autain \u00e9tait invit\u00e9e face \u00e0 Alain Duhamel\" rel=\"nofollow noopener\" target=\"_blank\"><img width=\"16\" height=\"9\" class=\"lozad\"  alt=\"Crise politique, dette, la gauche \u00e0 Matignon: Cl\u00e9mentine Autain \u00e9tait invit\u00e9e face \u00e0 Alain Duhamel\"\/>17:30Crise politique, dette, la gauche \u00e0 Matignon: Cl\u00e9mentine Autain \u00e9tait invit\u00e9e face \u00e0 Alain Duhamel<\/a><a href=\"https:\/\/www.bfmtv.com\/international\/moyen-orient\/israel\/video-la-belgique-reconnaitra-un-etat-de-palestine-lorsqu-il-n-y-aura-plus-d-otages-detenus-et-que-le-hamas-sera-mis-hors-du-jeu_VN-202509050855.html\" title=\"La Belgique reconna\u00eetra un \u00c9tat de Palestine &quot;lorsqu&#039;il n&#039;y aura plus d&#039;otages d\u00e9tenus et que le Hamas sera mis hors du jeu&quot;\" rel=\"nofollow noopener\" target=\"_blank\"><img width=\"16\" height=\"9\" class=\"lozad\"  alt=\"La Belgique reconna\u00eetra un \u00c9tat de Palestine &quot;lorsqu'il n'y aura plus d'otages d\u00e9tenus et que le Hamas sera mis hors du jeu&quot;\"\/>2:04La Belgique reconna\u00eetra un \u00c9tat de Palestine \u00ab\u00a0lorsqu&rsquo;il n&rsquo;y aura plus d&rsquo;otages d\u00e9tenus et que le Hamas sera mis hors du jeu\u00a0\u00bb<\/a><a href=\"https:\/\/www.bfmtv.com\/animaux\/video-6-ans-apres-les-anciens-proprietaires-d-une-panthere-noire-sont-juges-a-lille_VN-202509050853.html\" title=\"6 ans apr\u00e8s, les anciens propri\u00e9taires d&#039;une panth\u00e8re noire sont jug\u00e9s \u00e0 Lille\" rel=\"nofollow noopener\" target=\"_blank\"><img width=\"16\" height=\"9\" class=\"lozad\"  alt=\"6 ans apr\u00e8s, les anciens propri\u00e9taires d'une panth\u00e8re noire sont jug\u00e9s \u00e0 Lille\"\/>0:416 ans apr\u00e8s, les anciens propri\u00e9taires d&rsquo;une panth\u00e8re noire sont jug\u00e9s \u00e0 Lille<\/a><a href=\"https:\/\/www.bfmtv.com\/international\/video-m-musk-nuit-a-l-entreprise-tesla-ce-journaliste-specialiste-automobile-reagit-au-plan-de-remuneration-de-1-000-milliards-de-dollars-propose-a-elon-musk-par-tesla_VN-202509050852.html\" title=\"&quot;M. Musk nuit \u00e0 l&#039;entreprise&quot; Tesla: ce journaliste sp\u00e9cialiste automobile, r\u00e9agit au plan de r\u00e9mun\u00e9ration de 1.000 milliards de dollars propos\u00e9 \u00e0 Elon Musk par Tesla\" rel=\"nofollow noopener\" target=\"_blank\"><img width=\"16\" height=\"9\" class=\"lozad\"  alt=\"&quot;M. Musk nuit \u00e0 l'entreprise&quot; Tesla: ce journaliste sp\u00e9cialiste automobile, r\u00e9agit au plan de r\u00e9mun\u00e9ration de 1.000 milliards de dollars propos\u00e9 \u00e0 Elon Musk par Tesla\"\/>2:11&Prime;M. Musk nuit \u00e0 l&rsquo;entreprise\u00a0\u00bb Tesla: ce journaliste sp\u00e9cialiste automobile, r\u00e9agit au plan de r\u00e9mun\u00e9ration de 1.000 milliards de dollars propos\u00e9 \u00e0 Elon Musk par Tesla<\/a><a href=\"https:\/\/www.bfmtv.com\/economie\/video-1-7-milliard-d-euros-de-medicaments-gaspilles-chaque-annee_VN-202509050850.html\" title=\"1,7 milliard d&#039;euros de m\u00e9dicaments gaspill\u00e9s chaque ann\u00e9e\" rel=\"nofollow noopener\" target=\"_blank\"><img width=\"16\" height=\"9\" class=\"lozad\"  alt=\"1,7 milliard d'euros de m\u00e9dicaments gaspill\u00e9s chaque ann\u00e9e\"\/>1:381,7 milliard d&rsquo;euros de m\u00e9dicaments gaspill\u00e9s chaque ann\u00e9e<\/a><a href=\"https:\/\/www.bfmtv.com\/international\/amerique-nord\/etats-unis\/video-etre-offensifs-donald-trump-renomme-le-ministere-de-la-defense-en-ministere-de-la-guerre_VN-202509050848.html\" title=\"&quot;\u00catre offensifs&quot;: Donald Trump renomme le minist\u00e8re de la D\u00e9fense en &quot;minist\u00e8re de la Guerre&quot;\" rel=\"nofollow noopener\" target=\"_blank\"><img width=\"16\" height=\"9\" class=\"lozad\"  alt=\"&quot;\u00catre offensifs&quot;: Donald Trump renomme le minist\u00e8re de la D\u00e9fense en &quot;minist\u00e8re de la Guerre&quot;\"\/>1:21&Prime;\u00catre offensifs\u00a0\u00bb: Donald Trump renomme le minist\u00e8re de la D\u00e9fense en \u00ab\u00a0minist\u00e8re de la Guerre\u00a0\u00bb<\/a><a href=\"https:\/\/www.bfmtv.com\/politique\/video-crise-politique-ce-qu-on-laisse-avant-tout-aux-generations-futures-c-est-la-dette-ecologique-estime-clementine-autain-deputee-nfp-de-seine-saint-denis_VN-202509050847.html\" title=\"Crise politique: &quot;Ce qu&#039;on laisse avant tout aux g\u00e9n\u00e9rations futures, c&#039;est la dette \u00e9cologique&quot;, estime Cl\u00e9mentine Autain, d\u00e9put\u00e9e NFP de Seine-Saint-Denis\" rel=\"nofollow noopener\" target=\"_blank\"><img width=\"16\" height=\"9\" class=\"lozad\"  alt=\"Crise politique: &quot;Ce qu'on laisse avant tout aux g\u00e9n\u00e9rations futures, c'est la dette \u00e9cologique&quot;, estime Cl\u00e9mentine Autain, d\u00e9put\u00e9e NFP de Seine-Saint-Denis\"\/>1:13Crise politique: \u00ab\u00a0Ce qu&rsquo;on laisse avant tout aux g\u00e9n\u00e9rations futures, c&rsquo;est la dette \u00e9cologique\u00a0\u00bb, estime Cl\u00e9mentine Autain, d\u00e9put\u00e9e NFP de Seine-Saint-Denis<\/a><a href=\"https:\/\/www.bfmtv.com\/politique\/video-manifestations-blocages-sabotages-a-quoi-s-attendre-le-10-septembre_VN-202509050849.html\" title=\"Manifestations, blocages, sabotages... \u00c0 quoi s&#039;attendre le 10 septembre?\" rel=\"nofollow noopener\" target=\"_blank\"><img width=\"16\" height=\"9\" class=\"lozad\"  alt=\"Manifestations, blocages, sabotages... \u00c0 quoi s'attendre le 10 septembre?\"\/>1:31Manifestations, blocages, sabotages&#8230; \u00c0 quoi s&rsquo;attendre le 10 septembre?<\/a><a href=\"https:\/\/www.bfmtv.com\/cote-d-azur\/replay-emissions\/bonsoir-cote-d-azur\/video-la-baronne-l-evenement-incontournable-de-l-ete-s-installe-a-mandelieu-la-napoule-le-14septembre_VN-202509050842.html\" title=\"La Baronne: L\u2019\u00e9v\u00e9nement incontournable de l\u2019\u00e9t\u00e9 s&#039;installe \u00e0 Mandelieu-la-Napoule le 14septembre\" rel=\"nofollow noopener\" target=\"_blank\"><img width=\"16\" height=\"9\" class=\"lozad\"  alt=\"La Baronne: L\u2019\u00e9v\u00e9nement incontournable de l\u2019\u00e9t\u00e9 s'installe \u00e0 Mandelieu-la-Napoule le 14septembre\"\/>2:29La Baronne: L\u2019\u00e9v\u00e9nement incontournable de l\u2019\u00e9t\u00e9 s&rsquo;installe \u00e0 Mandelieu-la-Napoule le 14septembre<\/a><a class=\"jumpToVideo\" target=\"_blank\"><img class=\"thumbnailPreview\"\/><\/a><\/p>\n","protected":false},"excerpt":{"rendered":"On ach\u00e8te ou on vend ? : Canal+, LVMH, et Broadcom &#8211; 05\/09Sur le m\u00eame sujeten lectureOn ach\u00e8te&hellip;\n","protected":false},"author":2,"featured_media":369546,"comment_status":"","ping_status":"","sticky":false,"template":"","format":"standard","meta":{"footnotes":""},"categories":[1356],"tags":[58,59,1011,27,252,1364],"class_list":{"0":"post-369545","1":"post","2":"type-post","3":"status-publish","4":"format-standard","5":"has-post-thumbnail","7":"category-television","8":"tag-divertissement","9":"tag-entertainment","10":"tag-fr","11":"tag-france","12":"tag-television","13":"tag-tv"},"share_on_mastodon":{"url":"https:\/\/pubeurope.com\/@fr\/115154886596545156","error":""},"_links":{"self":[{"href":"https:\/\/www.europesays.com\/fr\/wp-json\/wp\/v2\/posts\/369545","targetHints":{"allow":["GET"]}}],"collection":[{"href":"https:\/\/www.europesays.com\/fr\/wp-json\/wp\/v2\/posts"}],"about":[{"href":"https:\/\/www.europesays.com\/fr\/wp-json\/wp\/v2\/types\/post"}],"author":[{"embeddable":true,"href":"https:\/\/www.europesays.com\/fr\/wp-json\/wp\/v2\/users\/2"}],"replies":[{"embeddable":true,"href":"https:\/\/www.europesays.com\/fr\/wp-json\/wp\/v2\/comments?post=369545"}],"version-history":[{"count":0,"href":"https:\/\/www.europesays.com\/fr\/wp-json\/wp\/v2\/posts\/369545\/revisions"}],"wp:featuredmedia":[{"embeddable":true,"href":"https:\/\/www.europesays.com\/fr\/wp-json\/wp\/v2\/media\/369546"}],"wp:attachment":[{"href":"https:\/\/www.europesays.com\/fr\/wp-json\/wp\/v2\/media?parent=369545"}],"wp:term":[{"taxonomy":"category","embeddable":true,"href":"https:\/\/www.europesays.com\/fr\/wp-json\/wp\/v2\/categories?post=369545"},{"taxonomy":"post_tag","embeddable":true,"href":"https:\/\/www.europesays.com\/fr\/wp-json\/wp\/v2\/tags?post=369545"}],"curies":[{"name":"wp","href":"https:\/\/api.w.org\/{rel}","templated":true}]}}