{"id":369547,"date":"2025-09-06T02:01:13","date_gmt":"2025-09-06T02:01:13","guid":{"rendered":"https:\/\/www.europesays.com\/fr\/369547\/"},"modified":"2025-09-06T02:01:13","modified_gmt":"2025-09-06T02:01:13","slug":"et-si-vous-rencontriez-la-star-en-vrai","status":"publish","type":"post","link":"https:\/\/www.europesays.com\/fr\/369547\/","title":{"rendered":"et si vous rencontriez la star en vrai\u00a0?"},"content":{"rendered":"<p melodystyle=\"texte\">C&rsquo;est aussi la rentr\u00e9e pour <a href=\"https:\/\/www.lamanchelibre.fr\/actualite-1177337-people-pierre-garnier-en-a-reve-il-l-a-fait-le-chanteur-normand-partage-la-scene-avec-ed-sheeran\" target=\"_blank\" rel=\"nofollow noopener\">Pierre Garnier<\/a>. Depuis ce\u00a0vendredi 5\u00a0septembre, les radios peuvent diffuser un nouveau single de l&rsquo;artiste. Il s&rsquo;agit de L&rsquo;horizon, une des chansons issues de l&rsquo;album Chaque Seconde. Les fans les plus ardents du chanteur connaissent bien ce morceau\u00a0: 1,6\u00a0million de personnes l&rsquo;ont d\u00e9j\u00e0 \u00e9cout\u00e9 depuis sa sortie sur YouTube en juin\u00a02024.<\/p>\n<p>Un morceau achev\u00e9 \u00ab\u00a0une journ\u00e9e avant de rendre l&rsquo;album\u00a0\u00bb\u00a0!<\/p>\n<p melodystyle=\"texte\">Comme toujours, l&rsquo;artiste normand livre un titre tr\u00e8s personnel et partage ses doutes. \u00ab\u00a0J&rsquo;voudrais jamais tout changer \/ Jamais tout abandonner \/ Mais parfois, j&rsquo;ai peur de ne rien contr\u00f4ler.\u00a0\u00bb\u00a0Toutefois, l&rsquo;ancien vainqueur de la \u00ab\u00a0Star Academy\u00a0\u00bb innove avec un style musical inspir\u00e9 de la soul. Dans un entretien \u00e0 une radio belge, relay\u00e9 par <a href=\"https:\/\/www.chartsinfrance.net\/Pierre-Garnier\/news-133692.html\" target=\"_blank\" rel=\"nofollow noopener\">Charts in France<\/a>, Pierre Garnier r\u00e9v\u00e8le que L&rsquo;horizon a \u00e9t\u00e9 particuli\u00e8rement dure \u00e0 \u00e9crire. \u00ab\u00a0Les paroles ne me plaisaient pas trop. La prod non plus. On a essay\u00e9 de la reprendre et on l&rsquo;a finie une journ\u00e9e avant de rendre l&rsquo;album\u00a0\u00bb, explique-t-il.<\/p>\n<p>Comment assister aux prochains concerts de Pierre Garnier\u00a0?<\/p>\n<p melodystyle=\"texte\">Pierre Garnier poursuit sa tourn\u00e9e \u00ab\u00a0Chaque Seconde Tour\u00a0\u00bb partout en France et dans les territoires d&rsquo;outre-mer. L&rsquo;artiste sera <a href=\"https:\/\/www.lamanchelibre.fr\/actualite-1157153-musique-pierre-garnier-annonce-de-nouvelles-dates-de-concerts-a-caen\" target=\"_blank\" rel=\"nofollow noopener\">de retour chez lui en Normandie<\/a> avec deux concerts\u00a0: mardi 16\u00a0d\u00e9cembre au Z\u00e9nith de Rouen et le lendemain au Z\u00e9nith de Caen et mercredi 17\u00a0d\u00e9cembre \u00e0 20h.<\/p>\n<p melodystyle=\"texte\"><b>\u2022 A lire aussi.\u00a0<\/b><a href=\"https:\/\/www.lamanchelibre.fr\/actualite-1154313-musique-pierre-garnier-a-caen-ses-fans-lui-reservent-une-belle-surprise\" target=\"_blank\" rel=\"nofollow noopener\">Pierre Garnier \u00e0 Caen\u00a0: ses fans lui r\u00e9servent une belle surprise<\/a><\/p>\n<p melodystyle=\"texte\">Pour les plus impatients, TF1 vient de lancer un concours pour assister au grand \u00ab\u00a0showcase\u00a0\u00bb de la \u00ab\u00a0Star Academy\u00a0\u00bb le 29\u00a0septembre au Grand Rex de Paris. De nombreux anciens de l&rsquo;\u00e9mission seront pr\u00e9sents pour lancer la nouvelle saison du programme\u00a0: H\u00e9l\u00e9na, Marguerite et bien s\u00fbr Pierre Garnier\u00a0! Nikos Aliagas et le directeur de l&rsquo;\u00e9mission Micha\u00ebl Goldman seront aussi pr\u00e9sents. Les inscriptions se font en ligne au <a href=\"https:\/\/tf1-et-vous-communication.tf1.fr\/quiz\/1664698_1115\/Assistez-au-showcase-STAR-ACADEMY-le-29-septembre-au-GRAND-REX-a-PARIS.html?fbclid=IwY2xjawMntFpleHRuA2FlbQIxMABicmlkETFpSU1RMlpnSTlUdlZIckNlAR56Pyz4ji9tqFjSb9gBVjnGiP7XLTjVGXjY8wMPj6lpI2GWJhE8mtd-d5DBMQ_aem_qt3FwV0RXMXIYESrivCNOQ\" target=\"_blank\" rel=\"nofollow noopener\">lien suivant<\/a>.<\/p>\n","protected":false},"excerpt":{"rendered":"C&rsquo;est aussi la rentr\u00e9e pour Pierre Garnier. Depuis ce\u00a0vendredi 5\u00a0septembre, les radios peuvent diffuser un nouveau single de&hellip;\n","protected":false},"author":2,"featured_media":369548,"comment_status":"","ping_status":"","sticky":false,"template":"","format":"standard","meta":{"footnotes":""},"categories":[1355],"tags":[58,59,1011,27,1361,873],"class_list":{"0":"post-369547","1":"post","2":"type-post","3":"status-publish","4":"format-standard","5":"has-post-thumbnail","7":"category-musique","8":"tag-divertissement","9":"tag-entertainment","10":"tag-fr","11":"tag-france","12":"tag-music","13":"tag-musique"},"share_on_mastodon":{"url":"https:\/\/pubeurope.com\/@fr\/115154890598577810","error":""},"_links":{"self":[{"href":"https:\/\/www.europesays.com\/fr\/wp-json\/wp\/v2\/posts\/369547","targetHints":{"allow":["GET"]}}],"collection":[{"href":"https:\/\/www.europesays.com\/fr\/wp-json\/wp\/v2\/posts"}],"about":[{"href":"https:\/\/www.europesays.com\/fr\/wp-json\/wp\/v2\/types\/post"}],"author":[{"embeddable":true,"href":"https:\/\/www.europesays.com\/fr\/wp-json\/wp\/v2\/users\/2"}],"replies":[{"embeddable":true,"href":"https:\/\/www.europesays.com\/fr\/wp-json\/wp\/v2\/comments?post=369547"}],"version-history":[{"count":0,"href":"https:\/\/www.europesays.com\/fr\/wp-json\/wp\/v2\/posts\/369547\/revisions"}],"wp:featuredmedia":[{"embeddable":true,"href":"https:\/\/www.europesays.com\/fr\/wp-json\/wp\/v2\/media\/369548"}],"wp:attachment":[{"href":"https:\/\/www.europesays.com\/fr\/wp-json\/wp\/v2\/media?parent=369547"}],"wp:term":[{"taxonomy":"category","embeddable":true,"href":"https:\/\/www.europesays.com\/fr\/wp-json\/wp\/v2\/categories?post=369547"},{"taxonomy":"post_tag","embeddable":true,"href":"https:\/\/www.europesays.com\/fr\/wp-json\/wp\/v2\/tags?post=369547"}],"curies":[{"name":"wp","href":"https:\/\/api.w.org\/{rel}","templated":true}]}}