{"id":369549,"date":"2025-09-06T02:02:13","date_gmt":"2025-09-06T02:02:13","guid":{"rendered":"https:\/\/www.europesays.com\/fr\/369549\/"},"modified":"2025-09-06T02:02:13","modified_gmt":"2025-09-06T02:02:13","slug":"premier-teaser-100-fan-service-et-une-date-de-sortie-pour-le-reboot-et-son-casting-fou","status":"publish","type":"post","link":"https:\/\/www.europesays.com\/fr\/369549\/","title":{"rendered":"premier teaser 100% fan service et une date de sortie pour le reboot et son casting fou"},"content":{"rendered":"<p><strong>Le reboot de <a href=\"https:\/\/www.ecranlarge.com\/films\/1476324-street-fighter\" data-type=\"films\" data-id=\"795871\" rel=\"nofollow noopener\" target=\"_blank\">Street Fighter<\/a> se pr\u00e9cise. <a href=\"https:\/\/www.ecranlarge.com\/personnalite\/1368250-paramount\" data-type=\"people\" data-id=\"902472\" rel=\"nofollow noopener\" target=\"_blank\">Paramount <\/a>et <a href=\"https:\/\/www.ecranlarge.com\/personnalite\/1446302-legendary-pictures\" data-type=\"people\" data-id=\"902618\" rel=\"nofollow noopener\" target=\"_blank\">Legendary<\/a> viennent de d\u00e9voiler un premier teaser, une date de sortie officielle et la liste du casting complet du film, et \u00e7a commence \u00e0 vraiment donner envie. <\/strong><\/p>\n<p>Annonc\u00e9 initialement sous la direction des fr\u00e8res <a href=\"https:\/\/www.ecranlarge.com\/personnalite\/1464749-danny-philippou\" data-type=\"people\" data-id=\"646219\" rel=\"nofollow noopener\" target=\"_blank\">Danny <\/a>et <a href=\"https:\/\/www.ecranlarge.com\/personnalite\/1464748-michael-philippou\" data-type=\"people\" data-id=\"646218\" rel=\"nofollow noopener\" target=\"_blank\">Michael Philippou<\/a>, le projet de reboot de <strong>Street Fighter<\/strong> avait rapidement chang\u00e9 de trajectoire apr\u00e8s le d\u00e9part des frangins, partis tourner <a href=\"https:\/\/www.ecranlarge.com\/films\/critique\/substitution-bring-her-back-critique-horreur-annee\" data-type=\"link\" data-id=\"https:\/\/www.ecranlarge.com\/films\/critique\/substitution-bring-her-back-critique-horreur-annee\" rel=\"nofollow noopener\" target=\"_blank\">l\u2019excellent film d\u2019horreur <strong>Substitution<\/strong>.<\/a> C\u2019est finalement Kitao Sakurai, r\u00e9alisateur venant de la com\u00e9die un peu (beaucoup) d\u00e9c\u00e9r\u00e9br\u00e9e (<strong>Bad Trip<\/strong>) et \u00e9tant pass\u00e9 par <a href=\"https:\/\/www.ecranlarge.com\/series\/1485950-twisted-metal\" data-type=\"series\" data-id=\"697400\" rel=\"nofollow noopener\" target=\"_blank\">la s\u00e9rie nulle <strong>Twisted Metal<\/strong><\/a>, qui a repris les commandes en f\u00e9vrier 2025. On dira poliment que son arriv\u00e9e avait suscit\u00e9 une certaine r\u00e9serve, mais la production s\u2019est consolid\u00e9e au fil des mois.<\/p>\n<p>                    <img decoding=\"async\" alt=\"\" class=\"wp-image-518375\" style=\"object-fit:cover;width:25px;height:25px\" src=\"https:\/\/www.ecranlarge.com\/content\/uploads\/2023\/09\/arrow-right-circle.svg\"\/><\/p>\n<p>L\u2019inqui\u00e9tude avait grandi quand <a href=\"https:\/\/www.ecranlarge.com\/films\/news\/film-street-fighter-studio-annule-sortie\" data-type=\"link\" data-id=\"https:\/\/www.ecranlarge.com\/films\/news\/film-street-fighter-studio-annule-sortie\" rel=\"nofollow noopener\" target=\"_blank\">la date de sortie du film <strong>Street Fighter<\/strong> a \u00e9t\u00e9 annul\u00e9e<\/a>. On croyait alors le projet mort et enterr\u00e9. Mais, surprise, il a repris du poil de la b\u00eate, et a align\u00e9 des t\u00eates d\u2019affiche franchement surprenantes (Jason Momoa, 50 Cent, David Dastmalchian\u2026). Et on commence \u00e0 avoir envie de voir jusqu\u2019o\u00f9 ira le projet. Apr\u00e8s des mois d\u2019attente, <strong>Street Fighter tient enfin sa date de sortie, et on a m\u00eame eu droit \u00e0 un teaser, d\u00e9voil\u00e9 en exclusivit\u00e9 chez IGN, d\u00e9voilant l\u2019int\u00e9gralit\u00e9 du casting dingue du film. <\/strong><\/p>\n<\/p>\n<p>Un casting dingue pour Street Fighter<\/p>\n<p>Le teaser est un pur objet de fan service. Au son du th\u00e8me musical de Guile provenant directement du jeu <strong>Street Fighter 2<\/strong> de 1991 (th\u00e8me compos\u00e9 par la g\u00e9niale Yoko Shimomura), on se retrouve face \u00e0 un \u00e9cran de s\u00e9lection des personnages du jeu de baston. Un \u00e9cran modifi\u00e9 pour les besoins de la campagne de communication, o\u00f9 <strong>les visages des personnages d\u00e9filent en alternance avec leur alter ego en chair et en os<\/strong>. \u00c0 l\u2019occasion de la mise en ligne de ce teaser, Legendary a confirm\u00e9 le casting complet du film :<\/p>\n<ul class=\"wp-block-list\">\n<li>Andrew Koji : Ryu<\/li>\n<li>Noah Centineo : Ken<\/li>\n<li>Callina Liang : Chun-Li<\/li>\n<li>Cody Rhodes : Guile<\/li>\n<li>Orville Peck : Vega<\/li>\n<li>Curtis 50 Cent Jackson : Balrog<\/li>\n<li>Jason Momoa : Blanka<\/li>\n<li>Vidyut Jammwal : Dhalsim<\/li>\n<li>Olivier Richters : Zangief<\/li>\n<li>Hirooki Goto : E. Honda<\/li>\n<li>David Dastmalchian : M. Bison<\/li>\n<li>Roman Reigns : Akuma<\/li>\n<li>Andrew Schulz : Dan Hibiki<\/li>\n<li>Eric Andr\u00e9 : Don Sauvage<\/li>\n<li>Mel Jarnson : Cammy<\/li>\n<li>Rayna Vallandingham : Juli<\/li>\n<li>Kyle Mooney : Marvin<\/li>\n<li>Alexander Volkanovski : Joe<\/li>\n<\/ul>\n<p><a href=\"https:\/\/www.ecranlarge.com\/content\/uploads\/2025\/09\/jason-momoa-in-chief-of-war.jpg\" rel=\"nofollow noopener\" target=\"_blank\"><\/p>\n<p><img loading=\"lazy\" decoding=\"async\" alt=\"\" src=\"https:\/\/www.europesays.com\/fr\/wp-content\/uploads\/2025\/09\/jason-momoa-in-chief-of-war-1260x710.jpg\" width=\"1260\" height=\"710\"  \/><\/p>\n<p><\/a>Jason Momoa bient\u00f4t en mode velu pour BlankaLa petite histoire de la bagarre<\/p>\n<p>Par la m\u00eame occasion, on en sait enfin un peu plus sur le sc\u00e9nario. <strong>Le film situera son intrigue en 1993, dans la continuit\u00e9 directe de l\u2019univers du jeu Str<\/strong><strong>eet Fighter II<\/strong>. L\u2019histoire suivra Ryu (Andrew Koji) et Ken (Noah Centineo), deux combattants s\u00e9par\u00e9s depuis longtemps, rappel\u00e9s par Chun-Li (Callina Liang) afin de participer au tournoi World Warrior. Derri\u00e8re cette comp\u00e9tition se cache une conspiration plus vaste qui les confrontera \u00e0 des adversaires puissants, mais aussi \u00e0 leurs propres d\u00e9mons int\u00e9rieurs.<\/p>\n<p>Le choix d\u2019ancrer l\u2019histoire dans les ann\u00e9es 1990 est plut\u00f4t rassurant. L\u2019une des principales inqui\u00e9tudes des spectateurs concernait justement la temporalit\u00e9 : fallait-il transposer l\u2019univers de<strong> Street Fighter<\/strong> \u00e0 l\u2019\u00e9poque contemporaine, ou rester fid\u00e8le \u00e0 l\u2019ambiance de son \u00e2ge d\u2019or ? En revenant explicitement \u00e0 la d\u00e9cennie o\u00f9 la licence a connu son apog\u00e9e, le film affiche une volont\u00e9 de respect du mat\u00e9riau original et le d\u00e9sir d\u2019inscrire le r\u00e9cit dans l\u2019imaginaire qui a fa\u00e7onn\u00e9 la popularit\u00e9 de la saga, ce qu\u2019on ne peut que saluer.<\/p>\n<p><a href=\"https:\/\/www.ecranlarge.com\/content\/uploads\/2025\/09\/jf80mc6g02x71.jpg\" rel=\"nofollow noopener\" target=\"_blank\"><\/p>\n<p><img loading=\"lazy\" decoding=\"async\" alt=\"\" src=\"https:\/\/www.europesays.com\/fr\/wp-content\/uploads\/2025\/09\/jf80mc6g02x71-1260x840.jpg\" width=\"1260\" height=\"840\"  \/><\/p>\n<p><\/a>Andrew Koji (Ryu) dans la super s\u00e9rie Warrior<\/p>\n<p>Le projet est produit conjointement par Legendary et Capcom, et distribu\u00e9 par Paramount Pictures, qui a sign\u00e9 un accord de trois ans avec Legendary pour la diffusion internationale, ce qui laisse d\u00e9j\u00e0 penser \u00e0 la <strong>mise en chantier d\u2019une suite rapidement si le film cartonne.<\/strong> <\/p>\n<p>Paramount a fix\u00e9 <strong>la sortie am\u00e9ricaine de Street Fighter au 16 octobre 2026<\/strong> (et s\u00fbrement le 14 octobre 2026 en France).<\/p>\n","protected":false},"excerpt":{"rendered":"Le reboot de Street Fighter se pr\u00e9cise. Paramount et Legendary viennent de d\u00e9voiler un premier teaser, une date&hellip;\n","protected":false},"author":2,"featured_media":369550,"comment_status":"","ping_status":"","sticky":false,"template":"","format":"standard","meta":{"footnotes":""},"categories":[1354],"tags":[58,59,1346,1011,27,1360],"class_list":{"0":"post-369549","1":"post","2":"type-post","3":"status-publish","4":"format-standard","5":"has-post-thumbnail","7":"category-films","8":"tag-divertissement","9":"tag-entertainment","10":"tag-films","11":"tag-fr","12":"tag-france","13":"tag-movies"},"share_on_mastodon":{"url":"https:\/\/pubeurope.com\/@fr\/115154894760032388","error":""},"_links":{"self":[{"href":"https:\/\/www.europesays.com\/fr\/wp-json\/wp\/v2\/posts\/369549","targetHints":{"allow":["GET"]}}],"collection":[{"href":"https:\/\/www.europesays.com\/fr\/wp-json\/wp\/v2\/posts"}],"about":[{"href":"https:\/\/www.europesays.com\/fr\/wp-json\/wp\/v2\/types\/post"}],"author":[{"embeddable":true,"href":"https:\/\/www.europesays.com\/fr\/wp-json\/wp\/v2\/users\/2"}],"replies":[{"embeddable":true,"href":"https:\/\/www.europesays.com\/fr\/wp-json\/wp\/v2\/comments?post=369549"}],"version-history":[{"count":0,"href":"https:\/\/www.europesays.com\/fr\/wp-json\/wp\/v2\/posts\/369549\/revisions"}],"wp:featuredmedia":[{"embeddable":true,"href":"https:\/\/www.europesays.com\/fr\/wp-json\/wp\/v2\/media\/369550"}],"wp:attachment":[{"href":"https:\/\/www.europesays.com\/fr\/wp-json\/wp\/v2\/media?parent=369549"}],"wp:term":[{"taxonomy":"category","embeddable":true,"href":"https:\/\/www.europesays.com\/fr\/wp-json\/wp\/v2\/categories?post=369549"},{"taxonomy":"post_tag","embeddable":true,"href":"https:\/\/www.europesays.com\/fr\/wp-json\/wp\/v2\/tags?post=369549"}],"curies":[{"name":"wp","href":"https:\/\/api.w.org\/{rel}","templated":true}]}}