{"id":369561,"date":"2025-09-06T02:09:11","date_gmt":"2025-09-06T02:09:11","guid":{"rendered":"https:\/\/www.europesays.com\/fr\/369561\/"},"modified":"2025-09-06T02:09:11","modified_gmt":"2025-09-06T02:09:11","slug":"un-policier-filme-giflant-un-jeune-le-parquet-de-bobigny-ouvre-une-enquete","status":"publish","type":"post","link":"https:\/\/www.europesays.com\/fr\/369561\/","title":{"rendered":"un policier film\u00e9 giflant un\u00a0jeune, le\u00a0parquet de\u00a0Bobigny ouvre une enqu\u00eate"},"content":{"rendered":"<p>                          <img loading=\"lazy\" decoding=\"async\" src=\"https:\/\/www.europesays.com\/fr\/wp-content\/uploads\/2025\/09\/7a4eede_upload-1-ynysyapjex76-000-34f79kj.jpg\" alt=\"Le palais de justice de Bobigny, en Seine-Saint-Denis, le 15\u00a0janvier 2024.\"   width=\"664\" height=\"443\"\/>    Le palais de justice de Bobigny, en Seine-Saint-Denis, le 15\u00a0janvier 2024.  LUDOVIC MARIN\/AFP                          <\/p>\n<p class=\"article__paragraph  \">Le parquet de Bobigny a annonc\u00e9, vendredi 5\u00a0septembre, qu\u2019il allait ouvrir une enqu\u00eate pour \u00ab\u00a0violences par personne d\u00e9positaire de l\u2019autorit\u00e9 publique\u00a0\u00bb apr\u00e8s la publication sur X par Aly Diouara, d\u00e9put\u00e9 La France insoumise (LFI) de la 5e\u00a0circonscription de la Seine-Saint-Denis, d\u2019une vid\u00e9o montrant un jeune homme se faisant violemment gifler, puis cracher dessus par un policier.<\/p>\n<p class=\"article__paragraph  \">Sur la vid\u00e9o d\u2019une quarantaine de secondes, qui, selon l\u2019\u00e9lu de Seine-Saint-Denis qui l\u2019a post\u00e9e sur X, aurait \u00e9t\u00e9 film\u00e9e le 28\u00a0ao\u00fbt \u00e0 Saint-Denis (Seine-Saint-Denis), le jeune homme gifl\u00e9 se tient immobile contre une grille. Deux autres policiers \u00e0 proximit\u00e9 imm\u00e9diate n\u2019interviennent pas.<\/p>\n<p class=\"article__paragraph  \">\u00ab\u00a0L\u2019identification de la patrouille de police et du policier concern\u00e9s sont en cours\u00a0\u00bb, a pr\u00e9cis\u00e9 le parquet de Bobigny, sollicit\u00e9 par l\u2019Agence France-Presse (AFP), sans donner de pr\u00e9cision sur les lieux ni la date des faits. L\u2019enqu\u00eate sera men\u00e9e par l\u2019inspection g\u00e9n\u00e9rale de la police nationale. Contact\u00e9e par l\u2019AFP, la Pr\u00e9fecture de police de Paris a, pour sa part, pr\u00e9cis\u00e9 qu\u2019une enqu\u00eate administrative avait \u00e9t\u00e9 ouverte.<\/p>\n<p class=\"article__paragraph  \">Aly Diouara a d\u00e9clar\u00e9 avoir saisi le procureur de la R\u00e9publique de cette affaire, au titre de l\u2019article\u00a040 du code de proc\u00e9dure p\u00e9nale. Il a ajout\u00e9 se rendre \u00e0 Saint-Denis pour \u00ab\u00a0rassurer\u00a0\u00bb le jeune homme apparaissant sur la vid\u00e9o qui comptabilisait d\u00e9j\u00e0 plus de 30\u00a0000\u00a0vues en deux heures vendredi apr\u00e8s-midi. \u00ab\u00a0Ce sont les policiers qui doivent avoir peur et pas lui\u00a0\u00bb, a-t-il soulign\u00e9 aupr\u00e8s de l\u2019AFP.<\/p>\n<p>                                       Lire aussi |  <a href=\"https:\/\/www.lemonde.fr\/societe\/article\/2025\/04\/15\/l-igpn-saisie-apres-la-plainte-d-un-depute-envers-un-policier-en-seine-saint-denis_6596296_3224.html\" class=\"js-article-read-also catcher--favoris__link\" data-premium=\"\" id=\"article-title-3418756\" rel=\"nofollow noopener\" target=\"_blank\">L\u2019IGPN saisie\u00a0apr\u00e8s la plainte d\u2019un d\u00e9put\u00e9 envers un policier en Seine-Saint-Denis<\/a>    <\/p>\n<p>   Lire plus tard  <\/p>\n<p>                          Un nouvel \u00e9pisode dans les tensions entre\u00a0\u00e9lus et\u00a0police                    <\/p>\n<p class=\"article__paragraph  \">Le d\u00e9put\u00e9 LFI de Saint-Denis Eric Coquerel a lui aussi r\u00e9agi sur X, qualifiant la sc\u00e8ne de \u00ab\u00a0choquante\u00a0\u00bb. \u00ab\u00a0Quelle que soit la raison d\u2019une interpellation, on ne peut accepter ces coups \u00e0 un homme immobile et ces crachats qui humilient. Ce n\u2019est pas digne d\u2019une police\u00a0\u00bb, a-t-il ajout\u00e9, appelant le pr\u00e9fet du d\u00e9partement et le pr\u00e9fet de police de Paris, Laurent Nu\u00f1ez, dont d\u00e9pend la Seine-Saint-Denis, \u00e0 r\u00e9agir.<\/p>\n<p class=\"article__paragraph  \">Aly Diouara et Laurent Nu\u00f1ez s\u2019\u00e9charpent r\u00e9guli\u00e8rement sur les r\u00e9seaux sociaux. Le 22\u00a0ao\u00fbt, M.\u00a0Nu\u00f1ez avait annonc\u00e9 d\u00e9poser plainte contre M.\u00a0Diouara, qui avait affirm\u00e9 que \u00ab\u00a0la police tue\u00a0\u00bb.<\/p>\n<p class=\"article__paragraph  \">Deux jours plus t\u00f4t, c\u2019est le pr\u00e9fet du Val-d\u2019Oise, Philippe Court, qui avait d\u00e9pos\u00e9 plainte contre un autre d\u00e9put\u00e9 LFI, Aur\u00e9lien Tach\u00e9, pour des propos similaires, le sommant de retirer son message.<\/p>\n<p>                                       Lire aussi |  <a href=\"https:\/\/www.lemonde.fr\/societe\/article\/2025\/02\/28\/en-seine-saint-denis-le-depute-aly-diouara-met-en-cause-l-attitude-de-policiers-lors-d-un-controle-a-bobigny_6568394_3224.html\" class=\"js-article-read-also catcher--favoris__link\" data-premium=\"\" id=\"article-title-3412245\" rel=\"nofollow noopener\" target=\"_blank\">En Seine-Saint-Denis, le d\u00e9put\u00e9 Aly Diouara assure avoir \u00e9t\u00e9 \u00ab\u00a0menac\u00e9\u00a0\u00bb par des policiers lors d\u2019un contr\u00f4le<\/a>    <\/p>\n<p>   Lire plus tard  <\/p>\n<p class=\"author__detail\">  Le Monde avec AFP  <\/p>\n","protected":false},"excerpt":{"rendered":"Le palais de justice de Bobigny, en Seine-Saint-Denis, le 15\u00a0janvier 2024. LUDOVIC MARIN\/AFP Le parquet de Bobigny a&hellip;\n","protected":false},"author":2,"featured_media":369562,"comment_status":"","ping_status":"","sticky":false,"template":"","format":"standard","meta":{"footnotes":""},"categories":[4],"tags":[11,1011,27,12,25],"class_list":{"0":"post-369561","1":"post","2":"type-post","3":"status-publish","4":"format-standard","5":"has-post-thumbnail","7":"category-france","8":"tag-actualites","9":"tag-fr","10":"tag-france","11":"tag-news","12":"tag-republique-francaise"},"share_on_mastodon":{"url":"https:\/\/pubeurope.com\/@fr\/115154922348206414","error":""},"_links":{"self":[{"href":"https:\/\/www.europesays.com\/fr\/wp-json\/wp\/v2\/posts\/369561","targetHints":{"allow":["GET"]}}],"collection":[{"href":"https:\/\/www.europesays.com\/fr\/wp-json\/wp\/v2\/posts"}],"about":[{"href":"https:\/\/www.europesays.com\/fr\/wp-json\/wp\/v2\/types\/post"}],"author":[{"embeddable":true,"href":"https:\/\/www.europesays.com\/fr\/wp-json\/wp\/v2\/users\/2"}],"replies":[{"embeddable":true,"href":"https:\/\/www.europesays.com\/fr\/wp-json\/wp\/v2\/comments?post=369561"}],"version-history":[{"count":0,"href":"https:\/\/www.europesays.com\/fr\/wp-json\/wp\/v2\/posts\/369561\/revisions"}],"wp:featuredmedia":[{"embeddable":true,"href":"https:\/\/www.europesays.com\/fr\/wp-json\/wp\/v2\/media\/369562"}],"wp:attachment":[{"href":"https:\/\/www.europesays.com\/fr\/wp-json\/wp\/v2\/media?parent=369561"}],"wp:term":[{"taxonomy":"category","embeddable":true,"href":"https:\/\/www.europesays.com\/fr\/wp-json\/wp\/v2\/categories?post=369561"},{"taxonomy":"post_tag","embeddable":true,"href":"https:\/\/www.europesays.com\/fr\/wp-json\/wp\/v2\/tags?post=369561"}],"curies":[{"name":"wp","href":"https:\/\/api.w.org\/{rel}","templated":true}]}}