{"id":369565,"date":"2025-09-06T02:11:11","date_gmt":"2025-09-06T02:11:11","guid":{"rendered":"https:\/\/www.europesays.com\/fr\/369565\/"},"modified":"2025-09-06T02:11:11","modified_gmt":"2025-09-06T02:11:11","slug":"incroyable-coincidence-trois-generations-dune-meme-famille-partagent-le-meme-anniversaire","status":"publish","type":"post","link":"https:\/\/www.europesays.com\/fr\/369565\/","title":{"rendered":"Incroyable co\u00efncidence : trois g\u00e9n\u00e9rations d\u2019une m\u00eame famille partagent le m\u00eame anniversaire !"},"content":{"rendered":"<p>Lisa est n\u00e9e ce mercredi 6 ao\u00fbt 2025, et partage son anniversaire avec son p\u00e8re et son grand-p\u00e8re.<\/p>\n<p>Le 6 ao\u00fbt, d\u2019abord date d\u2019anniversaire du grand-p\u00e8re, n\u00e9 en 1947, puis de son fils en 1977, est devenu cette ann\u00e9e celle de Lisa, sa petite-fille.<\/p>\n<p>Pr\u00e9vue quelques jours plus tard, la naissance de la petite fille est finalement survenue le 6 ao\u00fbt. Une date que le grand-p\u00e8re dit ne plus voir comme un hasard, mais comme un signe. D\u00e9sormais, cette co\u00efncidence transforme ce qui \u00e9tait un duo en un trio familial soud\u00e9 par un anniversaire commun.<\/p>\n<p>Cette triple naissance \u00e0 la m\u00eame date donne \u00e0 la famille Ouillon une raison suppl\u00e9mentaire de c\u00e9l\u00e9brer chaque ann\u00e9e le 6 ao\u00fbt avec encore plus de ferveur. Pour le p\u00e8re et le grand-p\u00e8re, l\u2019arriv\u00e9e de Lisa repr\u00e9sente \u00ab le cadeau d\u2019anniversaire d\u2019une vie \u00bb.<\/p>\n<\/p>\n<p style=\"text-align: right;\">L.Valla<\/p>\n","protected":false},"excerpt":{"rendered":"Lisa est n\u00e9e ce mercredi 6 ao\u00fbt 2025, et partage son anniversaire avec son p\u00e8re et son grand-p\u00e8re.&hellip;\n","protected":false},"author":2,"featured_media":369566,"comment_status":"","ping_status":"","sticky":false,"template":"","format":"standard","meta":{"footnotes":""},"categories":[9653],"tags":[1111,11,2430,1777,674,1011,27,12,25,4001],"class_list":{"0":"post-369565","1":"post","2":"type-post","3":"status-publish","4":"format-standard","5":"has-post-thumbnail","7":"category-saint-etienne","8":"tag-actu","9":"tag-actualites","10":"tag-auvergne-rhone-alpes","11":"tag-eu","12":"tag-europe","13":"tag-fr","14":"tag-france","15":"tag-news","16":"tag-republique-francaise","17":"tag-saint-etienne"},"share_on_mastodon":{"url":"https:\/\/pubeurope.com\/@fr\/115154929966907965","error":""},"_links":{"self":[{"href":"https:\/\/www.europesays.com\/fr\/wp-json\/wp\/v2\/posts\/369565","targetHints":{"allow":["GET"]}}],"collection":[{"href":"https:\/\/www.europesays.com\/fr\/wp-json\/wp\/v2\/posts"}],"about":[{"href":"https:\/\/www.europesays.com\/fr\/wp-json\/wp\/v2\/types\/post"}],"author":[{"embeddable":true,"href":"https:\/\/www.europesays.com\/fr\/wp-json\/wp\/v2\/users\/2"}],"replies":[{"embeddable":true,"href":"https:\/\/www.europesays.com\/fr\/wp-json\/wp\/v2\/comments?post=369565"}],"version-history":[{"count":0,"href":"https:\/\/www.europesays.com\/fr\/wp-json\/wp\/v2\/posts\/369565\/revisions"}],"wp:featuredmedia":[{"embeddable":true,"href":"https:\/\/www.europesays.com\/fr\/wp-json\/wp\/v2\/media\/369566"}],"wp:attachment":[{"href":"https:\/\/www.europesays.com\/fr\/wp-json\/wp\/v2\/media?parent=369565"}],"wp:term":[{"taxonomy":"category","embeddable":true,"href":"https:\/\/www.europesays.com\/fr\/wp-json\/wp\/v2\/categories?post=369565"},{"taxonomy":"post_tag","embeddable":true,"href":"https:\/\/www.europesays.com\/fr\/wp-json\/wp\/v2\/tags?post=369565"}],"curies":[{"name":"wp","href":"https:\/\/api.w.org\/{rel}","templated":true}]}}