{"id":369567,"date":"2025-09-06T02:12:32","date_gmt":"2025-09-06T02:12:32","guid":{"rendered":"https:\/\/www.europesays.com\/fr\/369567\/"},"modified":"2025-09-06T02:12:32","modified_gmt":"2025-09-06T02:12:32","slug":"asse-un-entraineur-de-lombre-au-chevet-des-verts","status":"publish","type":"post","link":"https:\/\/www.europesays.com\/fr\/369567\/","title":{"rendered":"ASSE : Un entra\u00eeneur de l&rsquo;ombre au chevet des Verts"},"content":{"rendered":"<p><strong>Depuis sa cr\u00e9ation en 1933, l\u2019AS Saint-Etienne a connu 44 entra\u00eeneurs diff\u00e9rents, mais certains ont laiss\u00e9 une empreinte plus d\u00e9terminante que d\u2019autres. Voici le portrait des 15 entra\u00eeneurs qui ont le plus marqu\u00e9 l\u2019histoire du club. Par souci d\u2019\u00e9quit\u00e9, ils sont pr\u00e9sent\u00e9s par ordre alphab\u00e9tique.<\/strong> <strong>Quatorzi\u00e8me \u00e9pisode :<\/strong>\u00a0<strong>Fran\u00e7ois Wicart (debout, 1er en partant de la gauche sur la photo).<\/strong><\/p>\n<p>N\u00e9 le 3 janvier 1926 \u00e0 Bruay-en-Artois, dans le Pas-de-Calais, Fran\u00e7ois Wicart grandit dans un milieu ouvrier. Avant de chausser les crampons, il travaille comme mineur de fond, un m\u00e9tier \u00e9prouvant qui forge son caract\u00e8re et sa robustesse. Toutefois, gr\u00e2ce \u00e0 des pr\u00e9dispositions dans le football, il est parvenu \u00e0 s\u2019extirper de sa condition en d\u00e9butant en 1945 au FC Rouen, o\u00f9 il signe son premier contrat professionnel.<\/p>\n<p>De mineur de fond \u00e0 d\u00e9fenseur des Verts<\/p>\n<p>En 1952, Wicart rejoint l\u2019AS <a href=\"https:\/\/onefootball.com\/pt-br\/time\/saint-etienne-266\" rel=\"nofollow noopener\" target=\"_blank\">Saint-\u00c9tienne<\/a>, club de mieux en mieux structur\u00e9. Il devient rapidement un pilier de la d\u00e9fense st\u00e9phanoise. Sa carri\u00e8re de joueur avec les Verts est marqu\u00e9e par plusieurs moments forts comme la coupe Drago en 1955, une comp\u00e9tition qu\u2019il remportera \u00e0 nouveau en 1958 et le titre de Champion de France en 1957. Il fait donc partie du groupe qui offre \u00e0 l&rsquo;ASSE ses premiers titres d\u2019envergure nationale. Fran\u00e7ois Wicart est aussi finaliste de la Coupe de France en 1960 : Bien que battu face \u00e0 Monaco apr\u00e8s prolongations (2-4), il contribue \u00e0 porter le club vers cet exploit.<\/p>\n<p>Il est \u00e9galement titulaire lors de la victoire du Challenge des champions en 1957 contre Toulouse (2-1), ce troph\u00e9e venant couronner une saison exceptionnelle. Pour terminer, il est sur la feuille de matches des premi\u00e8res rencontres europ\u00e9ennes de l\u2019ASSE. Il officie d\u2019abord dans la coupe Latine, l\u2019anc\u00eatre de la coupe d\u2019Europe contre le Benfica Lisbonne (0-1) et le Milan AC (3-4) et surtout contre les Glasgow Rangers pour les deux premiers matches de l\u2019histoire des Verts sur la sc\u00e8ne continentale (1-3, 2-1). Au total, il dispute 280 matchs en championnat avec Saint-Etienne entre 1952 et 1960, illustrant sa long\u00e9vit\u00e9 et son engagement envers le club.<\/p>\n<p>L&rsquo;entra\u00eeneur au service du club<\/p>\n<p>Le 15 novembre 1960, suite \u00e0 la mise \u00e0 pied de Ren\u00e9 Vernier (premier entra\u00eeneur de l\u2019ASSE limog\u00e9 en cours de saison), Fran\u00e7ois Wicart prend les r\u00eanes de l\u2019\u00e9quipe premi\u00e8re. Alors qu\u2019il \u00e9tait encore joueur, titulaire contre Nice \u00e0 Geoffroy-Guichard, quatre jours auparavant (0-0), il accepte la proposition de son pr\u00e9sident, Pierre Guichard car m\u00eame si la situation comptable n\u2019est pas catastrophique (les Verts sont 13e de D1), la mani\u00e8re ne correspondait pas aux attentes de la direction qui a d\u00e9cid\u00e9 de r\u00e9agir.<\/p>\n<p>Son arriv\u00e9e co\u00efncide avec une p\u00e9riode de turbulences pour le club et lors de son premier match sur le banc, le 20 novembre 1960, l\u2019ASSE s\u2019impose 1-0 contre Valenciennes, la lanterne rouge, obtenant le minimum syndical. Il r\u00e9ussit cependant \u00e0 redresser la barre, car son sens du jeu et sa connaissance des joueurs lui permettent d\u2019asseoir rapidement son autorit\u00e9 et d\u2019insuffler une nouvelle dynamique \u00e0 l\u2019\u00e9quipe. Il ne conna\u00eet ainsi qu\u2019une seule d\u00e9faite en championnat en 1961 (\u00e0 Nice 0-1) pour sept victoires dont un \u00e9tincelant 7-1 face \u00e0 Troyes. Avec Wicart \u00e0 la manette, les Verts terminent donc \u00e0 une tr\u00e8s belle 5e place. Ils ne sont \u00e9limin\u00e9s qu\u2019en quart de finale de la coupe de France contre Bordeaux dans une confrontation qui aura besoin de trois matches pour conna\u00eetre son vainqueur.<\/p>\n<p>Il peut alors laisser son poste \u00e0 Henri Gu\u00e9rin, un successeur ayant une plus forte notori\u00e9t\u00e9 et qui aura pour objectif de faire fructifier les tr\u00e8s bons r\u00e9sultats qu\u2019il a obtenus.<\/p>\n<p>De retour au chevet des Verts<\/p>\n<p>Malheureusement, la mayonnaise avec Henri Gu\u00e9rin ne prend pas, entra\u00eenant une cassure irr\u00e9m\u00e9diable avec ses joueurs, notamment avec le N\u00e9erlandais Kees Rijvers. Apr\u00e8s une humiliation \u00e0 Lyon (0-4) le 25 mars 1962, Rocher Roger, le nouveau pr\u00e9sident, tranche dans le vif et il prononce le limogeage de l\u2019entra\u00eeneur. Le lendemain, Fran\u00e7ois Wicart rejoint un comit\u00e9 technique compos\u00e9 de Ren\u00e9 Domingo, Kees Rijvers, charg\u00e9 de diriger le groupe. Sous sa houlette, le club remporte sa premi\u00e8re Coupe de France en 1962, battant Nancy 1-0 en finale. Toutefois, il ne parvient pas \u00e0 sauver la t\u00eate de son \u00e9quipe en D1 qui redescend en D2 pour la premi\u00e8re fois depuis 1938.<\/p>\n<p>Il est n\u00e9anmoins confirm\u00e9 en tant qu\u2019entra\u00eeneur principal de l\u2019ASSE par Roger Rocher, convaincu qu\u2019il pourrait faire remonter les Verts d\u00e8s la saison suivante. Son engagement et sa vision du jeu portent ensuite leurs fruits lors de la saison 1962-63, o\u00f9 il permet \u00e0 <a href=\"https:\/\/onefootball.com\/pt-br\/time\/saint-etienne-266\" rel=\"nofollow noopener\" target=\"_blank\">Saint-\u00c9tienne<\/a> de retrouver la premi\u00e8re division, offrant aux supporters des Verts un retour tant attendu parmi l\u2019\u00e9lite du football fran\u00e7ais et son premier titre de champion de D2.<\/p>\n<p>Un engagement pas r\u00e9comp\u00e9ns\u00e9 !<\/p>\n<p>Fran\u00e7ois Wicart n\u2019est pas r\u00e9ellement r\u00e9compens\u00e9 de ces efforts, car malgr\u00e9 une saison globalement r\u00e9ussie avec une mont\u00e9e en D1 et la premi\u00e8re victoire de l\u2019histoire de l\u2019ASSE en coupe d\u2019Europe contre le Vitoria Setubal (3-0), il doit c\u00e9der sa place \u00e0 Jean Snella, l\u2019entra\u00eeneur des premiers titres de l\u2019ASSE. Il ne peut pas lutter contre son mentor, d\u00e9j\u00e0 un mythe dans le Forez, qui sera charg\u00e9 de diriger \u00e0 nouveau les Verts en D1 \u00e0 partir de 1963. Ce dernier m\u00e8ne l\u2019\u00e9quipe vers de nouveaux succ\u00e8s, mais l\u2019h\u00e9ritage de Wicart reste ind\u00e9l\u00e9bile.<\/p>\n<p>Fran\u00e7ois Wicart s\u2019\u00e9teint le 27 septembre 2015 \u00e0 l\u2019\u00e2ge de 89 ans \u00e0 Feurs, dans la Loire. Bien qu\u2019en d\u00e9finitive, peu connu du Peuple Vert, son nom demeure grav\u00e9 dans les annales de l\u2019ASSE. Il est ainsi entr\u00e9 dans les m\u00e9moires comme un homme capable de passer des crampons au tableau tactique avec succ\u00e8s, un entra\u00eeneur qui a su guider son club dans des moments charni\u00e8res et marquer durablement l\u2019histoire des Verts.<\/p>\n<p><a class=\"PublisherImprintLink_container__RL6Zd title-7-medium\" href=\"https:\/\/peuple-vert.fr\/politique-de-confidentialite\/\" rel=\"noreferrer nofollow noopener\" target=\"_blank\"><img alt=\"\" decoding=\"async\" loading=\"lazy\" width=\"24\" height=\"24\" data-nimg=\"1\" style=\"color:transparent\"  src=\"https:\/\/image-service.onefootball.com\/transform?w=48&amp;dpr=2&amp;image=https:\/\/images.onefootball.com\/cw\/icons\/info-light.svg\"\/>Saiba mais sobre o ve\u00edculo<\/a>Compartilhar artigo<img alt=\"string\" decoding=\"async\" loading=\"lazy\" width=\"24\" height=\"24\" data-nimg=\"1\" class=\"Snackbar_iconImage__XXOz2\" style=\"color:transparent\"  src=\"https:\/\/image-service.onefootball.com\/transform?w=48&amp;dpr=2&amp;image=https:\/\/images.onefootball.com\/cw\/icons\/close-light.svg\"\/><\/p>\n","protected":false},"excerpt":{"rendered":"Depuis sa cr\u00e9ation en 1933, l\u2019AS Saint-Etienne a connu 44 entra\u00eeneurs diff\u00e9rents, mais certains ont laiss\u00e9 une empreinte&hellip;\n","protected":false},"author":2,"featured_media":369568,"comment_status":"","ping_status":"","sticky":false,"template":"","format":"standard","meta":{"footnotes":""},"categories":[9653],"tags":[1111,11,2430,1777,674,1011,27,12,25,4001],"class_list":{"0":"post-369567","1":"post","2":"type-post","3":"status-publish","4":"format-standard","5":"has-post-thumbnail","7":"category-saint-etienne","8":"tag-actu","9":"tag-actualites","10":"tag-auvergne-rhone-alpes","11":"tag-eu","12":"tag-europe","13":"tag-fr","14":"tag-france","15":"tag-news","16":"tag-republique-francaise","17":"tag-saint-etienne"},"share_on_mastodon":{"url":"https:\/\/pubeurope.com\/@fr\/115154934205923431","error":""},"_links":{"self":[{"href":"https:\/\/www.europesays.com\/fr\/wp-json\/wp\/v2\/posts\/369567","targetHints":{"allow":["GET"]}}],"collection":[{"href":"https:\/\/www.europesays.com\/fr\/wp-json\/wp\/v2\/posts"}],"about":[{"href":"https:\/\/www.europesays.com\/fr\/wp-json\/wp\/v2\/types\/post"}],"author":[{"embeddable":true,"href":"https:\/\/www.europesays.com\/fr\/wp-json\/wp\/v2\/users\/2"}],"replies":[{"embeddable":true,"href":"https:\/\/www.europesays.com\/fr\/wp-json\/wp\/v2\/comments?post=369567"}],"version-history":[{"count":0,"href":"https:\/\/www.europesays.com\/fr\/wp-json\/wp\/v2\/posts\/369567\/revisions"}],"wp:featuredmedia":[{"embeddable":true,"href":"https:\/\/www.europesays.com\/fr\/wp-json\/wp\/v2\/media\/369568"}],"wp:attachment":[{"href":"https:\/\/www.europesays.com\/fr\/wp-json\/wp\/v2\/media?parent=369567"}],"wp:term":[{"taxonomy":"category","embeddable":true,"href":"https:\/\/www.europesays.com\/fr\/wp-json\/wp\/v2\/categories?post=369567"},{"taxonomy":"post_tag","embeddable":true,"href":"https:\/\/www.europesays.com\/fr\/wp-json\/wp\/v2\/tags?post=369567"}],"curies":[{"name":"wp","href":"https:\/\/api.w.org\/{rel}","templated":true}]}}