{"id":369569,"date":"2025-09-06T02:13:28","date_gmt":"2025-09-06T02:13:28","guid":{"rendered":"https:\/\/www.europesays.com\/fr\/369569\/"},"modified":"2025-09-06T02:13:28","modified_gmt":"2025-09-06T02:13:28","slug":"des-marches-pour-briser-le-silence-qui-entoure-le-suicide","status":"publish","type":"post","link":"https:\/\/www.europesays.com\/fr\/369569\/","title":{"rendered":"des marches pour briser le silence qui entoure le suicide"},"content":{"rendered":"<p>Chaque jour, le suicide fait des victimes en silence. Et si la pr\u00e9vention contre le suicide a du sens toute l\u2019ann\u00e9e, c\u2019est au mois de septembre qu\u2019on d\u00e9nombre le plus grand nombre d\u2019actions de pr\u00e9vention \u00e0 destination du grand public. Septembre Jaune est une initiative n\u00e9e de la volont\u00e9 de combattre le suicide par l\u2019information, la sensibilisation et le soutien. Cette ann\u00e9e, \u00e0 l\u2019occasion de la journ\u00e9e internationale de pr\u00e9vention du suicide, le Centre Psychoth\u00e9rapique de Nancy (CPN) et le Centre Ressource Pr\u00e9vention Suicide Grand Est (CRPS) organisent des \u00e9v\u00e9nements de sensibilisation en r\u00e9gion. <a href=\"https:\/\/www.estrepublicain.fr\/sante\/2025\/08\/15\/9-000-suicides-par-an-la-marche-jaune-pour-briser-le-silence\" target=\"_blank\" rel=\"noopener\">\u00c0 Nancy par exemple et pour la deuxi\u00e8me \u00e9dition<\/a> , rendez-vous est donn\u00e9 le\u00a0dimanche 7\u00a0septembre de 10\u00a0h \u00e0 13\u00a0h,\u00a0\u00e0 l\u2019auditorium de la P\u00e9pini\u00e8re, pour une marche accessible \u00e0 toutes et tous d\u2019un peu moins de trois kilom\u00e8tres. L\u2019\u00e9v\u00e9nement sera ponctu\u00e9 de moments d\u2019animations sur les stands. De la m\u00eame fa\u00e7on, <a href=\"https:\/\/www.vosgesmatin.fr\/pour-sortir\/loisirs\/Randonnee-balade-visite-guidee-orientation\/Balades\/Lorraine\/Vosges\/Epinal\/2025\/09\/14\/Marche-jaune-epinal-2025\" target=\"_blank\" rel=\"noopener\">\u00e0 \u00c9pinal et cette fois-ci pour la premi\u00e8re fois,<\/a> une marche jaune sera organis\u00e9e le 14\u00a0septembre \u00e0 partir de 10\u00a0h. Rendez-vous au parc du ch\u00e2teau pour deux kilom\u00e8tres de promenade \u00e9gay\u00e9e par des animations. Ces deux marches\u00a0citoyennes visent \u00e0 sensibiliser \u00e0 la souffrance psychique et \u00e0 faire conna\u00eetre le\u00a031 14, le num\u00e9ro national de pr\u00e9vention du suicide.<\/p>\n<p> \u25b6 \u2002Inscription gratuite mais obligatoire<\/p>\n<p>Pour la marche de Nancy\u00a0: <a href=\"https:\/\/forms.office.com\/e\/ff54UmkA1r\" target=\"_blank\" rel=\"noopener\"> https:\/\/forms.office.com\/e\/ff54UmkA1r<\/a><\/p>\n<p>Pour la marche d\u2019\u00c9pinal\u00a0: <a href=\"https:\/\/forms.office.com\/e\/0LgBG3TscM\" target=\"_blank\" rel=\"noopener\"> https:\/\/forms.office.com\/e\/0LgBG3TscM<\/a><\/p>\n","protected":false},"excerpt":{"rendered":"Chaque jour, le suicide fait des victimes en silence. Et si la pr\u00e9vention contre le suicide a du&hellip;\n","protected":false},"author":2,"featured_media":369570,"comment_status":"","ping_status":"","sticky":false,"template":"","format":"standard","meta":{"footnotes":""},"categories":[9635],"tags":[1111,11,1704,2878,1777,674,1011,27,775,5362,3457,1702,1703,12,3456,25,71,104],"class_list":{"0":"post-369569","1":"post","2":"type-post","3":"status-publish","4":"format-standard","5":"has-post-thumbnail","7":"category-nancy","8":"tag-actu","9":"tag-actualites","10":"tag-edition-nancy-et-agglomeration","11":"tag-encadre","12":"tag-eu","13":"tag-europe","14":"tag-fr","15":"tag-france","16":"tag-grand-est","17":"tag-magazine-sante","18":"tag-meurthe-et-moselle","19":"tag-nancy","20":"tag-nancy-ville-54b","21":"tag-news","22":"tag-region-lorraine","23":"tag-republique-francaise","24":"tag-sante","25":"tag-societe"},"share_on_mastodon":{"url":"https:\/\/pubeurope.com\/@fr\/115154937762665352","error":""},"_links":{"self":[{"href":"https:\/\/www.europesays.com\/fr\/wp-json\/wp\/v2\/posts\/369569","targetHints":{"allow":["GET"]}}],"collection":[{"href":"https:\/\/www.europesays.com\/fr\/wp-json\/wp\/v2\/posts"}],"about":[{"href":"https:\/\/www.europesays.com\/fr\/wp-json\/wp\/v2\/types\/post"}],"author":[{"embeddable":true,"href":"https:\/\/www.europesays.com\/fr\/wp-json\/wp\/v2\/users\/2"}],"replies":[{"embeddable":true,"href":"https:\/\/www.europesays.com\/fr\/wp-json\/wp\/v2\/comments?post=369569"}],"version-history":[{"count":0,"href":"https:\/\/www.europesays.com\/fr\/wp-json\/wp\/v2\/posts\/369569\/revisions"}],"wp:featuredmedia":[{"embeddable":true,"href":"https:\/\/www.europesays.com\/fr\/wp-json\/wp\/v2\/media\/369570"}],"wp:attachment":[{"href":"https:\/\/www.europesays.com\/fr\/wp-json\/wp\/v2\/media?parent=369569"}],"wp:term":[{"taxonomy":"category","embeddable":true,"href":"https:\/\/www.europesays.com\/fr\/wp-json\/wp\/v2\/categories?post=369569"},{"taxonomy":"post_tag","embeddable":true,"href":"https:\/\/www.europesays.com\/fr\/wp-json\/wp\/v2\/tags?post=369569"}],"curies":[{"name":"wp","href":"https:\/\/api.w.org\/{rel}","templated":true}]}}