{"id":369575,"date":"2025-09-06T02:16:17","date_gmt":"2025-09-06T02:16:17","guid":{"rendered":"https:\/\/www.europesays.com\/fr\/369575\/"},"modified":"2025-09-06T02:16:17","modified_gmt":"2025-09-06T02:16:17","slug":"toulon-lecologie-est-une-science-de-sebastien-barot","status":"publish","type":"post","link":"https:\/\/www.europesays.com\/fr\/369575\/","title":{"rendered":"TOULON : \u00ab\u00a0L&rsquo;\u00e9cologie est une science\u00a0\u00bb, de S\u00e9bastien BAROT"},"content":{"rendered":"<p style=\"text-align: left;\"><strong>En cette semaine de rentr\u00e9e, il est temps, plus que jamais, de s\u2019\u00e9vader !<\/strong><\/p>\n<p style=\"text-align: left;\">Pour trouver une bonne raison de se lever, chercher un peu de magie ou d\u00e9nicher la joie l\u00e0 o\u00f9 on ne l\u2019attend pas, notre librairie vous ouvre grand ses bras !<\/p>\n<p style=\"text-align: left;\"><strong>Des explications \u00e9clairantes<\/strong><\/p>\n<p style=\"text-align: left;\">Qu\u2019est-ce que l\u2019\u00e9cologie ? Si tout le monde situe l\u2019\u00e9cologie comme courant politique, c\u2019est moins le cas pour l\u2019\u00e9cologie scientifique. Or, si l\u2019\u00e9cologiste (politique) s\u2019appuie sur les travaux de l\u2019\u00e9cologue (scientifique), il s\u2019agit bien de deux choses diff\u00e9rentes : l\u2019\u00e9cologue est un chercheur, \u00e0 la jonction de nombreuses disciplines (chimie, g\u00e9ologie, physique, climat\u2026), qui produit des connaissances selon des pratiques et des m\u00e9thodes qui ont fait leurs preuves. En ces temps o\u00f9 la science est r\u00e9guli\u00e8rement d\u00e9cr\u00e9dibilis\u00e9e, S\u00e9bastien Barot nous explique ce que fait, exactement, un.e \u00e9cologue. Un ouvrage passionnant, riche et n\u00e9cessaire<\/p>\n<p style=\"text-align: left;\"><a href=\"https:\/\/t.communication.libraires-ensemble.com\/l2\/82ulhLvNV49\/358228\/4129938739.html?s=20\" rel=\"nofollow noopener\" target=\"_blank\">je le commande<\/a><\/p>\n<p style=\"text-align: left;\"><strong>SOURCE : Librairie Charlemagne Toulon.<\/strong><\/p>\n","protected":false},"excerpt":{"rendered":"En cette semaine de rentr\u00e9e, il est temps, plus que jamais, de s\u2019\u00e9vader ! Pour trouver une bonne&hellip;\n","protected":false},"author":2,"featured_media":369576,"comment_status":"","ping_status":"","sticky":false,"template":"","format":"standard","meta":{"footnotes":""},"categories":[9619],"tags":[1111,11,1777,674,1011,27,12,882,25,2310],"class_list":{"0":"post-369575","1":"post","2":"type-post","3":"status-publish","4":"format-standard","5":"has-post-thumbnail","7":"category-toulon","8":"tag-actu","9":"tag-actualites","10":"tag-eu","11":"tag-europe","12":"tag-fr","13":"tag-france","14":"tag-news","15":"tag-provence-alpes-cote-dazur","16":"tag-republique-francaise","17":"tag-toulon"},"share_on_mastodon":{"url":"https:\/\/pubeurope.com\/@fr\/115154949500944609","error":""},"_links":{"self":[{"href":"https:\/\/www.europesays.com\/fr\/wp-json\/wp\/v2\/posts\/369575","targetHints":{"allow":["GET"]}}],"collection":[{"href":"https:\/\/www.europesays.com\/fr\/wp-json\/wp\/v2\/posts"}],"about":[{"href":"https:\/\/www.europesays.com\/fr\/wp-json\/wp\/v2\/types\/post"}],"author":[{"embeddable":true,"href":"https:\/\/www.europesays.com\/fr\/wp-json\/wp\/v2\/users\/2"}],"replies":[{"embeddable":true,"href":"https:\/\/www.europesays.com\/fr\/wp-json\/wp\/v2\/comments?post=369575"}],"version-history":[{"count":0,"href":"https:\/\/www.europesays.com\/fr\/wp-json\/wp\/v2\/posts\/369575\/revisions"}],"wp:featuredmedia":[{"embeddable":true,"href":"https:\/\/www.europesays.com\/fr\/wp-json\/wp\/v2\/media\/369576"}],"wp:attachment":[{"href":"https:\/\/www.europesays.com\/fr\/wp-json\/wp\/v2\/media?parent=369575"}],"wp:term":[{"taxonomy":"category","embeddable":true,"href":"https:\/\/www.europesays.com\/fr\/wp-json\/wp\/v2\/categories?post=369575"},{"taxonomy":"post_tag","embeddable":true,"href":"https:\/\/www.europesays.com\/fr\/wp-json\/wp\/v2\/tags?post=369575"}],"curies":[{"name":"wp","href":"https:\/\/api.w.org\/{rel}","templated":true}]}}