{"id":369577,"date":"2025-09-06T02:17:19","date_gmt":"2025-09-06T02:17:19","guid":{"rendered":"https:\/\/www.europesays.com\/fr\/369577\/"},"modified":"2025-09-06T02:17:19","modified_gmt":"2025-09-06T02:17:19","slug":"plus-de-50-heures-de-streaming-a-but-caritatif-la-9e-edition-du-zevent-debute-ce-vendredi-soir-a-montpellier-et-sur-twitch","status":"publish","type":"post","link":"https:\/\/www.europesays.com\/fr\/369577\/","title":{"rendered":"Plus de 50 heures de streaming \u00e0 but caritatif: la 9e \u00e9dition du ZEVENT d\u00e9bute ce vendredi soir \u00e0 Montpellier et sur Twitch"},"content":{"rendered":"<p>Ce vendredi 5 septembre, c\u2019est la<strong> journ\u00e9e mondiale de la charit\u00e9<\/strong>. Et ce n&rsquo;est probablement pas une co\u00efncidence si c&rsquo;est ce soir que la<strong> 9e \u00e9dition du ZEVENT<\/strong> d\u00e9butera, transformant <strong>Montpellier<\/strong> en capitale du streaming solidaire.<\/p>\n<p>Apr\u00e8s un concert complet d\u2019<strong>IAM<\/strong> et d\u2019<strong>Alonzo<\/strong> au Z\u00e9nith hier soir, ce sont d\u00e9sormais les \u00e9crans qui vont mobiliser les spectateurs au profit d\u2019associations.<\/p>\n<p><strong>\u00ab\u00a0Chaque don compte\u00a0\u00bb<\/strong><\/p>\n<p>\u00c0 partir de 18h00, et jusqu\u2019\u00e0 dimanche soir, les participants se relaieront pour <strong>plus de 50 heures<\/strong> de contenu en direct, m\u00ealant jeux vid\u00e9o, quiz, karaok\u00e9s et d\u00e9fis divers.<\/p>\n<p>L\u2019objectif: inciter les internautes \u00e0 faire des dons au profit de <strong>La Ligue contre le cancer<\/strong>, de l\u2019<strong>Association fran\u00e7aise des aidants<\/strong> et du <strong>Rire M\u00e9decin<\/strong>, en partenariat avec la <strong>Fondation de France<\/strong>.<\/p>\n<p>\u00ab\u00a0Chaque minute compte, chaque don compte\u202f\u00a0\u00bb, souligne ZeratoR, fondateur de l\u2019\u00e9v\u00e9nement, aux c\u00f4t\u00e9s d\u2019Alexandre Dachary, coordinateur et bras droit de l\u2019op\u00e9ration.<\/p>\n<p><strong>Des figures du streaming seront l\u00e0<\/strong><\/p>\n<p>Pr\u00e8s de <strong>cinquante cr\u00e9ateurs de contenu<\/strong> seront pr\u00e9sents sur place, dont <strong>Mastu<\/strong> (1,3 million d\u2019abonn\u00e9s), <strong>Joyca<\/strong> (781.000 abonn\u00e9s) et <strong>Baghera Jones<\/strong> (705.000 abonn\u00e9s). Plusieurs centaines d\u2019autres participeront uniquement en ligne.<\/p>\n<p>Pour s\u2019inscrire, les streamers doivent r\u00e9pondre \u00e0 des crit\u00e8res pr\u00e9cis: minimum 50 streams dans l\u2019ann\u00e9e, 50 spectateurs en moyenne et 10.000 heures de visionnage.<\/p>\n<p>La <strong>charte de l\u2019\u00e9v\u00e9nement<\/strong> encadre strictement les participants: neutralit\u00e9 politique et confessionnelle, interdiction des comportements ou contenus discriminatoires, sexistes ou harcelants. Les <strong>\u00e9lus en exercice<\/strong> ou <strong>ayant exerc\u00e9<\/strong> un mandat politique, comme le d\u00e9put\u00e9 Denis Mass\u00e9glia, <strong>sont exclus<\/strong>.<\/p>\n<p><strong>Pr\u00e8s d&rsquo;un million de spectateurs attendus<\/strong><\/p>\n<p>Depuis sa <strong>cr\u00e9ation en 2016<\/strong>, alors sous le nom \u00ab\u00a0Projet Avengers\u00a0\u00bb, ZEVENT a lev\u00e9 <strong>plus de 41 millions<\/strong> d\u2019euros. La pr\u00e9c\u00e9dente \u00e9dition avait permis de r\u00e9colter plus de <strong>10 millions d\u2019euros pour cinq associations<\/strong> \u0153uvrant contre la pr\u00e9carit\u00e9.<\/p>\n<p>Les dons financent des projets concrets: achat d\u2019un bateau pour Sea Shepherd, soutien au fonctionnement d\u2019un h\u00f4pital en Centrafrique, ou encore interventions de clowns hospitaliers.<\/p>\n<p>Chaque ann\u00e9e, l\u2019\u00e9v\u00e9nement attire <strong>entre 500.000 et un million de spectateurs en ligne<\/strong>, faisant du ZEVENT un rendez-vous incontournable du streaming mais \u00e9galement du monde caritatif.<\/p>\n","protected":false},"excerpt":{"rendered":"Ce vendredi 5 septembre, c\u2019est la journ\u00e9e mondiale de la charit\u00e9. Et ce n&rsquo;est probablement pas une co\u00efncidence&hellip;\n","protected":false},"author":2,"featured_media":369578,"comment_status":"","ping_status":"","sticky":false,"template":"","format":"standard","meta":{"footnotes":""},"categories":[9599],"tags":[1111,11,1777,674,1011,27,10264,1393,2208,12,2680,25],"class_list":{"0":"post-369577","1":"post","2":"type-post","3":"status-publish","4":"format-standard","5":"has-post-thumbnail","7":"category-montpellier","8":"tag-actu","9":"tag-actualites","10":"tag-eu","11":"tag-europe","12":"tag-fr","13":"tag-france","14":"tag-humanitaire","15":"tag-loisirs","16":"tag-montpellier","17":"tag-news","18":"tag-occitanie","19":"tag-republique-francaise"},"share_on_mastodon":{"url":"https:\/\/pubeurope.com\/@fr\/115154953432348606","error":""},"_links":{"self":[{"href":"https:\/\/www.europesays.com\/fr\/wp-json\/wp\/v2\/posts\/369577","targetHints":{"allow":["GET"]}}],"collection":[{"href":"https:\/\/www.europesays.com\/fr\/wp-json\/wp\/v2\/posts"}],"about":[{"href":"https:\/\/www.europesays.com\/fr\/wp-json\/wp\/v2\/types\/post"}],"author":[{"embeddable":true,"href":"https:\/\/www.europesays.com\/fr\/wp-json\/wp\/v2\/users\/2"}],"replies":[{"embeddable":true,"href":"https:\/\/www.europesays.com\/fr\/wp-json\/wp\/v2\/comments?post=369577"}],"version-history":[{"count":0,"href":"https:\/\/www.europesays.com\/fr\/wp-json\/wp\/v2\/posts\/369577\/revisions"}],"wp:featuredmedia":[{"embeddable":true,"href":"https:\/\/www.europesays.com\/fr\/wp-json\/wp\/v2\/media\/369578"}],"wp:attachment":[{"href":"https:\/\/www.europesays.com\/fr\/wp-json\/wp\/v2\/media?parent=369577"}],"wp:term":[{"taxonomy":"category","embeddable":true,"href":"https:\/\/www.europesays.com\/fr\/wp-json\/wp\/v2\/categories?post=369577"},{"taxonomy":"post_tag","embeddable":true,"href":"https:\/\/www.europesays.com\/fr\/wp-json\/wp\/v2\/tags?post=369577"}],"curies":[{"name":"wp","href":"https:\/\/api.w.org\/{rel}","templated":true}]}}