{"id":369600,"date":"2025-09-06T02:36:15","date_gmt":"2025-09-06T02:36:15","guid":{"rendered":"https:\/\/www.europesays.com\/fr\/369600\/"},"modified":"2025-09-06T02:36:15","modified_gmt":"2025-09-06T02:36:15","slug":"la-terrible-nuit-dun-jeune-de-20-ans","status":"publish","type":"post","link":"https:\/\/www.europesays.com\/fr\/369600\/","title":{"rendered":"la terrible nuit d&rsquo;un jeune de 20 ans"},"content":{"rendered":"<p>            Par<br \/>\n        <strong><br \/>\n            <a href=\"https:\/\/actu.fr\/auteur\/david-saint-sernin\" title=\"Consulter tous les articles de David Saint-Sernin\" rel=\"nofollow noopener\" target=\"_blank\">David Saint-Sernin<\/a><br \/>\n        <\/strong><\/p>\n<p>        Publi\u00e9 le<\/p>\n<p>            5 sept. 2025 \u00e0 16h22        <\/p>\n<p>Ce sont des faits tr\u00e8s graves rapport\u00e9s par nos confr\u00e8res de <a href=\"https:\/\/www.ladepeche.fr\/2025\/09\/04\/info-la-depeche-sequestre-frappe-depouille-puis-abandonne-a-200-km-le-cauchemar-dun-jeune-toulousain-enleve-en-sortant-dun-bar-12910653.php\" rel=\"nofollow noopener\" target=\"_blank\">La D\u00e9p\u00eache du Midi<\/a>. Des faits que le<strong> parquet de<a href=\"https:\/\/actu.fr\/toulouse\/\" rel=\"nofollow noopener\" target=\"_blank\"> Toulouse<\/a><\/strong> confirme \u00e0 Actu Toulouse ce vendredi 5\u00a0septembre 2025.<\/p>\n<p>Un jeune homme alcoolis\u00e9 kidnapp\u00e9 dans Toulouse<\/p>\n<p class=\" wall-content\">L\u2019affaire s\u2019est d\u00e9roul\u00e9e dans la nuit du 8 au 9\u00a0ao\u00fbt 2025. Ce soir-l\u00e0, un jeune homme de 20\u00a0ans fait la f\u00eate au centre-ville de Toulouse avec une bande d\u2019amis. \u00ab\u2009Il est alcoolis\u00e9 et perd la trace de ses amis dans le secteur Saint-Pierre-Pargamini\u00e8res-Capitole\u2009\u00bb, explique le parquet de Toulouse.<\/p>\n<p class=\" wall-content\">Alors qu\u2019il marche seul en pleine nuit, un groupe d\u2019individus l\u2019aborde. Sous la <strong>menace d\u2019un couteau<\/strong>, ce groupe l\u2019oblige \u00e0 monter dans le<strong> coffre d\u2019un v\u00e9hicule.<\/strong> C\u2019est le d\u00e9but de l\u2019angoisse.<\/p>\n<p>Ses codes de carte bancaire d\u00e9rob\u00e9s<\/p>\n<p class=\" wall-content\">Non seulement le jeune homme, alcoolis\u00e9, est <strong>kidnapp\u00e9<\/strong>, mais il est <strong>violent\u00e9<\/strong> et forc\u00e9 \u00e0 donner son <strong>code de carte bancaire<\/strong> selon le r\u00e9cit qu\u2019il livre aux enqu\u00eateurs.<\/p>\n<p class=\" wall-content\">L\u2019\u00e9quipage roule, et, d\u00e8s l\u2019ouverture des magasins le samedi 9\u00a0ao\u00fbt, utilise la carte du jeune s\u00e9questr\u00e9 pour r\u00e9aliser divers achats.<\/p>\n<p>S\u00e9questr\u00e9 pendant plusieurs heures<\/p>\n<p class=\" wall-content\">Une vir\u00e9e violente qui dure jusque dans l\u2019apr\u00e8s-midi du samedi. Le lendemain, donc. Le v\u00e9hicule s\u2019immobilise alors du c\u00f4t\u00e9 de Saint-Laurent-de-Salenque (Pyr\u00e9n\u00e9es-Orientales), au nord de <a href=\"https:\/\/actu.fr\/perpignan\/\" rel=\"nofollow noopener\" target=\"_blank\">Perpignan<\/a>, et rel\u00e2che le jeune homme d\u00e9pouill\u00e9 de quelques effets personnels, et de son argent, en pleine nature.<\/p>\n<p>Vid\u00e9os : en ce moment sur Actu<\/p>\n<p class=\" wall-content\">Apr\u00e8s des heures d\u2019angoisse, la victime trouve refuge chez des habitants et donne l\u2019alerte\u2026<\/p>\n<p>Deux individus interpell\u00e9s<\/p>\n<p class=\" wall-content\">Examin\u00e9 par un docteur, le jeune homme s\u00e9questr\u00e9 a eu 10\u00a0jours d\u2019incapacit\u00e9 temporaire totale (ITT).<\/p>\n<p>Votre r\u00e9gion, votre actu !<\/p>\n<p>Recevez chaque jour les infos qui comptent pour vous.<\/p>\n<p>\t<a href=\"https:\/\/actu.fr\/newsletter\" class=\"ac-btn ac-btn--corner ac-btn--medium ac-btn--blue800\" rel=\"nofollow noopener\" target=\"_blank\">S&rsquo;incrire<\/a><\/p>\n<p class=\" wall-content\">Quasiment un mois apr\u00e8s cette nuit, suite \u00e0 la plainte de la victime, l\u2019enqu\u00eate ouverte par le parquet de Toulouse a entra\u00een\u00e9, jeudi 4\u00a0septembre 2025, l\u2019interpellation de deux individus\u2009: un jeune<strong> homme de 29\u00a0ans<\/strong> et un <strong>mineur<\/strong> \u00e2g\u00e9 seulement de 16\u00a0ans\u2026<\/p>\n<p class=\" wall-content\">\u00ab\u2009Ils ont \u00e9t\u00e9 mis en examen et plac\u00e9s en <strong>d\u00e9tention provisoire<\/strong>\u2009\u00bb, indique le parquet.<\/p>\n<p>Jusqu\u2019\u00e0 20\u00a0ans de r\u00e9clusion criminelle<\/p>\n<p class=\" wall-content\">Pour ces faits gravissimes ont \u00e9t\u00e9 retenus les chefs d\u2019accusation suivants\u2009: \u00ab\u2009extorsion en bande organis\u00e9e, violences aggrav\u00e9es, et escroquerie en bande organis\u00e9e\u2009\u00bb.<\/p>\n<p class=\" wall-content\">L\u2019extorsion, lorsqu\u2019elle est commise en bande organis\u00e9e, aboutit \u00e0 des peines lourdes\u2009: 10\u00a0ans de r\u00e9clusion criminelle et jusqu\u2019\u00e0 150\u2009000\u00a0\u20ac d\u2019amende.<\/p>\n<p class=\" wall-content\">En cas de circonstances aggravantes suppl\u00e9mentaires (victime mineure, usage d\u2019armes, violences), les peines peuvent aller jusqu\u2019\u00e0 20\u00a0ans de r\u00e9clusion criminelle.<\/p>\n<p class=\" wall-content\">Personnalisez votre actualit\u00e9 en ajoutant vos villes et m\u00e9dias en favori avec <a href=\"https:\/\/moncompte.actu.fr\" title=\"D\u00e9couvez Mon Actu\" rel=\"nofollow noopener\" data-trk=\"{&quot;cta&quot;:{&quot;action&quot;:&quot;https:\\\/\\\/moncompte.actu.fr&quot;,&quot;category&quot;:&quot;mon compte&quot;,&quot;from&quot;:&quot;article footer&quot;,&quot;name&quot;:&quot;Mon actu&quot;,&quot;type&quot;:&quot;cta&quot;}}\" target=\"_blank\">Mon Actu<\/a>.<\/p>\n","protected":false},"excerpt":{"rendered":"Par David Saint-Sernin Publi\u00e9 le 5 sept. 2025 \u00e0 16h22 Ce sont des faits tr\u00e8s graves rapport\u00e9s par&hellip;\n","protected":false},"author":2,"featured_media":369601,"comment_status":"","ping_status":"","sticky":false,"template":"","format":"standard","meta":{"footnotes":""},"categories":[2816],"tags":[1111,11,1777,674,1011,27,12,2680,1072,25,104,2312],"class_list":{"0":"post-369600","1":"post","2":"type-post","3":"status-publish","4":"format-standard","5":"has-post-thumbnail","7":"category-toulouse","8":"tag-actu","9":"tag-actualites","10":"tag-eu","11":"tag-europe","12":"tag-fr","13":"tag-france","14":"tag-news","15":"tag-occitanie","16":"tag-police","17":"tag-republique-francaise","18":"tag-societe","19":"tag-toulouse"},"share_on_mastodon":{"url":"https:\/\/pubeurope.com\/@fr\/115155028188829683","error":""},"_links":{"self":[{"href":"https:\/\/www.europesays.com\/fr\/wp-json\/wp\/v2\/posts\/369600","targetHints":{"allow":["GET"]}}],"collection":[{"href":"https:\/\/www.europesays.com\/fr\/wp-json\/wp\/v2\/posts"}],"about":[{"href":"https:\/\/www.europesays.com\/fr\/wp-json\/wp\/v2\/types\/post"}],"author":[{"embeddable":true,"href":"https:\/\/www.europesays.com\/fr\/wp-json\/wp\/v2\/users\/2"}],"replies":[{"embeddable":true,"href":"https:\/\/www.europesays.com\/fr\/wp-json\/wp\/v2\/comments?post=369600"}],"version-history":[{"count":0,"href":"https:\/\/www.europesays.com\/fr\/wp-json\/wp\/v2\/posts\/369600\/revisions"}],"wp:featuredmedia":[{"embeddable":true,"href":"https:\/\/www.europesays.com\/fr\/wp-json\/wp\/v2\/media\/369601"}],"wp:attachment":[{"href":"https:\/\/www.europesays.com\/fr\/wp-json\/wp\/v2\/media?parent=369600"}],"wp:term":[{"taxonomy":"category","embeddable":true,"href":"https:\/\/www.europesays.com\/fr\/wp-json\/wp\/v2\/categories?post=369600"},{"taxonomy":"post_tag","embeddable":true,"href":"https:\/\/www.europesays.com\/fr\/wp-json\/wp\/v2\/tags?post=369600"}],"curies":[{"name":"wp","href":"https:\/\/api.w.org\/{rel}","templated":true}]}}