{"id":369610,"date":"2025-09-06T02:42:21","date_gmt":"2025-09-06T02:42:21","guid":{"rendered":"https:\/\/www.europesays.com\/fr\/369610\/"},"modified":"2025-09-06T02:42:21","modified_gmt":"2025-09-06T02:42:21","slug":"lyon-un-joueur-u13-de-lol-soupconne-de-meurtre","status":"publish","type":"post","link":"https:\/\/www.europesays.com\/fr\/369610\/","title":{"rendered":"Lyon: un joueur U13 de l\u2019OL soup\u00e7onn\u00e9 de meurtre"},"content":{"rendered":"<p>Drame en France \u2013 <\/p>\n<p>Un U13 de l\u2019Olympique Lyonnais soup\u00e7onn\u00e9 d\u2019homicide volontaire<\/p>\n<p class=\"ContentHead_lead____SsS link_regular__O0hk0 link_externalicon-big__ZdPgo link_externalicon__qcwXs\">Un jeune homme de 16\u00a0ans a \u00e9t\u00e9 poignard\u00e9 \u00e0 Caluire-et-Cuire, pr\u00e8s de Lyon, dimanche. Un joueur du centre de formation de l\u2019OL \u00e2g\u00e9 de 13\u00a0ans est suspect\u00e9.<\/p>\n<p>Publi\u00e9: 05.09.2025, 17h22<img decoding=\"async\" loading=\"eager\" fetchpriority=\"high\" src=\"https:\/\/www.europesays.com\/fr\/wp-content\/uploads\/2025\/09\/3024ERCCKx090uEostudfs.png\" alt=\"Vue d\u2019un grand immeuble r\u00e9sidentiel moderne avec plusieurs \u00e9tages, entour\u00e9 de voitures gar\u00e9es \u00e0 l\u2019avant, sous un ciel nuageux.\" title=\"Vue d\u2019un grand immeuble r\u00e9sidentiel moderne avec plusieurs \u00e9tages, entour\u00e9 de voitures gar\u00e9es \u00e0 l\u2019avant, sous un ciel nuageux.\" class=\"ResponsiveImage_root__ZDz10 responsive-image\" style=\"background-color:#8D939A\"\/><\/p>\n<p>Un jeune homme de 16\u00a0ans a \u00e9t\u00e9 retrouv\u00e9 mort \u00e0 la suite d\u2019un coup de couteau, \u00e0 Caluire-et-Cuire, pr\u00e8s de Lyon.<\/p>\n<p>Google Maps<\/p>\n<p>Abonnez-vous d\u00e8s maintenant et profitez de la fonction de lecture audio.<a href=\"https:\/\/bottalk.io\/\" class=\"BottalkPaywall_bottalklink__KDtuf\" target=\"_blank\" rel=\"noreferrer noopener\">BotTalk<\/a><\/p>\n<p class=\"ArticleParagraph_root__lhFZo ArticleContainer_content-width__FRl7F link_focus__0ZMwx link_externalicon-big__ZdPgo link_externalicon__qcwXs ArticleElement_article-element__q93eL\">Le meurtre d\u2019un jeune homme de 16\u00a0ans secoue la commune fran\u00e7aise de Caluire-et-Cuire depuis le d\u00e9but de la semaine. Vers 22\u00a0h\u00a030 dimanche, un ado a menac\u00e9 un groupe de trois amis avec un couteau, avant de porter un coup au thorax \u00e0 l\u2019un d\u2019eux, alors qu\u2019ils tentaient de fuir, rapportait l\u2019AFP lundi. Une source polici\u00e8re confirmait alors que la victime avait \u00e9t\u00e9 admise \u00e0 l\u2019h\u00f4pital avec un pronostic vital engag\u00e9, avant de succomber \u00e0 ses blessures dans la nuit.<\/p>\n<p class=\"ArticleParagraph_root__lhFZo ArticleContainer_content-width__FRl7F link_focus__0ZMwx link_externalicon-big__ZdPgo link_externalicon__qcwXs ArticleElement_article-element__q93eL\"><a href=\"https:\/\/rmcsport.bfmtv.com\/football\/clubs\/olympique-lyon\/un-jeune-de-13-ans-membre-de-l-ol-academy-soupconne-de-meurtre_AN-202509020512.html\" class=\"HtmlText_root__A1OSq\" target=\"_blank\" rel=\"noopener noreferrer\">RMC Sport<\/a> r\u00e9v\u00e9lait mardi que le gar\u00e7on soup\u00e7onn\u00e9 appartient \u00e0 l\u2019acad\u00e9mie de l\u2019Olympique Lyonnais, o\u00f9 il joue pour les U13. Pour l\u2019heure, le club n\u2019a pas r\u00e9agi. \u00abCe n\u2019est pas l\u2019ombre d\u2019un trafic ou d\u2019un r\u00e9seau criminel\u00bb, avait \u00e9crit lundi sur X le maire de la commune, Bastien Joint, cit\u00e9 par \u00ab<a href=\"https:\/\/www.ladepeche.fr\/2025\/09\/04\/un-differend-personnel-qui-a-degenere-un-jeune-joueur-de-lyon-age-de-13-ans-mis-en-examen-et-ecroue-pour-le-meurtre-dun-adolescent-12910273.php\" class=\"HtmlText_root__A1OSq\" target=\"_blank\" rel=\"noopener noreferrer\">La D\u00e9p\u00eache<\/a>\u00bb. Il d\u00e9plore \u00abun diff\u00e9rend personnel qui a d\u00e9g\u00e9n\u00e9r\u00e9\u00bb.<\/p>\n<p class=\"ArticleParagraph_root__lhFZo ArticleContainer_content-width__FRl7F link_focus__0ZMwx link_externalicon-big__ZdPgo link_externalicon__qcwXs ArticleElement_article-element__q93eL\">Interpell\u00e9 lundi, le gar\u00e7on, pr\u00e9sum\u00e9 innocent, a \u00e9t\u00e9 pr\u00e9sent\u00e9 mercredi \u00e0 un juge d\u2019instruction, qui l\u2019a mis en examen pour homicide volontaire et \u00e9crou\u00e9 dans l\u2019attente de son proc\u00e8s.<\/p>\n<p class=\"DynamicTeaser_boxtitle__B6piN\">Aussi sur ce fait divers pr\u00e8s de Lyon<\/p>\n<p>Newsletter<\/p>\n<p>\u00abDerni\u00e8res nouvelles\u00bb<\/p>\n<p>Vous voulez rester au top de l\u2019info? \u00ab24 heures\u00bb vous propose deux rendez-vous par jour, pour ne rien rater de ce qui se passe dans votre Canton, en Suisse ou dans le monde.<\/p>\n<p><a class=\"NewsletterBox_more__FNemz link_underlinelink__K5Zr0\" href=\"https:\/\/www.24heures.ch\/nos-newsletters\" target=\"_blank\" rel=\"noopener\">Autres newsletters<\/a><\/p>\n<p>Se connecter<\/p>\n<p class=\"Feedback_root__fr_Mi ArticleContainer_content-width__FRl7F\">Vous avez trouv\u00e9 une erreur?<a href=\"mailto:tes_correction@tamedia.ch?subject=Avis%20d'erreur%20%7C%20T%C3%A9o%20Nania%20%7C%20Un%20U13%20de%20l%E2%80%99Olympique%20Lyonnais%20soup%C3%A7onn%C3%A9%20d%E2%80%99homicide%20volontaire&amp;body=J'ai%20trouv%C3%A9%20une%20erreur%20dans%20cet%20article%3A%20https%3A%2F%2Fwww.24heures.ch%2Flyon-un-joueur-u13-de-lol-soupconne-de-meurtre-272980779909\" class=\"Feedback_feedbacklink__VyDCi link_underlinelink__K5Zr0\">Merci de nous la signaler.<\/a><\/p>\n<p>3 commentaires<\/p>\n","protected":false},"excerpt":{"rendered":"Drame en France \u2013 Un U13 de l\u2019Olympique Lyonnais soup\u00e7onn\u00e9 d\u2019homicide volontaire Un jeune homme de 16\u00a0ans a&hellip;\n","protected":false},"author":2,"featured_media":369611,"comment_status":"","ping_status":"","sticky":false,"template":"","format":"standard","meta":{"footnotes":""},"categories":[1889],"tags":[1111,11,2430,1777,674,1011,27,2428,12,25,2300,34241],"class_list":{"0":"post-369610","1":"post","2":"type-post","3":"status-publish","4":"format-standard","5":"has-post-thumbnail","7":"category-lyon","8":"tag-actu","9":"tag-actualites","10":"tag-auvergne-rhone-alpes","11":"tag-eu","12":"tag-europe","13":"tag-fr","14":"tag-france","15":"tag-lyon","16":"tag-news","17":"tag-republique-francaise","18":"tag-stats-seo","19":"tag-stats-seo-trends"},"share_on_mastodon":{"url":"https:\/\/pubeurope.com\/@fr\/115155051856636971","error":""},"_links":{"self":[{"href":"https:\/\/www.europesays.com\/fr\/wp-json\/wp\/v2\/posts\/369610","targetHints":{"allow":["GET"]}}],"collection":[{"href":"https:\/\/www.europesays.com\/fr\/wp-json\/wp\/v2\/posts"}],"about":[{"href":"https:\/\/www.europesays.com\/fr\/wp-json\/wp\/v2\/types\/post"}],"author":[{"embeddable":true,"href":"https:\/\/www.europesays.com\/fr\/wp-json\/wp\/v2\/users\/2"}],"replies":[{"embeddable":true,"href":"https:\/\/www.europesays.com\/fr\/wp-json\/wp\/v2\/comments?post=369610"}],"version-history":[{"count":0,"href":"https:\/\/www.europesays.com\/fr\/wp-json\/wp\/v2\/posts\/369610\/revisions"}],"wp:featuredmedia":[{"embeddable":true,"href":"https:\/\/www.europesays.com\/fr\/wp-json\/wp\/v2\/media\/369611"}],"wp:attachment":[{"href":"https:\/\/www.europesays.com\/fr\/wp-json\/wp\/v2\/media?parent=369610"}],"wp:term":[{"taxonomy":"category","embeddable":true,"href":"https:\/\/www.europesays.com\/fr\/wp-json\/wp\/v2\/categories?post=369610"},{"taxonomy":"post_tag","embeddable":true,"href":"https:\/\/www.europesays.com\/fr\/wp-json\/wp\/v2\/tags?post=369610"}],"curies":[{"name":"wp","href":"https:\/\/api.w.org\/{rel}","templated":true}]}}