{"id":369618,"date":"2025-09-06T02:47:32","date_gmt":"2025-09-06T02:47:32","guid":{"rendered":"https:\/\/www.europesays.com\/fr\/369618\/"},"modified":"2025-09-06T02:47:32","modified_gmt":"2025-09-06T02:47:32","slug":"theatre-a-paris-sur-scene-francois-morel-et-ses-potes-des-deschiens-ont-l-art-et-la-maniere","status":"publish","type":"post","link":"https:\/\/www.europesays.com\/fr\/369618\/","title":{"rendered":"Th\u00e9\u00e2tre \u00e0 Paris\u00a0: sur sc\u00e8ne, Fran\u00e7ois Morel et ses potes des Deschiens ont l\u2019\u00ab\u00a0Art\u00a0\u00bb et la mani\u00e8re"},"content":{"rendered":"<p class=\"paragraph text_align_left lp-f-body-02\">Flanqu\u00e9 de ses amis des Deschiens, Olivier Broche et Olivier Saladin, Fran\u00e7ois Morel s\u2019empare avec gourmandise et r\u00e9ussite d\u2019 <a href=\"https:\/\/www.theatremontparnasse.com\/spectacle\/art\/\" target=\"_blank\" rel=\"noreferrer noopener\">\u00ab Art \u00bb<\/a> de Yasmina Reza, <a href=\"https:\/\/www.leparisien.fr\/culture-loisirs\/sortir-region-parisienne\/jean-paul-rouve-francois-morel-julie-depardieu-michel-cymes-les-stars-a-voir-au-theatre-a-paris-04-09-2025-OEPDF3EDCBFL5IYTVSSXBS6JRI.php\" target=\"_blank\" rel=\"noreferrer noopener\">une des pi\u00e8ces les plus attendues de cette rentr\u00e9e sur les planches parisiennes<\/a>. Un classique dont le canevas n\u2019a plus de secret : Serge (Broche) s\u2019est pay\u00e9 pour une petite fortune \u00ab un tableau d\u2019environ 1,60 m sur 1,20 m peint en blanc, avec de fins liser\u00e9s blancs transversaux \u00bb, ce que ne comprend pas Marc (Morel) qui qualifie la toile de \u00ab merde \u00bb, d\u00e9finitif et d\u00e9daigneux.<\/p>\n<p class=\"paragraph text_align_left lp-f-body-02\">\u00ab Qu\u2019est-ce que tu entends par cette merde ? Par rapport \u00e0 quoi ? \u00bb, cingle Serge m\u00fb d\u2019une col\u00e8re froide. Si Marc vit comme une infid\u00e9lit\u00e9 cet achat fou, Serge est profond\u00e9ment heurt\u00e9 que son ami ne con\u00e7oive pas son go\u00fbt pour cette peinture\u2026 Entre les deux, Ivan (Saladin) qui \u00e9vite de se mouiller va se faire violemment \u00e9clabousser par une situation qui s\u2019envenime vite, un tremblement de terre qui fragilise les fondations m\u00eames de leur amiti\u00e9. Mais le sont-ils toujours, amis ?<\/p>\n<p class=\"paragraph text_align_left lp-f-body-02\">Dans cette pi\u00e8ce, il est question d\u2019art, un peu, et d\u2019amiti\u00e9, beaucoup, sous la direction de<a href=\"https:\/\/www.leparisien.fr\/loiret-45\/francois-morel-prete-sa-voix-a-un-circuit-audio-gratuit-traverser-la-loire-ca-voulait-dire-partir-en-vacances-13-05-2025-AT4W4KXMYJBV7AOY6HV4PLSW4A.php\" target=\"_blank\" rel=\"noreferrer noopener\"> Fran\u00e7ois Morel<\/a> qui s\u2019entoure de vrais copains de longue date. Entre eux trois, une amiti\u00e9 sinc\u00e8re et palpable qu\u2019expriment les corps, les regards et les contacts.<\/p>\n<p>Une com\u00e9die auscultant l\u2019amiti\u00e9<\/p>\n<p class=\"paragraph text_align_left lp-f-body-02\">Il y a dans l\u2019air une tendresse certaine qui amortit, un peu, la violence des r\u00e9pliques ass\u00e9n\u00e9es, mais non les blessures qu\u2019elles infligent. Peut-\u00eatre, m\u00eame, heurtent-elles davantage\u2026 Parce qu\u2019on sait, on sent, qu\u2019ils s\u2019aiment, les voir se d\u00e9chirer ainsi fend le c\u0153ur. Les savoir r\u00e9concili\u00e9s rass\u00e9r\u00e8ne d\u2019autant.<\/p>\n<p class=\"paragraph text_align_left lp-f-body-02\">Dans un int\u00e9rieur sobre, trois parois, trois portes et un canap\u00e9 au centre, le trio s\u2019empare de cette histoire avec une simplicit\u00e9 qui leur sied bien. Dans le r\u00f4le de Marc, Fran\u00e7ois Morel ne se d\u00e9fait pas de ses mimiques et de ses airs na\u00effs, habillant de sa bonhomie naturelle l\u2019intransigeance de son personnage, le plus f\u00e9roce de tous, le plus perdu aussi. Saladin, lui, s\u2019offre un sacr\u00e9 num\u00e9ro, amus\u00e9 et amusant, donnant \u00e0 son personnage normal et accabl\u00e9 sa d\u00e9gaine pataude quand Broche est tout en nerfs, snob et press\u00e9, incongru et dr\u00f4le.<\/p>\n<p class=\"paragraph text_align_left lp-f-body-02\">Les trois font l\u2019affaire, et au-del\u00e0, dans un spectacle f\u00e9roce et dr\u00f4le, truculent par moments, touchant aussi, s\u2019achevant sur un beau tableau \u2013 blanc mais pas uniquement &#8211; dont la douceur favorise l\u2019\u00e9motion. Com\u00e9die auscultant l\u2019amiti\u00e9, cette pi\u00e8ce rappelle qu\u2019il n\u2019est jamais anodin que le terme \u00ab affection \u00bb d\u00e9signe l\u2019attachement tout autant que la maladie\u2026 Mais quels sympt\u00f4mes ? Quel rem\u00e8de ? Le rire, pardi, qui nous est si bien servi ici.<\/p>\n<p>La note de la r\u00e9daction :\u00ab Art \u00bb, <\/p>\n<p>pi\u00e8ce de Yasmina Reza, avec Fran\u00e7ois Morel, Olivier Broche et Olivier Saladin. En ce moment au th\u00e9\u00e2tre du Montparnasse (Paris XIVe), du mardi au samedi \u00e0 19 heures, suppl\u00e9mentaire le samedi \u00e0 16h30. De 10 \u00e0 59 euros.<\/p>\n","protected":false},"excerpt":{"rendered":"Flanqu\u00e9 de ses amis des Deschiens, Olivier Broche et Olivier Saladin, Fran\u00e7ois Morel s\u2019empare avec gourmandise et r\u00e9ussite&hellip;\n","protected":false},"author":2,"featured_media":369619,"comment_status":"","ping_status":"","sticky":false,"template":"","format":"standard","meta":{"footnotes":""},"categories":[1888],"tags":[1111,1928,11,1927,872,1777,674,1011,27,12,1926,626,1925,25,6047],"class_list":{"0":"post-369618","1":"post","2":"type-post","3":"status-publish","4":"format-standard","5":"has-post-thumbnail","7":"category-paris","8":"tag-actu","9":"tag-actu-paris","10":"tag-actualites","11":"tag-actualites-paris","12":"tag-culture-et-loisirs","13":"tag-eu","14":"tag-europe","15":"tag-fr","16":"tag-france","17":"tag-news","18":"tag-news-paris","19":"tag-paris","20":"tag-paris-news","21":"tag-republique-francaise","22":"tag-sortir-en-region-parisienne"},"share_on_mastodon":{"url":"https:\/\/pubeurope.com\/@fr\/115155071467131985","error":""},"_links":{"self":[{"href":"https:\/\/www.europesays.com\/fr\/wp-json\/wp\/v2\/posts\/369618","targetHints":{"allow":["GET"]}}],"collection":[{"href":"https:\/\/www.europesays.com\/fr\/wp-json\/wp\/v2\/posts"}],"about":[{"href":"https:\/\/www.europesays.com\/fr\/wp-json\/wp\/v2\/types\/post"}],"author":[{"embeddable":true,"href":"https:\/\/www.europesays.com\/fr\/wp-json\/wp\/v2\/users\/2"}],"replies":[{"embeddable":true,"href":"https:\/\/www.europesays.com\/fr\/wp-json\/wp\/v2\/comments?post=369618"}],"version-history":[{"count":0,"href":"https:\/\/www.europesays.com\/fr\/wp-json\/wp\/v2\/posts\/369618\/revisions"}],"wp:featuredmedia":[{"embeddable":true,"href":"https:\/\/www.europesays.com\/fr\/wp-json\/wp\/v2\/media\/369619"}],"wp:attachment":[{"href":"https:\/\/www.europesays.com\/fr\/wp-json\/wp\/v2\/media?parent=369618"}],"wp:term":[{"taxonomy":"category","embeddable":true,"href":"https:\/\/www.europesays.com\/fr\/wp-json\/wp\/v2\/categories?post=369618"},{"taxonomy":"post_tag","embeddable":true,"href":"https:\/\/www.europesays.com\/fr\/wp-json\/wp\/v2\/tags?post=369618"}],"curies":[{"name":"wp","href":"https:\/\/api.w.org\/{rel}","templated":true}]}}