{"id":369620,"date":"2025-09-06T02:48:37","date_gmt":"2025-09-06T02:48:37","guid":{"rendered":"https:\/\/www.europesays.com\/fr\/369620\/"},"modified":"2025-09-06T02:48:37","modified_gmt":"2025-09-06T02:48:37","slug":"paris-elle-pulverise-le-record-de-france-de-precocite-en-obtenant-son-baccalaureat-a-9-ans","status":"publish","type":"post","link":"https:\/\/www.europesays.com\/fr\/369620\/","title":{"rendered":"Paris. Elle pulv\u00e9rise le record de France de pr\u00e9cocit\u00e9 en obtenant son baccalaur\u00e9at&#8230; \u00e0 9 ans"},"content":{"rendered":"<p>            Par<br \/>\n        <strong><br \/>\n            <a href=\"https:\/\/actu.fr\/auteur\/redaction-paris\" title=\"Consulter tous les articles de R\u00e9daction Paris\" rel=\"nofollow noopener\" target=\"_blank\">R\u00e9daction Paris<\/a><br \/>\n        <\/strong><\/p>\n<p>        Publi\u00e9 le<\/p>\n<p>            5 sept. 2025 \u00e0 15h51        <\/p>\n<p>De quoi en renverser son mug de caf\u00e9. Il \u00e9tait un peu moins de 8\u00a0heures, ce vendredi 5\u00a0septembre 2025, lorsque<a href=\"https:\/\/www.franceinfo.fr\/enquetes-franceinfo\/info-franceinfo-elle-obtient-son-bac-a-9-ans-grace-a-une-methode-de-formation-contestee_7474531.html\" rel=\"nofollow noopener\" target=\"_blank\"> Franceinfo<\/a> a r\u00e9v\u00e9l\u00e9 qu\u2019une enfant de 9 ans avait d\u00e9croch\u00e9 son <a href=\"https:\/\/actu.fr\/societe\/bac-2025-decouvrez-tous-les-resultats-academie-par-academie_62850684.html\" rel=\"nofollow noopener\" target=\"_blank\">baccalaur\u00e9at en juillet<\/a>. La fillette est ainsi devenue la plus jeune Fran\u00e7aise \u00e0 obtenir ce dipl\u00f4me de fin \u00e9tudes scolaires, a confirm\u00e9 le minist\u00e8re de l\u2019\u00c9ducation nationale. Un record de pr\u00e9cocit\u00e9, puisque, jusqu\u2019alors, le plus jeune bachelier \u00e0 d\u00e9crocher le s\u00e9same avait 11 ans.\u00a0<\/p>\n<p>Une scolarit\u00e9 suivie aux \u00c9mirats arabes unis<\/p>\n<p class=\" wall-content\">La jeune \u00e9l\u00e8ve hors norme, qui a pass\u00e9 l\u2019examen \u00e0 <a href=\"https:\/\/actu.fr\/paris\/dernieres-actus\" rel=\"nofollow noopener\" target=\"_blank\">Paris<\/a> en candidate libre dans les sp\u00e9cialit\u00e9s math\u00e9matiques et physique-chimie, a \u00e9t\u00e9 dipl\u00f4m\u00e9e au rattrapage, donc sans mention. Le minist\u00e8re ne donne pas davantage de d\u00e9tails sur cette laur\u00e9ate d\u2019un dipl\u00f4me que la tr\u00e8s grande majorit\u00e9 des Fran\u00e7ais obtiennent \u00e0 17 ou 18 ans, en fin de lyc\u00e9e. Selon Franceinfo, la bacheli\u00e8re est n\u00e9e en France, est de nationalit\u00e9 grenadienne et suit sa scolarit\u00e9 \u00e0 Duba\u00ef, aux \u00c9mirats arabes unis.<\/p>\n<p class=\" wall-content\">Un organisme de formation, Isoset, assure pour sa part dans un communiqu\u00e9 avoir accompagn\u00e9 cette \u00e9l\u00e8ve selon une m\u00e9thode d\u00e9velopp\u00e9e en collaboration avec un autre bachelier pr\u00e9coce, dipl\u00f4m\u00e9 \u00e0 12\u00a0ans en 2012, selon son site.<\/p>\n<p class=\" wall-content\">Jusqu\u2019ici, le record \u00e9tait d\u00e9tenu par Arthur Ramiandrisoa, qui avait eu son bac \u00e0 11\u00a0ans et 11\u00a0mois en 1989. Il n\u2019avait jamais mis les pieds \u00e0 l\u2019\u00e9cole, ses parents avaient assur\u00e9 son \u00e9ducation \u00e0 domicile selon une m\u00e9thode que son p\u00e8re avait d\u00e9crite dans un livre comme La M\u00e9thode Arthur.<\/p>\n<p class=\" wall-content\">Cette ann\u00e9e, le bac a enregistr\u00e9 l\u2019inscription d\u2019un ou une candidate encore<a href=\"https:\/\/actu.fr\/societe\/bac-2025-a-huit-ans-l-age-pour-le-ce2-il-va-passer-l-examen-des-lyceens_62740469.html\" rel=\"nofollow noopener\" target=\"_blank\"> plus jeune, \u00e2g\u00e9 de 8 ans<\/a>, mais il ne s\u2019est finalement pas pr\u00e9sent\u00e9 aux examens.<\/p>\n<p class=\" wall-content\">avec AFP<\/p>\n<p class=\" wall-content\">Personnalisez votre actualit\u00e9 en ajoutant vos villes et m\u00e9dias en favori avec <a href=\"https:\/\/moncompte.actu.fr\" title=\"D\u00e9couvez Mon Actu\" rel=\"nofollow noopener\" data-trk=\"{&quot;cta&quot;:{&quot;action&quot;:&quot;https:\\\/\\\/moncompte.actu.fr&quot;,&quot;category&quot;:&quot;mon compte&quot;,&quot;from&quot;:&quot;article footer&quot;,&quot;name&quot;:&quot;Mon actu&quot;,&quot;type&quot;:&quot;cta&quot;}}\" target=\"_blank\">Mon Actu<\/a>.<\/p>\n","protected":false},"excerpt":{"rendered":"Par R\u00e9daction Paris Publi\u00e9 le 5 sept. 2025 \u00e0 15h51 De quoi en renverser son mug de caf\u00e9.&hellip;\n","protected":false},"author":2,"featured_media":224746,"comment_status":"","ping_status":"","sticky":false,"template":"","format":"standard","meta":{"footnotes":""},"categories":[1888],"tags":[11,3867,1057,1719,1777,674,1011,27,1757,12,626,25],"class_list":{"0":"post-369620","1":"post","2":"type-post","3":"status-publish","4":"format-standard","5":"has-post-thumbnail","7":"category-paris","8":"tag-actualites","9":"tag-baccalaureat","10":"tag-education","11":"tag-enfants","12":"tag-eu","13":"tag-europe","14":"tag-fr","15":"tag-france","16":"tag-insolite","17":"tag-news","18":"tag-paris","19":"tag-republique-francaise"},"share_on_mastodon":{"url":"https:\/\/pubeurope.com\/@fr\/115155075332892391","error":""},"_links":{"self":[{"href":"https:\/\/www.europesays.com\/fr\/wp-json\/wp\/v2\/posts\/369620","targetHints":{"allow":["GET"]}}],"collection":[{"href":"https:\/\/www.europesays.com\/fr\/wp-json\/wp\/v2\/posts"}],"about":[{"href":"https:\/\/www.europesays.com\/fr\/wp-json\/wp\/v2\/types\/post"}],"author":[{"embeddable":true,"href":"https:\/\/www.europesays.com\/fr\/wp-json\/wp\/v2\/users\/2"}],"replies":[{"embeddable":true,"href":"https:\/\/www.europesays.com\/fr\/wp-json\/wp\/v2\/comments?post=369620"}],"version-history":[{"count":0,"href":"https:\/\/www.europesays.com\/fr\/wp-json\/wp\/v2\/posts\/369620\/revisions"}],"wp:featuredmedia":[{"embeddable":true,"href":"https:\/\/www.europesays.com\/fr\/wp-json\/wp\/v2\/media\/224746"}],"wp:attachment":[{"href":"https:\/\/www.europesays.com\/fr\/wp-json\/wp\/v2\/media?parent=369620"}],"wp:term":[{"taxonomy":"category","embeddable":true,"href":"https:\/\/www.europesays.com\/fr\/wp-json\/wp\/v2\/categories?post=369620"},{"taxonomy":"post_tag","embeddable":true,"href":"https:\/\/www.europesays.com\/fr\/wp-json\/wp\/v2\/tags?post=369620"}],"curies":[{"name":"wp","href":"https:\/\/api.w.org\/{rel}","templated":true}]}}