{"id":369625,"date":"2025-09-06T02:51:15","date_gmt":"2025-09-06T02:51:15","guid":{"rendered":"https:\/\/www.europesays.com\/fr\/369625\/"},"modified":"2025-09-06T02:51:15","modified_gmt":"2025-09-06T02:51:15","slug":"guerre-en-ukraine-la-turquie-volontaire-pour-diriger-les-operations-navales-en-mer-noire","status":"publish","type":"post","link":"https:\/\/www.europesays.com\/fr\/369625\/","title":{"rendered":"Guerre en Ukraine: la Turquie volontaire pour diriger les op\u00e9rations navales en mer Noire"},"content":{"rendered":"<p><a class=\"m-item-image m-item-image--1x1 o-podcast-header__image\" href=\"https:\/\/www.rfi.fr\/fr\/podcasts\/invit%C3%A9-mi-journ%C3%A9e\/\" title=\"Invit\u00e9 international\" data-article-item-link=\"\" aria-hidden=\"true\" tabindex=\"-1\" target=\"_blank\" rel=\"noopener\"><\/p>\n<p><img decoding=\"async\" fetchpriority=\"high\" src=\"https:\/\/www.europesays.com\/fr\/wp-content\/uploads\/2025\/09\/carr\u00e9-3000x3000-invite_international.png\"   width=\"480\" height=\"480\" alt=\"Invit\u00e9 international\" loading=\"eager\" class=\"a-img \"\/><br \/>\n                                <\/a>                <\/p>\n<p class=\"t-content__chapo\">\n                                                Les membres de la \u00ab Coalition des volontaires \u00bb se sont r\u00e9unis jeudi 4 septembre pour discuter des garanties \u00e0 apporter \u00e0 l\u2019Ukraine en cas de cessez-le-feu avec la Russie. Vingt-six \u00c9tats ont affirm\u00e9 leur volont\u00e9 de d\u00e9ployer des moyens terrestres, navals ou a\u00e9riens aux c\u00f4t\u00e9s de Kiev pour assurer une s\u00e9curit\u00e9 durable. Ankara est pr\u00eate \u00e0 jouer les premiers r\u00f4les dans le volet maritime qui pr\u00e9voit la surveillance de la navigation en mer Noire, dont l&rsquo;acc\u00e8s via les d\u00e9troits turcs a \u00e9t\u00e9 ferm\u00e9 au d\u00e9but du conflit. Entretien avec le politologue Ahmet Insel, auteur de \u00ab La Nouvelle Turquie d&rsquo;Erdogan, du r\u00eave d\u00e9mocratique \u00e0 la d\u00e9rive autoritaire \u00bb, La D\u00e9couverte.                    <\/p>\n<p><img decoding=\"async\" fetchpriority=\"low\" src=\"https:\/\/www.europesays.com\/fr\/wp-content\/uploads\/2025\/09\/Turkish-President-Tayyip-Erdogan-speaks-during-a-press-conference-following-a-cabinet-meeting-in-Ank.jpeg\"   width=\"1024\" height=\"576\" alt=\"Le pr\u00e9sident turc Tayyip Erdogan s'exprime lors d'une conf\u00e9rence de presse \u00e0 l'issue d'une r\u00e9union du Conseil des ministres \u00e0 Ankara, en Turquie, le 16 juin 2025.\" loading=\"eager\" class=\"a-img \"\/><\/p>\n<p>                Le pr\u00e9sident turc Tayyip Erdogan s&rsquo;exprime lors d&rsquo;une conf\u00e9rence de presse \u00e0 l&rsquo;issue d&rsquo;une r\u00e9union du Conseil des ministres \u00e0 Ankara, en Turquie, le 16 juin 2025.                \u00a9 via REUTERS &#8211; Murat Kula\/Presidential Press of Turkey            <\/p>\n","protected":false},"excerpt":{"rendered":"Les membres de la \u00ab Coalition des volontaires \u00bb se sont r\u00e9unis jeudi 4 septembre pour discuter des&hellip;\n","protected":false},"author":2,"featured_media":369626,"comment_status":"","ping_status":"","sticky":false,"template":"","format":"standard","meta":{"footnotes":""},"categories":[1590],"tags":[11,554,1777,674,27,5653,12,132,3496,220,364],"class_list":{"0":"post-369625","1":"post","2":"type-post","3":"status-publish","4":"format-standard","5":"has-post-thumbnail","7":"category-ukraine","8":"tag-actualites","9":"tag-defense","10":"tag-eu","11":"tag-europe","12":"tag-france","13":"tag-invite-international","14":"tag-news","15":"tag-russie","16":"tag-turquie","17":"tag-ukraine","18":"tag-union-europeenne"},"share_on_mastodon":{"url":"https:\/\/pubeurope.com\/@fr\/115155087170383752","error":""},"_links":{"self":[{"href":"https:\/\/www.europesays.com\/fr\/wp-json\/wp\/v2\/posts\/369625","targetHints":{"allow":["GET"]}}],"collection":[{"href":"https:\/\/www.europesays.com\/fr\/wp-json\/wp\/v2\/posts"}],"about":[{"href":"https:\/\/www.europesays.com\/fr\/wp-json\/wp\/v2\/types\/post"}],"author":[{"embeddable":true,"href":"https:\/\/www.europesays.com\/fr\/wp-json\/wp\/v2\/users\/2"}],"replies":[{"embeddable":true,"href":"https:\/\/www.europesays.com\/fr\/wp-json\/wp\/v2\/comments?post=369625"}],"version-history":[{"count":0,"href":"https:\/\/www.europesays.com\/fr\/wp-json\/wp\/v2\/posts\/369625\/revisions"}],"wp:featuredmedia":[{"embeddable":true,"href":"https:\/\/www.europesays.com\/fr\/wp-json\/wp\/v2\/media\/369626"}],"wp:attachment":[{"href":"https:\/\/www.europesays.com\/fr\/wp-json\/wp\/v2\/media?parent=369625"}],"wp:term":[{"taxonomy":"category","embeddable":true,"href":"https:\/\/www.europesays.com\/fr\/wp-json\/wp\/v2\/categories?post=369625"},{"taxonomy":"post_tag","embeddable":true,"href":"https:\/\/www.europesays.com\/fr\/wp-json\/wp\/v2\/tags?post=369625"}],"curies":[{"name":"wp","href":"https:\/\/api.w.org\/{rel}","templated":true}]}}