{"id":369627,"date":"2025-09-06T02:52:13","date_gmt":"2025-09-06T02:52:13","guid":{"rendered":"https:\/\/www.europesays.com\/fr\/369627\/"},"modified":"2025-09-06T02:52:13","modified_gmt":"2025-09-06T02:52:13","slug":"usa-pres-de-500-personnes-en-majorite-des-sud-coreens-arretees-dans-une-usine-hyundai-lg-actualites","status":"publish","type":"post","link":"https:\/\/www.europesays.com\/fr\/369627\/","title":{"rendered":"USA : pr\u00e8s de 500 personnes, en majorit\u00e9 des Sud-Cor\u00e9ens, arr\u00eat\u00e9es dans une usine Hyundai-LG : Actualit\u00e9s"},"content":{"rendered":"<p class=\"lead \">Pr\u00e8s de 500 personnes, dont une majorit\u00e9 de Sud-Cor\u00e9ens, ont \u00e9t\u00e9 arr\u00eat\u00e9es par la police de l&rsquo;immigration dans une usine de fabrication de batteries des groupes sud-cor\u00e9ens Hyundai et LG dans l&rsquo;Etat de G\u00e9orgie (sud-est), soup\u00e7onn\u00e9es de travailler ill\u00e9galement aux Etats-Unis.<\/p>\n<p class=\"lead \">Le raid, men\u00e9 jeudi, r\u00e9sulte d&rsquo;une \u00ab\u00a0enqu\u00eate p\u00e9nale li\u00e9e \u00e0 des accusations de pratiques d&#8217;embauche ill\u00e9gales et \u00e0 de graves infractions f\u00e9d\u00e9rales\u00a0\u00bb, a expliqu\u00e9 vendredi Steven Schrank, un agent du service d&rsquo;enqu\u00eates du minist\u00e8re am\u00e9ricain de l&rsquo;Int\u00e9rieur, au cours d&rsquo;une conf\u00e9rence de presse. <\/p>\n<p class=\"lead \">Il s&rsquo;agit de \u00ab\u00a0la plus importante op\u00e9ration des forces de l&rsquo;ordre sur un m\u00eame site de toute l&rsquo;histoire du service des +Homeland Security Investigations+ (+Enqu\u00eates sur la s\u00e9curit\u00e9 int\u00e9rieure+)\u00a0\u00bb, a-t-il affirm\u00e9, s&rsquo;exprimant d&rsquo;Atlanta, dans l&rsquo;Etat de G\u00e9orgie.<\/p>\n<p class=\"lead \">Les 475 personnes arr\u00eat\u00e9es dans cette usine, situ\u00e9e dans la ville d&rsquo;Ellabell, se \u00ab\u00a0trouvaient aux Etats-Unis de mani\u00e8re ill\u00e9gale\u00a0\u00bb et \u00ab\u00a0travaillaient ill\u00e9galement\u00a0\u00bb, a affirm\u00e9 M. Schrank, soulignant que la \u00ab\u00a0majorit\u00e9\u00a0\u00bb d&rsquo;entre elles \u00e9taient de nationalit\u00e9 sud-cor\u00e9enne.<\/p>\n<p class=\"lead \">Le pr\u00e9sident am\u00e9ricain Donald Trump, interrog\u00e9 par la presse vendredi apr\u00e8s-midi dans le Bureau ovale, a d\u00e9clar\u00e9: \u00ab\u00a0Je dirai qu&rsquo;il s&rsquo;agissait d&rsquo;\u00e9trangers en situation d&rsquo;ill\u00e9galit\u00e9, et que (la police de l&rsquo;immigration) faisait simplement son travail\u00a0\u00bb.<\/p>\n<p class=\"lead \">Sollicit\u00e9 par l&rsquo;AFP aux Etats-Unis, le constructeur automobile a r\u00e9pondu \u00eatre \u00ab\u00a0au courant du r\u00e9cent incident\u00a0\u00bb dans cette usine, \u00ab\u00a0surveiller \u00e9troitement la situation et s&#8217;employer \u00e0 comprendre les circonstances sp\u00e9cifiques\u00a0\u00bb de cette affaire.<\/p>\n<p class=\"lead \">\u00ab\u00a0A ce stade, nous comprenons qu&rsquo;aucune des personnes d\u00e9tenues n&rsquo;\u00e9tait directement employ\u00e9e par le groupe Hyundai\u00a0\u00bb, a-t-il poursuivi, assurant donner \u00ab\u00a0priorit\u00e9 \u00e0 la s\u00e9curit\u00e9 et au bien-\u00eatre de quiconque travaille sur ce site et au respect de toutes les l\u00e9gislations et r\u00e9glementations\u00a0\u00bb.<\/p>\n<p class=\"lead \">De son c\u00f4t\u00e9, LG Energy Solution a affirm\u00e9 suivre \u00ab\u00a0de pr\u00e8s la situation et recueillir toutes les informations pertinentes\u00a0\u00bb.<\/p>\n<p class=\"lead \">\u00ab\u00a0Notre priorit\u00e9 absolue est toujours d&rsquo;assurer la s\u00e9curit\u00e9 et le bien-\u00eatre de nos employ\u00e9s et de nos partenaires. Nous coop\u00e9rerons pleinement avec les autorit\u00e9s comp\u00e9tentes\u00a0\u00bb, a ajout\u00e9 cette entreprise.<\/p>\n<p class=\"lead \">La Cor\u00e9e du Sud, la quatri\u00e8me \u00e9conomie d&rsquo;Asie, est un important constructeur automobile et producteur de mat\u00e9riel \u00e9lectronique avec de nombreuses usines aux Etats-Unis.<\/p>\n<p class=\"lead \">&#8211; Mission diplomatique &#8211;<\/p>\n<p class=\"lead \">Une source proche du dossier avait annonc\u00e9 quelques heures plus t\u00f4t, de S\u00e9oul, qu'\u00a0\u00bbenviron 300 Sud-Cor\u00e9ens\u00a0\u00bb avaient \u00e9t\u00e9 arr\u00eat\u00e9s pendant une op\u00e9ration du Service de l&rsquo;immigration et des douanes am\u00e9ricain (ICE) sur un site commun \u00e0 Hyundai et LG en G\u00e9orgie.<\/p>\n<p class=\"lead \">De son c\u00f4t\u00e9, l&rsquo;agence de presse sud-cor\u00e9enne Yonhap avait \u00e9crit que l&rsquo;ICE avait interpell\u00e9 jusqu&rsquo;\u00e0 450 personnes au total.<\/p>\n<p class=\"lead \">Le minist\u00e8re sud-cor\u00e9en des Affaires \u00e9trang\u00e8res avait \u00e9galement fait d&rsquo;\u00e9tat d&rsquo;une descente de police sur le \u00ab\u00a0site d&rsquo;une usine de batteries d&rsquo;une entreprise (sud-cor\u00e9enne) en G\u00e9orgie\u00a0\u00bb.<\/p>\n<p class=\"lead \">\u00ab\u00a0Plusieurs ressortissants cor\u00e9ens ont \u00e9t\u00e9 plac\u00e9s en d\u00e9tention\u00a0\u00bb, avait simplement ajout\u00e9 Lee Jae-woong, le porte-parole du minist\u00e8re.<\/p>\n<p class=\"lead \">S\u00e9oul a envoy\u00e9 du personnel diplomatique sur place, avec notamment pour mission de cr\u00e9er un groupe de travail afin de faire face \u00e0 la situation.<\/p>\n<p class=\"lead \">Les autorit\u00e9s sud-cor\u00e9ennes ont \u00e9galement fait part \u00e0 l&rsquo;ambassade des Etats-Unis \u00e0 S\u00e9oul \u00ab\u00a0de (leur) inqui\u00e9tude et de (leurs) regrets\u00a0\u00bb concernant cette affaire.<\/p>\n<p class=\"lead \">En juillet, la Cor\u00e9e du Sud s&rsquo;\u00e9tait engag\u00e9e \u00e0 investir 350 milliards de dollars sur le territoire am\u00e9ricain \u00e0 la suite des menaces sur les droits de douane de Donald Trump.<\/p>\n<p class=\"lead \">Celui-ci a \u00e9t\u00e9 \u00e9lu pour un second mandat en novembre 2024, en particulier sur la promesse de mettre en oeuvre le plus important programme d&rsquo;expulsion d&rsquo;immigr\u00e9s de l&rsquo;histoire de son pays.<\/p>\n<p class=\"lead \">Depuis, son gouvernement cible avec la plus grande fermet\u00e9 les quelque onze millions de migrants sans papiers pr\u00e9sents aux Etats-Unis. Au prix, selon des ONG, des membres de la soci\u00e9t\u00e9 civile et jusqu&rsquo;aux Nations unies, de fr\u00e9quentes violations des droits humains.<\/p>\n<p class=\"lead \">D&rsquo;Atlanta, le Bureau de l&rsquo;alcool, du tabac, des armes \u00e0 feu et des explosifs (ATF) a expliqu\u00e9 sur X avoir particip\u00e9 \u00e0 l&rsquo;arrestation d&rsquo;environ 450 \u00ab\u00a0\u00e9trangers en situation irr\u00e9guli\u00e8re\u00a0\u00bb au cours d&rsquo;une op\u00e9ration dans une usine de batteries, une coentreprise entre Hyundai et LG.<\/p>\n<p class=\"lead \">Selon son site internet, Hyundai a investi 20,5 milliards de dollars depuis son entr\u00e9e sur le march\u00e9 am\u00e9ricain en 1986 et compte y investir 21 milliards suppl\u00e9mentaires entre 2025 et 2028.<\/p>\n<p class=\"lead \">L&rsquo;usine d&rsquo;Ellabell a \u00e9t\u00e9 officiellement inaugur\u00e9e en mars, avec l&rsquo;objectif de produire jusqu&rsquo;\u00e0 500.000 v\u00e9hicules \u00e9lectriques et hybrides par an des marques Hyundai, Kia et Genesis. Elle devrait employer 8.500 personnes d&rsquo;ici \u00e0 2031.<\/p>\n<p class=\"small font-weight-bold text-gray3 \"> publi\u00e9 le 5 septembre \u00e0 23h16, AFP<\/p>\n<p>                             Partager<\/p>\n","protected":false},"excerpt":{"rendered":"Pr\u00e8s de 500 personnes, dont une majorit\u00e9 de Sud-Cor\u00e9ens, ont \u00e9t\u00e9 arr\u00eat\u00e9es par la police de l&rsquo;immigration dans&hellip;\n","protected":false},"author":2,"featured_media":369628,"comment_status":"","ping_status":"","sticky":false,"template":"","format":"standard","meta":{"footnotes":""},"categories":[1589],"tags":[14427,11,2441,646,37301,312,313,73,1866,1061,693,12,25007,1864,1865,1863,308],"class_list":{"0":"post-369627","1":"post","2":"type-post","3":"status-publish","4":"format-standard","5":"has-post-thumbnail","7":"category-etats-unis","8":"tag-nergie","9":"tag-actualites","10":"tag-arrestation","11":"tag-automobile","12":"tag-coresud","13":"tag-diplomatie","14":"tag-entreprises","15":"tag-etats-unis","16":"tag-etats-unis-damerique","17":"tag-immigration","18":"tag-industrie","19":"tag-news","20":"tag-renouvelables","21":"tag-united-states","22":"tag-united-states-of-america","23":"tag-us","24":"tag-usa"},"share_on_mastodon":{"url":"https:\/\/pubeurope.com\/@fr\/115155091077417023","error":""},"_links":{"self":[{"href":"https:\/\/www.europesays.com\/fr\/wp-json\/wp\/v2\/posts\/369627","targetHints":{"allow":["GET"]}}],"collection":[{"href":"https:\/\/www.europesays.com\/fr\/wp-json\/wp\/v2\/posts"}],"about":[{"href":"https:\/\/www.europesays.com\/fr\/wp-json\/wp\/v2\/types\/post"}],"author":[{"embeddable":true,"href":"https:\/\/www.europesays.com\/fr\/wp-json\/wp\/v2\/users\/2"}],"replies":[{"embeddable":true,"href":"https:\/\/www.europesays.com\/fr\/wp-json\/wp\/v2\/comments?post=369627"}],"version-history":[{"count":0,"href":"https:\/\/www.europesays.com\/fr\/wp-json\/wp\/v2\/posts\/369627\/revisions"}],"wp:featuredmedia":[{"embeddable":true,"href":"https:\/\/www.europesays.com\/fr\/wp-json\/wp\/v2\/media\/369628"}],"wp:attachment":[{"href":"https:\/\/www.europesays.com\/fr\/wp-json\/wp\/v2\/media?parent=369627"}],"wp:term":[{"taxonomy":"category","embeddable":true,"href":"https:\/\/www.europesays.com\/fr\/wp-json\/wp\/v2\/categories?post=369627"},{"taxonomy":"post_tag","embeddable":true,"href":"https:\/\/www.europesays.com\/fr\/wp-json\/wp\/v2\/tags?post=369627"}],"curies":[{"name":"wp","href":"https:\/\/api.w.org\/{rel}","templated":true}]}}