{"id":369629,"date":"2025-09-06T02:53:10","date_gmt":"2025-09-06T02:53:10","guid":{"rendered":"https:\/\/www.europesays.com\/fr\/369629\/"},"modified":"2025-09-06T02:53:10","modified_gmt":"2025-09-06T02:53:10","slug":"en-congres-a-birmingham-reform-uk-surfe-sur-la-question-migratoire","status":"publish","type":"post","link":"https:\/\/www.europesays.com\/fr\/369629\/","title":{"rendered":"en Congr\u00e8s \u00e0 Birmingham, Reform UK surfe sur la question migratoire"},"content":{"rendered":"<p>Les applaudissements et les hurlements retentissent \u00e0 l\u2019arriv\u00e9e de Nigel Farage, ce vendredi 5\u00a0septembre en milieu de journ\u00e9e sur la sc\u00e8ne de l\u2019auditorium principal du centre des congr\u00e8s de Birmingham. Le visage souriant, presque hilare, le chef du parti d\u2019extr\u00eame droite a avanc\u00e9 l\u2019heure de son discours pour r\u00e9pondre \u00e0 la d\u00e9mission quelques minutes plus t\u00f4t de la vice-premi\u00e8re ministre, Angela Rayner, qui a admis avoir sous-pay\u00e9 un imp\u00f4t lors de l\u2019achat d\u2019un logement. Il ne pouvait manquer cette occasion alors que le congr\u00e8s annuel de <a href=\"https:\/\/www.la-croix.com\/international\/le-parti-d-extreme-droite-reform-uk-ravit-un-siege-parlementaire-aux-travaillistes-20250502\" data-tracking=\"inpage_click\" data-tracking-action=\"suivre un lien dans l&#039;article\" data-tracking-category=\"engagement\" rel=\"nofollow noopener\" target=\"_blank\">Reform UK<\/a> avait tout juste d\u00e9but\u00e9. \u00ab\u00a0Malgr\u00e9 toutes leurs promesses d\u2019une politique diff\u00e9rente, il appara\u00eet maintenant que les travaillistes sont comme les conservateurs, et m\u00eame peut-\u00eatre pire\u00a0\u00bb, a-t-il lanc\u00e9, face \u00e0 des adh\u00e9rents et \u00e9lus remont\u00e9s par la multiplication des scandales financiers autour du personnel politique au cours des dix derni\u00e8res ann\u00e9es. \u00ab\u00a0Notre pays est en col\u00e8re et est d\u00e9sesp\u00e9r\u00e9. Vous \u00eates et nous sommes ceux qui peuvent le sauver\u00a0!\u00a0\u00bb<\/p>\n<p>Cet article est r\u00e9serv\u00e9 aux abonn\u00e9s<\/p>\n<p>\n                    Vous souhaitez lire la suite\u00a0? Abonnez-vous sans engagement \u00e0 notre offre num\u00e9rique\n                <\/p>\n<p>                <a href=\"https:\/\/www.la-croix.com\/abonnement\" class=\"default-paywall__subscribe-button\" data-tracking=\"cta_click\" data-tracking-action=\"voir la page abonnement\" data-tracking-category=\"abonnement\" rel=\"nofollow noopener\" target=\"_blank\">Je m&rsquo;abonne<\/a><\/p>\n","protected":false},"excerpt":{"rendered":"Les applaudissements et les hurlements retentissent \u00e0 l\u2019arriv\u00e9e de Nigel Farage, ce vendredi 5\u00a0septembre en milieu de journ\u00e9e&hellip;\n","protected":false},"author":2,"featured_media":369630,"comment_status":"","ping_status":"","sticky":false,"template":"","format":"standard","meta":{"footnotes":""},"categories":[1588],"tags":[11,1777,674,12,473,1853,1851,1850,1852],"class_list":{"0":"post-369629","1":"post","2":"type-post","3":"status-publish","4":"format-standard","5":"has-post-thumbnail","7":"category-royaume-uni","8":"tag-actualites","9":"tag-eu","10":"tag-europe","11":"tag-news","12":"tag-royaume-uni","13":"tag-royaume-uni-de-grande-bretagne-et-dirlande-du-nord","14":"tag-uk","15":"tag-united-kingdom","16":"tag-united-kingdom-of-great-britain-and-northern-ireland"},"share_on_mastodon":{"url":"https:\/\/pubeurope.com\/@fr\/115155095050991271","error":""},"_links":{"self":[{"href":"https:\/\/www.europesays.com\/fr\/wp-json\/wp\/v2\/posts\/369629","targetHints":{"allow":["GET"]}}],"collection":[{"href":"https:\/\/www.europesays.com\/fr\/wp-json\/wp\/v2\/posts"}],"about":[{"href":"https:\/\/www.europesays.com\/fr\/wp-json\/wp\/v2\/types\/post"}],"author":[{"embeddable":true,"href":"https:\/\/www.europesays.com\/fr\/wp-json\/wp\/v2\/users\/2"}],"replies":[{"embeddable":true,"href":"https:\/\/www.europesays.com\/fr\/wp-json\/wp\/v2\/comments?post=369629"}],"version-history":[{"count":0,"href":"https:\/\/www.europesays.com\/fr\/wp-json\/wp\/v2\/posts\/369629\/revisions"}],"wp:featuredmedia":[{"embeddable":true,"href":"https:\/\/www.europesays.com\/fr\/wp-json\/wp\/v2\/media\/369630"}],"wp:attachment":[{"href":"https:\/\/www.europesays.com\/fr\/wp-json\/wp\/v2\/media?parent=369629"}],"wp:term":[{"taxonomy":"category","embeddable":true,"href":"https:\/\/www.europesays.com\/fr\/wp-json\/wp\/v2\/categories?post=369629"},{"taxonomy":"post_tag","embeddable":true,"href":"https:\/\/www.europesays.com\/fr\/wp-json\/wp\/v2\/tags?post=369629"}],"curies":[{"name":"wp","href":"https:\/\/api.w.org\/{rel}","templated":true}]}}