{"id":369633,"date":"2025-09-06T02:55:11","date_gmt":"2025-09-06T02:55:11","guid":{"rendered":"https:\/\/www.europesays.com\/fr\/369633\/"},"modified":"2025-09-06T02:55:11","modified_gmt":"2025-09-06T02:55:11","slug":"audiovisuel-europeen-lempire-romain-germanique-de-la-famille-berlusconi","status":"publish","type":"post","link":"https:\/\/www.europesays.com\/fr\/369633\/","title":{"rendered":"Audiovisuel europ\u00e9en: l&#8217;empire romain germanique de la famille Berlusconi"},"content":{"rendered":"<p>\n                                                Avec le rachat du groupe ProSiebenSat.1 par MediaForEurope, le paysage audiovisuel europ\u00e9en est en pleine recomposition.\u00a0                    <\/p>\n<p>MediaForEurope ou MFE, auparavant connu sous le nom de Mediaset, regroupe les cha\u00eenes italiennes Canale 5, Italia 1, TGCom24, ainsi que les cha\u00eenes espagnoles Cuatro\u00a0et Telecinco. Sous l&rsquo;impulsion de Pier Silvio Berlusconi, le fils de l&rsquo;ancien pr\u00e9sident du conseil italien, cet ensemble italo-espagnol s&rsquo;est donn\u00e9 un objectif : prosp\u00e9rer en Europe et faire jouer les synergies entre les pays.<\/p>\n<p>Le p\u00e8re, Silvio Berlusconi, avait \u00e9chou\u00e9 en <strong><a target=\"_self\" href=\"https:\/\/www.rfi.fr\/fr\/tag\/france\/\" class=\"gtm-add-suggested-tag\" rel=\"noopener\">France<\/a><\/strong> avec La Cinq au milieu des ann\u00e9es 1980. Le fils, lui, a r\u00e9ussi \u00e0 s&rsquo;\u00e9tendre en <strong><a target=\"_self\" href=\"https:\/\/www.rfi.fr\/fr\/tag\/allemagne\/\" class=\"gtm-add-suggested-tag\" rel=\"noopener\">Allemagne<\/a><\/strong>. Il a pris jeudi 4 septembre le contr\u00f4le de plus de 75% du capital de ProSiebenSat.1, le deuxi\u00e8me groupe priv\u00e9 de l&rsquo;audiovisuel allemand, avec ses cha\u00eenes ProSieben, KabelEinz et la plateforme de streaming Joyn, qui compte huit millions d&rsquo;abonn\u00e9s.<\/p>\n<p>Le groupe a \u00e9galement des positions fortes en <strong><a target=\"_self\" href=\"https:\/\/www.rfi.fr\/fr\/tag\/autriche\/\" class=\"gtm-add-suggested-tag\" rel=\"noopener\">Autriche<\/a><\/strong> et en <strong><a target=\"_self\" href=\"https:\/\/www.rfi.fr\/fr\/tag\/suisse\/\" class=\"gtm-add-suggested-tag\" rel=\"noopener\">Suisse<\/a><\/strong>, ce qui permet \u00e0 Pier Silvio Berlusconi de se hisser \u00e0 la t\u00eate d&rsquo;une sorte d&#8217;empire romain germanique de 210 millions d&rsquo;habitants. Et de fait, avec\u00a0ProSiebenSat.1, MediaForEurope devient le premier acteur audiovisuel en Europe, avec pr\u00e8s de sept milliards d&rsquo;euros de chiffre d&rsquo;affaires, devant RTL Group et la BBC.<\/p>\n<p> L&rsquo;influence des plateformes am\u00e9ricaines <\/p>\n<p>Netflix, Amazon Prime, Disney+ ou HBO Max sont des menaces pour les acteurs europ\u00e9ens. Pour l&#8217;emporter, MediaForEurope, qui d\u00e9tenait d\u00e9j\u00e0 le tiers de ProSieben, n&rsquo;a pas h\u00e9sit\u00e9 \u00e0 am\u00e9liorer son offre face au deuxi\u00e8me actionnaire, un groupe tch\u00e8que. Il aura ainsi la main sur 20 millions d&rsquo;abonn\u00e9s au streaming gr\u00e2ce \u00e0 Joyn et sa propre plateforme Infinity.<\/p>\n<p>Mais l&rsquo;id\u00e9e est aussi notamment de disposer d&rsquo;un catalogue d&rsquo;\u0153uvres et de formats, et de les faire circuler d&rsquo;un pays \u00e0 l&rsquo;autre. Le populisme dont la t\u00e9l\u00e9 de Berlusconi est capable, avec d&rsquo;\u00e9ventuelles atteintes \u00e0 l&rsquo;ind\u00e9pendance des r\u00e9dactions, inqui\u00e8te le gouvernement allemand. Mais Pier Silvio Berlusconi l&rsquo;a jur\u00e9 : ce sera une offre locale, respectueuse de l&rsquo;information, encore plus adapt\u00e9e au public allemand, avec davantage d&rsquo;actualit\u00e9s et moins d&rsquo;adaptations de formats.\u00a0<\/p>\n<p> Les dirigeants d&rsquo;Arte veulent aussi une plateforme europ\u00e9enne, mais publique\u00a0 <\/p>\n<p>Bruno Patino, le patron d&rsquo;Arte France, parle de \u00ab\u00a0pi\u00e8ce manquante\u00a0\u00bb dans les audiovisuels publics europ\u00e9ens : une plateforme europ\u00e9enne qui d\u00e9fende des regards, des cultures et un espace public commun. Arte.tv est d\u00e9j\u00e0 en sept langues et partenaire de douze cha\u00eenes publiques. Selon Boris Razon, son directeur \u00e9ditorial, c&rsquo;est \u00ab de l&rsquo;art et non du commerce \u00bb, mais il lui faut de l&rsquo;argent public.\u00a0<\/p>\n<p class=\"a-read-more\">\u00c0 lire aussi<a target=\"_self\" href=\"https:\/\/www.rfi.fr\/fr\/podcasts\/chronique-des-m\u00e9dias\/20250704-la-strat\u00e9gie-d-hyperdistribution-des-grands-op\u00e9rateurs-audiovisuels-fran\u00e7ais\" class=\"a-read-more__link\" rel=\"noopener\">La strat\u00e9gie d&rsquo;hyperdistribution des grands op\u00e9rateurs audiovisuels fran\u00e7ais<\/a><\/p>\n","protected":false},"excerpt":{"rendered":"Avec le rachat du groupe ProSiebenSat.1 par MediaForEurope, le paysage audiovisuel europ\u00e9en est en pleine recomposition.\u00a0 MediaForEurope ou&hellip;\n","protected":false},"author":2,"featured_media":369634,"comment_status":"","ping_status":"","sticky":false,"template":"","format":"standard","meta":{"footnotes":""},"categories":[1586],"tags":[11,17256,1777,674,1011,27,500,12,25,50394,364],"class_list":{"0":"post-369633","1":"post","2":"type-post","3":"status-publish","4":"format-standard","5":"has-post-thumbnail","7":"category-europe","8":"tag-actualites","9":"tag-chronique-des-medias","10":"tag-eu","11":"tag-europe","12":"tag-fr","13":"tag-france","14":"tag-medias","15":"tag-news","16":"tag-republique-francaise","17":"tag-silvio-berlusconi","18":"tag-union-europeenne"},"share_on_mastodon":{"url":"https:\/\/pubeurope.com\/@fr\/115155102851946636","error":""},"_links":{"self":[{"href":"https:\/\/www.europesays.com\/fr\/wp-json\/wp\/v2\/posts\/369633","targetHints":{"allow":["GET"]}}],"collection":[{"href":"https:\/\/www.europesays.com\/fr\/wp-json\/wp\/v2\/posts"}],"about":[{"href":"https:\/\/www.europesays.com\/fr\/wp-json\/wp\/v2\/types\/post"}],"author":[{"embeddable":true,"href":"https:\/\/www.europesays.com\/fr\/wp-json\/wp\/v2\/users\/2"}],"replies":[{"embeddable":true,"href":"https:\/\/www.europesays.com\/fr\/wp-json\/wp\/v2\/comments?post=369633"}],"version-history":[{"count":0,"href":"https:\/\/www.europesays.com\/fr\/wp-json\/wp\/v2\/posts\/369633\/revisions"}],"wp:featuredmedia":[{"embeddable":true,"href":"https:\/\/www.europesays.com\/fr\/wp-json\/wp\/v2\/media\/369634"}],"wp:attachment":[{"href":"https:\/\/www.europesays.com\/fr\/wp-json\/wp\/v2\/media?parent=369633"}],"wp:term":[{"taxonomy":"category","embeddable":true,"href":"https:\/\/www.europesays.com\/fr\/wp-json\/wp\/v2\/categories?post=369633"},{"taxonomy":"post_tag","embeddable":true,"href":"https:\/\/www.europesays.com\/fr\/wp-json\/wp\/v2\/tags?post=369633"}],"curies":[{"name":"wp","href":"https:\/\/api.w.org\/{rel}","templated":true}]}}