{"id":369635,"date":"2025-09-06T02:56:15","date_gmt":"2025-09-06T02:56:15","guid":{"rendered":"https:\/\/www.europesays.com\/fr\/369635\/"},"modified":"2025-09-06T02:56:15","modified_gmt":"2025-09-06T02:56:15","slug":"parmelin-dit-avoir-eu-des-rencontres-constructives-a-washington","status":"publish","type":"post","link":"https:\/\/www.europesays.com\/fr\/369635\/","title":{"rendered":"Parmelin dit avoir eu des \u00ab\u00a0rencontres constructives\u00a0\u00bb \u00e0 Washington"},"content":{"rendered":"<p class=\"lede\">La Suisse a parfaitement entam\u00e9 sa campagne de qualification pour le Mondial 2026. Il n&rsquo;a fallu qu&rsquo;une mi-temps aux joueurs de Murat Yakin pour ais\u00e9ment dominer le Kosovo vendredi \u00e0 B\u00e2le (4-0).<\/p>\n<p>Vingt-trois minutes, c&rsquo;est visiblement tout ce dont l&rsquo;\u00e9quipe de Suisse a besoin pour marquer quatre buts et plier un match. Elle avait d\u00e9j\u00e0 r\u00e9ussi pareil exploit en juin \u00e0 Nashville, pour \u00e9craser les Etats-Unis (4-0). Elle a r\u00e9\u00e9dit\u00e9 la performance trois mois plus tard au Parc Saint-Jacques, cette fois lors d&rsquo;un match capital, la premi\u00e8re des six rencontres qualificatives pour la prochaine Coupe du monde.<\/p>\n<p>Dans le Tennessee, les hommes de Murat Yakin avaient inscrit leurs quatre r\u00e9ussites entre la 13e et la 36e minute (Ndoye, Aebischer, Embolo et Manzambi). Sur les bords du Rhin, ils ont d\u00fb attendre un peu plus longtemps, la 22e minute exactement, pour faire sauter le verrou kosovar.<\/p>\n<p>Akanji et Embolo aff\u00fbt\u00e9s<\/p>\n<p>C&rsquo;est sur un corner bien bott\u00e9 par Ruben Vargas, de retour dans le onze suisse apr\u00e8s avoir manqu\u00e9 la tourn\u00e9e am\u00e9ricaine en raison d&rsquo;une blessure, que Manuel Akanji a ouvert le score de la t\u00eate. Le nouveau d\u00e9fenseur de l&rsquo;Inter a battu au duel Leon Avdullahu, l&rsquo;ancien milieu du FC B\u00e2le qui faisait ses d\u00e9buts pour le Kosovo apr\u00e8s avoir tourn\u00e9 le dos \u00e0 l&rsquo;\u00e9quipe de Suisse.<\/p>\n<p>Quelques instants plus tard, Breel Embolo, bien servi par Dan Ndoye au deuxi\u00e8me poteau, doublait la mise apr\u00e8s un bel encha\u00eenement (25e). Embolo et Akanji, deux joueurs qui n&rsquo;avaient pas encore foul\u00e9 une pelouse cette saison et d\u00fb attendre les derni\u00e8res heures du mercato lundi pour trouver un nouveau club, ont ainsi mis sur orbite une s\u00e9lection helv\u00e9tique tout \u00e0 fait concern\u00e9e par l&rsquo;enjeu.<\/p>\n<p>Rieder et Ndoye \u00e0 la passe<\/p>\n<p>Tr\u00e8s int\u00e9ressant \u00e0 la pointe du trio de milieux align\u00e9 par Yakin (avec Xhaka et Freuler), Fabian Rieder a lui aussi marqu\u00e9 des points. Le nouveau joueur d&rsquo;Augsbourg a \u00e9t\u00e9 \u00e0 l&rsquo;origine du 3-0 de Silvan Widmer (39e), lui-m\u00eame pr\u00e9f\u00e9r\u00e9 au Vaudois Isaac Schmidt au poste de lat\u00e9ral droit et subitement mu\u00e9 en renard des surfaces.<\/p>\n<p>Et donc, vingt-trois minutes apr\u00e8s l&rsquo;ouverture du score, Embolo a clos le festival suisse en transformant une deuxi\u00e8me offrande de Ndoye (45e). Devant son public, le B\u00e2lois, qui a marqu\u00e9 cinq fois lors des quatre derniers matches de l&rsquo;\u00e9quipe de Suisse, a plus que jamais affirm\u00e9 son statut d&rsquo;avant-centre num\u00e9ro 1 du pays.<\/p>\n<p>Slov\u00e9nie et Su\u00e8de dos \u00e0 dos<\/p>\n<p>Alors qu&rsquo;elle avait \u00e9t\u00e9 incapable de battre cette s\u00e9lection kosovare lors de leurs trois premiers duels (trois matches nuls), la Suisse a cette fois \u00e9t\u00e9 \u00e0 la hauteur de son statut de favorite, offrant au passage un deuxi\u00e8me blanchissage cons\u00e9cutif \u00e0 Gregor Kobel. Il s&rsquo;agira d&rsquo;en faire de m\u00eame lundi face \u00e0 la Slov\u00e9nie, qui a arrach\u00e9 le match nul vendredi face \u00e0 la Su\u00e8de (2-2) et devrait offrir une toute autre r\u00e9sistance aux hommes de Murat Yakin.<\/p>\n<p>Cet article a \u00e9t\u00e9 publi\u00e9 automatiquement. Source : ats<\/p>\n","protected":false},"excerpt":{"rendered":"La Suisse a parfaitement entam\u00e9 sa campagne de qualification pour le Mondial 2026. Il n&rsquo;a fallu qu&rsquo;une mi-temps&hellip;\n","protected":false},"author":2,"featured_media":369636,"comment_status":"","ping_status":"","sticky":false,"template":"","format":"standard","meta":{"footnotes":""},"categories":[1586],"tags":[11,1777,674,1779,1011,27,12,25,1778,364],"class_list":{"0":"post-369635","1":"post","2":"type-post","3":"status-publish","4":"format-standard","5":"has-post-thumbnail","7":"category-europe","8":"tag-actualites","9":"tag-eu","10":"tag-europe","11":"tag-european-union","12":"tag-fr","13":"tag-france","14":"tag-news","15":"tag-republique-francaise","16":"tag-ue","17":"tag-union-europeenne"},"share_on_mastodon":{"url":"https:\/\/pubeurope.com\/@fr\/115155106858950189","error":""},"_links":{"self":[{"href":"https:\/\/www.europesays.com\/fr\/wp-json\/wp\/v2\/posts\/369635","targetHints":{"allow":["GET"]}}],"collection":[{"href":"https:\/\/www.europesays.com\/fr\/wp-json\/wp\/v2\/posts"}],"about":[{"href":"https:\/\/www.europesays.com\/fr\/wp-json\/wp\/v2\/types\/post"}],"author":[{"embeddable":true,"href":"https:\/\/www.europesays.com\/fr\/wp-json\/wp\/v2\/users\/2"}],"replies":[{"embeddable":true,"href":"https:\/\/www.europesays.com\/fr\/wp-json\/wp\/v2\/comments?post=369635"}],"version-history":[{"count":0,"href":"https:\/\/www.europesays.com\/fr\/wp-json\/wp\/v2\/posts\/369635\/revisions"}],"wp:featuredmedia":[{"embeddable":true,"href":"https:\/\/www.europesays.com\/fr\/wp-json\/wp\/v2\/media\/369636"}],"wp:attachment":[{"href":"https:\/\/www.europesays.com\/fr\/wp-json\/wp\/v2\/media?parent=369635"}],"wp:term":[{"taxonomy":"category","embeddable":true,"href":"https:\/\/www.europesays.com\/fr\/wp-json\/wp\/v2\/categories?post=369635"},{"taxonomy":"post_tag","embeddable":true,"href":"https:\/\/www.europesays.com\/fr\/wp-json\/wp\/v2\/tags?post=369635"}],"curies":[{"name":"wp","href":"https:\/\/api.w.org\/{rel}","templated":true}]}}