{"id":369639,"date":"2025-09-06T02:58:12","date_gmt":"2025-09-06T02:58:12","guid":{"rendered":"https:\/\/www.europesays.com\/fr\/369639\/"},"modified":"2025-09-06T02:58:12","modified_gmt":"2025-09-06T02:58:12","slug":"lequipe-cycliste-israel-premier-tech-incitee-a-quitter-le-tour-despagne-mediapart","status":"publish","type":"post","link":"https:\/\/www.europesays.com\/fr\/369639\/","title":{"rendered":"L\u2019\u00e9quipe cycliste Isra\u00ebl-Premier Tech incit\u00e9e \u00e0 quitter le Tour d\u2019Espagne &#8211; Mediapart"},"content":{"rendered":"<ol>\n<li><a href=\"https:\/\/news.google.com\/rss\/articles\/CBMiwwFBVV95cUxOck85eDVUZ1Y5bU5Md0tib3JYYms3RWRMNmNzX1RzbHVaQ2lXRVE5ZnJCVWV1dkpXRGs2eWVidl9ScGpYSHhoVjk4YlFGSHF2ckZrSDhkQldqTXFTQVBUWHFoTmlDOUNyVXVNN1NKZFl4bUw1a2hoM0ZGZVN6REFQcEZWazdVbEtZNGJrSWlEUnk5bWVqek9mRFFMUklHWFlsX3VGczZxRzdxNk16ckhqaVh4d0FZSWsyTm0wcGNZWWRZOWc?oc=5\" target=\"_blank\" rel=\"nofollow noopener\">L\u2019\u00e9quipe cycliste Isra\u00ebl-Premier Tech incit\u00e9e \u00e0 quitter le Tour d\u2019Espagne<\/a>&nbsp;&nbsp;Mediapart<\/li>\n<li><a href=\"https:\/\/news.google.com\/rss\/articles\/CBMi2gFBVV95cUxQN1Z5OTNkZnZHdWZEZjVOTmRucWFvQ055WVY1MVc3Ml9ueUFsOWhpSEliMFhFaFJ5d1h3b0hIVDRPVEhtWUlIeElZN0MtbEY3QmtIdWpwZ1NTZW5YQ3haTFpPTTlnOWlXR2JhR0REZGxoR2RIVnpDa2FDOVlzT2VYNUp3Nk1kSlRwY3FSLXIzcHNTSEFiT3FNMkpNMXlXTmtQMXBVRFE4OHFCNU9Ea2tGblU1dzROS21MRVZsTDdEeV9pZnJ3aGdfakd5Zy1sbEEydmM1aWZSS0tYZw?oc=5\" target=\"_blank\" rel=\"nofollow noopener\">Le Tour d\u2019Espagne toujours perturb\u00e9 par des manifestations propalestiniennes<\/a>&nbsp;&nbsp;Le Monde.fr<\/li>\n<li><a href=\"https:\/\/news.google.com\/rss\/articles\/CBMipAJBVV95cUxOM3BOQ0R2YnpXckJZaGJ1dzVFeDlJQkZHZTJFbjMtSlN1eTVCMmRrc3V3dVl5dk5CSlJXTG9KcUMyU0tlS0NtUV8tSzhjNzRROG96VFNjTHR1VDBpaWk0SFdpNjRzNDFjQmtxazYxVDNUYWlMbGsxRjUtLUtHVnE3MUo2R2pnSEdES1NNYm9fSkVMOWRxMEctNUEwOUJBSURyaWpqcUZEVXdYU09DdjRoS0pCUWd5OGtiUG5fOUN0QmdfU3Z2TWt5RGE1TWI3bzZ2eDE0amU4ZmplYjFRYnVYLW8zc2dSMEdFUkswWmNkTFg4NDR0NjVDaE5DSGtfcGVBdEpxcmsxTk5KdXRIRVBWWkdXLVNHTnBwQXhzdFoxQlNmVjdT?oc=5\" target=\"_blank\" rel=\"nofollow noopener\">Et maintenant l&rsquo;affaire d&rsquo;Etat : Netanyahu f\u00e9licite l&rsquo;\u00e9quipe Israel &#8211; Premier Tech d&rsquo;\u00eatre rest\u00e9e<\/a>&nbsp;&nbsp;Eurosport<\/li>\n<li><a href=\"https:\/\/news.google.com\/rss\/articles\/CBMi9gFBVV95cUxOdFNDajNlcVZybEJLUTJhSC03Y08tSk4tRXFUUnJmOHE0RF9hZjJpamJMY204YmVJdnVYWGhKTnNEaVZqQ1BvaUxNWUVaZC1VZWFpdnVaZml4MFpvXzdpQmNsdFpIYTBYQXFSNVpucmxwZlhmempMMmdoU29vd3JyWGhBWllTeHBTbGZPUkNnWkh4c3BicGNua1E5cU53d05IYTNBdzd5QnFBamJUc29Nb2I2NUllQnZLSk8wVXVmYWJ2VW1EQXM4UG02SzNMOTl3RWN3QzVzRVhJU3hPSWU2Z1E0bHZNTnA4ZC1OWU44T3RMVkZKVWc?oc=5\" target=\"_blank\" rel=\"nofollow noopener\">\u00abAmbassadeur autoproclam\u00e9 d&rsquo;Isra\u00ebl\u00bb : qui est vraiment Sylvan Adams, le patron de l&rsquo;\u00e9quipe Isra\u00ebl-PremierTech ?<\/a>&nbsp;&nbsp;L&rsquo;\u00c9quipe<\/li>\n<li><a href=\"https:\/\/news.google.com\/rss\/articles\/CBMi_wFBVV95cUxNcVp4UlVRdlVGck8wMkkyU2NVQjFGQnhCSHBiRHVwcm1FdEhVZXpGM3VYWUpJUWZEYWE3TTlMT2VDUGhmVWF3dW9WdUVNU3dzZFI1SHNCS1FDT2E0dEZ2QktTeVAzN2dUdzlEaDBlTjAtUjY3OFRfOXdJQWpWRkJTM2RCWmJWM0hQdkZTWUZiZXFHUDNNQ0hOWkk5QkxqNTJKMldrY3N4OVc3UDA4alFQc1FzcWN5YjhJOHA4Qk93LXZlUkFvOFJVeklHYVUxWDFrT3A2TzR2NXRLUnZNQVBNTWloWHU2a1NnNEtmZ2hPOGVZODlFc0tPZXlRREtqdFU?oc=5\" target=\"_blank\" rel=\"nofollow noopener\">\u00abUn sentiment propalestinien puissant, port\u00e9 par la gauche radicale\u00bb : comment les routes du Tour d\u2019Espagne se sont enflamm\u00e9es<\/a>&nbsp;&nbsp;Le Figaro<\/li>\n<\/ol>\n","protected":false},"excerpt":{"rendered":"L\u2019\u00e9quipe cycliste Isra\u00ebl-Premier Tech incit\u00e9e \u00e0 quitter le Tour d\u2019Espagne&nbsp;&nbsp;Mediapart Le Tour d\u2019Espagne toujours perturb\u00e9 par des manifestations&hellip;\n","protected":false},"author":2,"featured_media":369640,"comment_status":"","ping_status":"","sticky":false,"template":"","format":"standard","meta":{"footnotes":""},"categories":[2],"tags":[11,207,674,1011,27,665,664,12,25],"class_list":{"0":"post-369639","1":"post","2":"type-post","3":"status-publish","4":"format-standard","5":"has-post-thumbnail","7":"category-actualites","8":"tag-actualites","9":"tag-cyclisme","10":"tag-europe","11":"tag-fr","12":"tag-france","13":"tag-gaza","14":"tag-israel","15":"tag-news","16":"tag-republique-francaise"},"share_on_mastodon":{"url":"https:\/\/pubeurope.com\/@fr\/115155114676590824","error":""},"_links":{"self":[{"href":"https:\/\/www.europesays.com\/fr\/wp-json\/wp\/v2\/posts\/369639","targetHints":{"allow":["GET"]}}],"collection":[{"href":"https:\/\/www.europesays.com\/fr\/wp-json\/wp\/v2\/posts"}],"about":[{"href":"https:\/\/www.europesays.com\/fr\/wp-json\/wp\/v2\/types\/post"}],"author":[{"embeddable":true,"href":"https:\/\/www.europesays.com\/fr\/wp-json\/wp\/v2\/users\/2"}],"replies":[{"embeddable":true,"href":"https:\/\/www.europesays.com\/fr\/wp-json\/wp\/v2\/comments?post=369639"}],"version-history":[{"count":0,"href":"https:\/\/www.europesays.com\/fr\/wp-json\/wp\/v2\/posts\/369639\/revisions"}],"wp:featuredmedia":[{"embeddable":true,"href":"https:\/\/www.europesays.com\/fr\/wp-json\/wp\/v2\/media\/369640"}],"wp:attachment":[{"href":"https:\/\/www.europesays.com\/fr\/wp-json\/wp\/v2\/media?parent=369639"}],"wp:term":[{"taxonomy":"category","embeddable":true,"href":"https:\/\/www.europesays.com\/fr\/wp-json\/wp\/v2\/categories?post=369639"},{"taxonomy":"post_tag","embeddable":true,"href":"https:\/\/www.europesays.com\/fr\/wp-json\/wp\/v2\/tags?post=369639"}],"curies":[{"name":"wp","href":"https:\/\/api.w.org\/{rel}","templated":true}]}}