{"id":369655,"date":"2025-09-06T03:08:11","date_gmt":"2025-09-06T03:08:11","guid":{"rendered":"https:\/\/www.europesays.com\/fr\/369655\/"},"modified":"2025-09-06T03:08:11","modified_gmt":"2025-09-06T03:08:11","slug":"psg-loperation-michael-olise-vient-bientot-commencer","status":"publish","type":"post","link":"https:\/\/www.europesays.com\/fr\/369655\/","title":{"rendered":"PSG\u00a0: L\u2019op\u00e9ration Michael Olise vient bient\u00f4t commencer\u2026"},"content":{"rendered":"<p><strong>Le PSG a craqu\u00e9 pour le profil du Fran\u00e7ais Michael Olise. Totalement compatible avec le projet du duo Campos\/Henrique, la nouvelle star tricolore sera une cible prioritaire pour 2026.<\/strong><\/p>\n<p>\t<img decoding=\"async\" alt=\"Michael Olise\" src=\"https:\/\/www.europesays.com\/fr\/wp-content\/uploads\/2025\/09\/michael-olise-Depositphotos_796409822_L.jpg\"\/><\/p>\n<p>Michael Olise, Cr\u00e9dit photo : Depositphotos \/ @ vitaliivitleo<\/p>\n<p data=\"intro\">Achet\u00e9 53 millions d\u2019euros par le Bayern Munich \u00e0 l\u2019\u00e9t\u00e9 2024 Michael Olise r\u00e9pond parfaitement aux attentes. Et apr\u00e8s \u00eatre devenu un ph\u00e9nom\u00e8ne de Bundesliga, l\u2019ailier de 23 ans s\u2019est naturellement ouvert les portes d\u2019une \u00e9quipe de France dans laquelle il devient tout autant incontournable. Un profil qui pla\u00eet tout particuli\u00e8rement au PSG de Luis Enrique et Luis Campos.<\/p>\n<p>Olise, la nouvelle envie du PSG<\/p>\n<p>Positionn\u00e9 sur le c\u00f4t\u00e9 droit, Michael Olise excelle avec ce pied gauche signature qui fait chavirer le PSG. Luis Enrique, comme Luis Campos, l\u2019imagine parfaitement dans le syst\u00e8me parisien pour les ann\u00e9es \u00e0 venir. Apr\u00e8s avoir mis\u00e9 tr\u00e8s justement sur Kvara, Paris aimerait pouvoir compter sur Olise et ainsi avoir une armada offensive exceptionnelle si l\u2019on ajoute Dembele et Barcola, Dou\u00e9 \u00e9tant appel\u00e9 \u00e0 jouer un r\u00f4le plus axial d\u00e9sormais.<\/p>\n<p><\/p>\n<p>Plus de 100 M\u20ac<\/p>\n<p>Du c\u00f4t\u00e9 du PSG, on r\u00e9fl\u00e9chit d\u00e9sormais \u00e0 la meilleure option pour attaquer le Bayern Munich. Estim\u00e9 \u00e0 100 millions d\u2019euros, Michael Olise ne partira jamais \u00e0 moins que la barre mythique des plus grosses valeurs du march\u00e9. Apr\u00e8s avoir fortement \u00e9conomis\u00e9 sur la masse salariale du club, et bien vendu cet \u00e9t\u00e9, Luis Campos aura une belle marge de man\u0153uvre en 2026. Et si Senny Mayulu suit la m\u00eame trajectoire de D\u00e9sir\u00e9 Dou\u00e9, Paris aura peut-\u00eatre la possibilit\u00e9 d\u2019envisager un \u00e9change. Au Bayern Munich, on appr\u00e9cie beaucoup Bradley Barcola\u2026<\/p>\n<p style=\"width:100%;text-align:center;  background-color: #003B6F; padding:5px; border-radius: 10px;color:white;font-size: 20px;\"><a href=\"#graphcomment\" style=\"color:white;\">Voir les commentaires<\/a><\/p>\n<p><\/p>\n<p>\t\t\t\t&#13;<br \/>\n\t\t\t\t\t&#13;<\/p>\n","protected":false},"excerpt":{"rendered":"Le PSG a craqu\u00e9 pour le profil du Fran\u00e7ais Michael Olise. Totalement compatible avec le projet du duo&hellip;\n","protected":false},"author":2,"featured_media":369656,"comment_status":"","ping_status":"","sticky":false,"template":"","format":"standard","meta":{"footnotes":""},"categories":[1410],"tags":[63,1011,27,60],"class_list":{"0":"post-369655","1":"post","2":"type-post","3":"status-publish","4":"format-standard","5":"has-post-thumbnail","7":"category-football","8":"tag-football","9":"tag-fr","10":"tag-france","11":"tag-sports"},"share_on_mastodon":{"url":"https:\/\/pubeurope.com\/@fr\/115155154587976025","error":""},"_links":{"self":[{"href":"https:\/\/www.europesays.com\/fr\/wp-json\/wp\/v2\/posts\/369655","targetHints":{"allow":["GET"]}}],"collection":[{"href":"https:\/\/www.europesays.com\/fr\/wp-json\/wp\/v2\/posts"}],"about":[{"href":"https:\/\/www.europesays.com\/fr\/wp-json\/wp\/v2\/types\/post"}],"author":[{"embeddable":true,"href":"https:\/\/www.europesays.com\/fr\/wp-json\/wp\/v2\/users\/2"}],"replies":[{"embeddable":true,"href":"https:\/\/www.europesays.com\/fr\/wp-json\/wp\/v2\/comments?post=369655"}],"version-history":[{"count":0,"href":"https:\/\/www.europesays.com\/fr\/wp-json\/wp\/v2\/posts\/369655\/revisions"}],"wp:featuredmedia":[{"embeddable":true,"href":"https:\/\/www.europesays.com\/fr\/wp-json\/wp\/v2\/media\/369656"}],"wp:attachment":[{"href":"https:\/\/www.europesays.com\/fr\/wp-json\/wp\/v2\/media?parent=369655"}],"wp:term":[{"taxonomy":"category","embeddable":true,"href":"https:\/\/www.europesays.com\/fr\/wp-json\/wp\/v2\/categories?post=369655"},{"taxonomy":"post_tag","embeddable":true,"href":"https:\/\/www.europesays.com\/fr\/wp-json\/wp\/v2\/tags?post=369655"}],"curies":[{"name":"wp","href":"https:\/\/api.w.org\/{rel}","templated":true}]}}